{"id":162911,"date":"2025-10-08T13:24:07","date_gmt":"2025-10-08T13:24:07","guid":{"rendered":"https:\/\/www.europesays.com\/es\/162911\/"},"modified":"2025-10-08T13:24:07","modified_gmt":"2025-10-08T13:24:07","slug":"salva-de-diego-ultima-expulsada-de-ot-2025-y-como-le-afectan-los-comentarios-machistas-recibidos-me-siento","status":"publish","type":"post","link":"https:\/\/www.europesays.com\/es\/162911\/","title":{"rendered":"Salva de Diego, \u00faltima expulsada de &#8216;OT 2025&#8217;, y c\u00f3mo le afectan los comentarios \u00abmachistas\u00bb recibidos: \u00abMe siento&#8230;\u00bb"},"content":{"rendered":"<p class=\"c-paragraph\"><a href=\"https:\/\/www.20minutos.es\/tags\/instituciones-empresas\/operacion-triunfo.html\" title=\"Operaci\u00f3n Triunfo\" rel=\"nofollow noopener\" target=\"_blank\">Operaci\u00f3n Triunfo<\/a> 2025\u00a0celebr\u00f3 este lunes su Gala 3, en la que se despidi\u00f3 a la segunda concursante de la edici\u00f3n, <b>Salma de Diego<\/b>, y se dieron a conocer los <b>nuevos nominados: Laura y Carlos<\/b>.<\/p>\n<p class=\"c-paragraph\">Despu\u00e9s de arrancar con el tema grupal\u00a0Ser\u00e1 porque te amo, de Ricchi e Poveri, los nominados tuvieron su \u00faltima oportunidad para impresionar a la audiencia: Max cant\u00f3\u00a0Tu refugio, de Pablo Albor\u00e1n mientras que Salma de Diego interpret\u00f3\u00a0Lo saben mis zapatos, de Pablo L\u00f3pez.<\/p>\n<p class=\"c-paragraph\">Pese a la gran interpretaci\u00f3n -los profesiones en el repaso de gala llegaron a decir que <b>se fue \u00abpor la puerta grande\u00bb<\/b>-, la alicantina<b> termin\u00f3 siendo la expulsada<\/b>.<\/p>\n<p class=\"c-paragraph\">En una ronda preguntas ante los medios, entre los que se encontraba <b>20minutos<\/b>, la triunfita plant\u00f3 cara a los comentarios hirientes que est\u00e1 recibiendo. \u00ab<b>La mayor\u00eda de comentarios negativos que he visto hacia m\u00ed han sido machistas<\/b>\u00ab, opina Salma a la pregunta de este medio.<\/p>\n<p class=\"c-paragraph\">\u00abMe entran por un o\u00eddo y me salen por otro. Es que yo me siento tan por encima de eso&#8230; Y <b>lo estuve hablando en terapia antes de entrar aqu\u00ed, que el comentario que menos me va a molestar es uno machista<\/b>\u00ab, se\u00f1ala tajante.<\/p>\n","protected":false},"excerpt":{"rendered":"Operaci\u00f3n Triunfo 2025\u00a0celebr\u00f3 este lunes su Gala 3, en la que se despidi\u00f3 a la segunda concursante de&hellip;\n","protected":false},"author":2,"featured_media":162912,"comment_status":"","ping_status":"","sticky":false,"template":"","format":"standard","meta":{"footnotes":""},"categories":[171],"tags":[15477,146,147,25,24,43621,221,10439,23,214,1885],"class_list":{"0":"post-162911","1":"post","2":"type-post","3":"status-publish","4":"format-standard","5":"has-post-thumbnail","7":"category-tv","8":"tag-diego","9":"tag-entertainment","10":"tag-entretenimiento","11":"tag-es","12":"tag-espana","13":"tag-expulsada","14":"tag-ot","15":"tag-salva","16":"tag-spain","17":"tag-tv","18":"tag-ultima"},"share_on_mastodon":{"url":"","error":""},"_links":{"self":[{"href":"https:\/\/www.europesays.com\/es\/wp-json\/wp\/v2\/posts\/162911","targetHints":{"allow":["GET"]}}],"collection":[{"href":"https:\/\/www.europesays.com\/es\/wp-json\/wp\/v2\/posts"}],"about":[{"href":"https:\/\/www.europesays.com\/es\/wp-json\/wp\/v2\/types\/post"}],"author":[{"embeddable":true,"href":"https:\/\/www.europesays.com\/es\/wp-json\/wp\/v2\/users\/2"}],"replies":[{"embeddable":true,"href":"https:\/\/www.europesays.com\/es\/wp-json\/wp\/v2\/comments?post=162911"}],"version-history":[{"count":0,"href":"https:\/\/www.europesays.com\/es\/wp-json\/wp\/v2\/posts\/162911\/revisions"}],"wp:featuredmedia":[{"embeddable":true,"href":"https:\/\/www.europesays.com\/es\/wp-json\/wp\/v2\/media\/162912"}],"wp:attachment":[{"href":"https:\/\/www.europesays.com\/es\/wp-json\/wp\/v2\/media?parent=162911"}],"wp:term":[{"taxonomy":"category","embeddable":true,"href":"https:\/\/www.europesays.com\/es\/wp-json\/wp\/v2\/categories?post=162911"},{"taxonomy":"post_tag","embeddable":true,"href":"https:\/\/www.europesays.com\/es\/wp-json\/wp\/v2\/tags?post=162911"}],"curies":[{"name":"wp","href":"https:\/\/api.w.org\/{rel}","templated":true}]}}