{"id":162924,"date":"2025-10-08T13:32:08","date_gmt":"2025-10-08T13:32:08","guid":{"rendered":"https:\/\/www.europesays.com\/es\/162924\/"},"modified":"2025-10-08T13:32:08","modified_gmt":"2025-10-08T13:32:08","slug":"rusia-da-por-agotado-el-impulso-hacia-la-paz-en-ucrania-alcanzado-por-putin-y-trump-en-alaska","status":"publish","type":"post","link":"https:\/\/www.europesays.com\/es\/162924\/","title":{"rendered":"Rusia da por \u00abagotado\u00bb el impulso hacia la paz en Ucrania alcanzado por Putin y Trump en Alaska"},"content":{"rendered":"<p class=\"c-paragraph\">Rusia dio este mi\u00e9rcoles por agotado el \u00abfuerte impulso\u00bb que fue alcanzado por Vladimir Putin y Donald Trump para poner fin a la guerra de Ucrania.\u00a0\u00abLamentablemente, debemos constatar que <b>el fuerte impulso generado en Anchorage<\/b> a favor de negociaciones se ha agotado\u00bb, dijo el viceministro de Exteriores ruso, Sergu\u00e9i Riabkov, en referencia a la cumbre que mantuvieron Putin y Trump el pasado agosto en Alaska.<\/p>\n<p class=\"c-paragraph\">Seg\u00fan el diplom\u00e1tico ruso, la culpa de que las negociaciones de paz hayan descarrilado se debe, en gran medida, en los esfuerzos \u00abdestructivos\u00bb de determinados pol\u00edticos europeos. Asimismo, Riabkov volvi\u00f3 a advertir a Estados Unidos <b>contra el env\u00edo de misiles de crucero Tomahawk<\/b> a Ucrania y confi\u00f3 en que Washington comprenda las \u00abgraves consecuencias\u00bb que acarrear\u00e1 ese paso.\u00a0<\/p>\n<p class=\"c-paragraph\">Respecto a la propuesta de Putin para prorrogar durante un a\u00f1o el \u00faltimo <b>tratado de desarme nuclear<\/b> entre Rusia y EEUU (el START III), que vence el 5 de febrero de 2026, Riabkov indic\u00f3 que Mosc\u00fa a\u00fan no ha recibido una repuesta formal de Washington al respecto.\u00a0<\/p>\n<p class=\"c-paragraph\">En todo caso, Riabkov\u00a0ha considerado que no existen condiciones para mantener <b>el tratado de reconversi\u00f3n de plutonio<\/b> firmado en 2000 con Estados Unidos: \u00abEn la situaci\u00f3n actual, de modo natural se plantea al fin del proceso de cooperaci\u00f3n con los estadounidenses en el marco de este acuerdo, incluso desde el punto de vista formal\u00bb.<\/p>\n<p class=\"c-paragraph\">Riabkov abog\u00f3 por poner fin a los compromisos que atan a Rusia a este tratado al se\u00f1alar que es \u00abinaceptable e inapropiado desde cualquier punto de vista\u00bb.\u00a0El tratado firmado hace casi un cuarto de siglo compromet\u00eda a los dos pa\u00edses a<b> reconvertir 34 toneladas de plutonio militar <\/b>empleado en la fabricaci\u00f3n de bombas at\u00f3micas en combustible de uso pac\u00edfico MOX, una mezcla de \u00f3xido de uranio y \u00f3xido de plutonio.\u00a0<\/p>\n<p class=\"c-paragraph\">La denuncia de este tratado ser\u00eda <b>otro rev\u00e9s para la cooperaci\u00f3n en materia de desarme <\/b>tras el abandono por parte de Rusia y EEUU del tratado INF sobre misiles de corto y medio alcance, el tratado Antimisiles y el de Cielos Abiertos.<\/p>\n<p>5.000 km\u00b2 conquistados en 2025<\/p>\n<p class=\"c-paragraph\">Vladimir Putin ha asegurado, por otra parte, que las tropas rusas han tomado este a\u00f1o \u00abcerca de 5.000 kil\u00f3metros cuadrados de territorio\u00bb en Ucrania. \u00abEn estos momentos, la iniciativa estrat\u00e9gica <b>est\u00e1 totalmente en manos de las Fuerzas Armadas rusas\u00bb<\/b>, ha dicho, antes de resaltar que las tropas de Rusia se han hecho con 212 \u00abzonas pobladas\u00bb en lo que va de a\u00f1o.\u00a0<\/p>\n<p class=\"c-paragraph\">Asimismo, ha ensalzado la labor del ej\u00e9rcito de Rusia en el marco de la invasi\u00f3n de Ucrania y ha destacado el \u00abpapel crucial que juega <b>la industria de defensa <\/b>a la hora de garantizar las operaciones exitosas\u00bb de las tropas rusas. \u00abLas empresas de la industria de la defensa satisfacen totalmente las necesidades de las Fuerzas Armadas rusas a la hora de contar con armas de alta precisi\u00f3n\u00bb, ha zanjado.<\/p>\n","protected":false},"excerpt":{"rendered":"Rusia dio este mi\u00e9rcoles por agotado el \u00abfuerte impulso\u00bb que fue alcanzado por Vladimir Putin y Donald Trump&hellip;\n","protected":false},"author":2,"featured_media":162925,"comment_status":"","ping_status":"","sticky":false,"template":"","format":"standard","meta":{"footnotes":""},"categories":[42],"tags":[17,18,115,13,14,69,11,61,62,63,64,19,20,48222,9,10,15,16,10981,1614,12,7081,21,22,65,66,67],"class_list":{"0":"post-162924","1":"post","2":"type-post","3":"status-publish","4":"format-standard","5":"has-post-thumbnail","7":"category-internacional","8":"tag-breaking-news","9":"tag-breakingnews","10":"tag-eeuu","11":"tag-featured-news","12":"tag-featurednews","13":"tag-guerra","14":"tag-headlines","15":"tag-internacional","16":"tag-international","17":"tag-international-news","18":"tag-internationalnews","19":"tag-latest-news","20":"tag-latestnews","21":"tag-negociaciones-de-paz","22":"tag-news","23":"tag-noticias","24":"tag-noticias-destacadas","25":"tag-noticiasdestacadas","26":"tag-putin","27":"tag-rusia","28":"tag-titulares","29":"tag-ucrania","30":"tag-ultimas-noticias","31":"tag-ultimasnoticias","32":"tag-world","33":"tag-world-news","34":"tag-worldnews"},"share_on_mastodon":{"url":"","error":""},"_links":{"self":[{"href":"https:\/\/www.europesays.com\/es\/wp-json\/wp\/v2\/posts\/162924","targetHints":{"allow":["GET"]}}],"collection":[{"href":"https:\/\/www.europesays.com\/es\/wp-json\/wp\/v2\/posts"}],"about":[{"href":"https:\/\/www.europesays.com\/es\/wp-json\/wp\/v2\/types\/post"}],"author":[{"embeddable":true,"href":"https:\/\/www.europesays.com\/es\/wp-json\/wp\/v2\/users\/2"}],"replies":[{"embeddable":true,"href":"https:\/\/www.europesays.com\/es\/wp-json\/wp\/v2\/comments?post=162924"}],"version-history":[{"count":0,"href":"https:\/\/www.europesays.com\/es\/wp-json\/wp\/v2\/posts\/162924\/revisions"}],"wp:featuredmedia":[{"embeddable":true,"href":"https:\/\/www.europesays.com\/es\/wp-json\/wp\/v2\/media\/162925"}],"wp:attachment":[{"href":"https:\/\/www.europesays.com\/es\/wp-json\/wp\/v2\/media?parent=162924"}],"wp:term":[{"taxonomy":"category","embeddable":true,"href":"https:\/\/www.europesays.com\/es\/wp-json\/wp\/v2\/categories?post=162924"},{"taxonomy":"post_tag","embeddable":true,"href":"https:\/\/www.europesays.com\/es\/wp-json\/wp\/v2\/tags?post=162924"}],"curies":[{"name":"wp","href":"https:\/\/api.w.org\/{rel}","templated":true}]}}