{"id":162942,"date":"2025-10-08T13:44:10","date_gmt":"2025-10-08T13:44:10","guid":{"rendered":"https:\/\/www.europesays.com\/es\/162942\/"},"modified":"2025-10-08T13:44:10","modified_gmt":"2025-10-08T13:44:10","slug":"el-principe-simeon-de-bulgaria-debuta-en-publico-a-los-18-anos-para-recoger-un-premio-a-su-padre","status":"publish","type":"post","link":"https:\/\/www.europesays.com\/es\/162942\/","title":{"rendered":"El pr\u00edncipe Sime\u00f3n de Bulgaria debuta en p\u00fablico a los 18 a\u00f1os para recoger un premio a su padre"},"content":{"rendered":"<p id=\"eeUPcK5-Pt\" data-wc=\"60\">Muchos rostros conocidos se dieron cita este martes en el Auditorio Rafael del Pino de Madrid para participar en la gala de la segunda edici\u00f3n de <strong>los Premios Influencia hispana<\/strong>, que distingue el talento y la proyecci\u00f3n de la cultura hispana en \u00e1mbitos tan diferentes como el deporte, las artes, el espect\u00e1culo, la econom\u00eda, la innovaci\u00f3n o el emprendimiento empresarial.\u00a0<\/p>\n<p> <img src=\"https:\/\/www.europesays.com\/es\/wp-content\/uploads\/2025\/10\/98f28639a320-dlu592663071.jpg\"   width=\"682\" height=\"1024\" loading=\"lazy\" decoding=\"async\" alt=\"El pr\u00edncipe Sime\u00f3n de Bulgaria en los premios Influencia Hispania \" fetchpriority=\"auto\" class=\"image ho-image\"\/>\u00a9 GTRES<\/p>\n<p id=\"ee4vpcRkl3\" data-wc=\"33\">Uno de los momentos m\u00e1s emotivos de la velada fue la entrega, a t\u00edtulo p\u00f3stumo, del Premio Honor\u00edfico Influencia Hispana al escritor y premio <strong>Nobel Mario Vargas Llosa, que recogi\u00f3 su nieta Ariadna.\u00a0<\/strong><\/p>\n<p> <img src=\"https:\/\/www.europesays.com\/es\/wp-content\/uploads\/2025\/10\/b3c6d6e610bf-dlu592663072.jpg\"   width=\"682\" height=\"1024\" loading=\"lazy\" decoding=\"async\" alt=\"El pr\u00edncipe Sime\u00f3n de Bulgaria \" fetchpriority=\"auto\" class=\"image ho-image\"\/>\u00a9 GTRES<\/p>\n<p id=\"emNrW61uQV\" data-wc=\"91\">Tambi\u00e9n se vio debutar al <strong>pr\u00edncipe Sime\u00f3n de Bulgaria,<\/strong> quien recogi\u00f3 un galard\u00f3n en nombre de su padre, el aventurero y expedicionario Kit\u00edn Mu\u00f1oz, por su contribuci\u00f3n a la ciencia. A sus 18 a\u00f1os, el hijo de Kalina de Bulgaria pos\u00f3 en el photocall\u00a0con traje de chaqueta, corbata y botas de monta\u00f1a, <a class=\"hm-link ho-link\" href=\"https:\/\/www.hola.com\/realeza\/20250912855482\/simeon-de-bulgaria-militar-boina-verde-campamento-don-pelayo\/\" data-mrf-recirculation=\"article-body-link\" rel=\"nofollow noopener\" target=\"_blank\">despu\u00e9s de haber pasado su verano m\u00e1s extremo con los Boinas Verdes en el campamento militar Don Pelayo<\/a>, situado en Orea (Guadalajara). Despu\u00e9s, le esperaba irse a China para ingresar en el Monasterio de Shaolin con los monjes.\u00a0<\/p>\n<p> <img src=\"https:\/\/www.europesays.com\/es\/wp-content\/uploads\/2025\/10\/5681911b9dd3-dlu592663073.jpg\"   width=\"682\" height=\"1024\" loading=\"lazy\" decoding=\"async\" alt=\"El pr\u00edncipe Sime\u00f3n de Bulgaria en los premios Influencia Hispania \" fetchpriority=\"auto\" class=\"image ho-image\"\/>\u00a9 GTRES<\/p>\n<p id=\"eEjlG0bqat\" data-wc=\"54\">Sime\u00f3n no estuvo solo, estuvo arropado por su t\u00edo, Konstantin de Bulgaria, quien dijo de su cu\u00f1ado que <strong>\u00absiempre ha sido muy embajador de Espa\u00f1a en todo. Es tremendamente patriota<\/strong>\u00bb y destac\u00f3 que es el aventurero de la familia. Sobre su sobrino dijo que estar\u00eda nervioso, \u00abtiene 18 a\u00f1os, c\u00f3mo no va a estarlo\u00bb.\u00a0<\/p>\n<p> <img src=\"https:\/\/www.europesays.com\/es\/wp-content\/uploads\/2025\/10\/dba7cd7bc099-dlu592663002.jpg\"   width=\"682\" height=\"1024\" loading=\"lazy\" decoding=\"async\" alt=\"Konstantin de Bulgaria en los Premios Influencia Hispania \" fetchpriority=\"auto\" class=\"image ho-image\"\/>\u00a9 GTRES<\/p>\n<p id=\"emwG2tMH8C\" data-wc=\"177\">Tras recoger el galard\u00f3n, Sime\u00f3n pronunci\u00f3 un discurso que su padre escribi\u00f3 para el acto. \u00abLlevo toda mi vida dedicado a hacer expediciones con ind\u00edgenas originarios, especialmente en Am\u00e9rica del Sur y en Polinesia, donde he pasado muchos a\u00f1os conviviendo con aymaras del lago Titicaca y Rapanui de la isla de Pascua, con los que sigo colaborando hasta hoy preparando una nueva expedici\u00f3n. La lengua espa\u00f1ola que hablamos entre nosotros nos une. \u00a0E<strong>n Hispanoam\u00e9rica se hablan 560 lenguas ind\u00edgenas, 19 pa\u00edses que comparten con naturalidad el espa\u00f1ol como idioma oficial.<\/strong> Un total de 400 millones de hispanohablantes, un gran ejemplo en buen uso de convivencia de las lenguas. \u00bfY por qu\u00e9 el espa\u00f1ol es la lengua com\u00fan de la humanidad?<strong>\u00a0Espa\u00f1a es la naci\u00f3n que cuenta con el honor de haber descubierto Am\u00e9rica\u00a0<\/strong>y la que protagoniz\u00f3 la mayor exploraci\u00f3n del mundo, que transform\u00f3 para siempre la historia de la humanidad (&#8230;) Espa\u00f1a cuenta con el honor de ser la naci\u00f3n madre del mestizaje. El primer mestizo fue americano, nacido en Am\u00e9rica, un a\u00f1o despu\u00e9s del descubrimiento\u00bb.\u00a0<\/p>\n<p> <img src=\"https:\/\/www.europesays.com\/es\/wp-content\/uploads\/2025\/10\/f8f1406e265e-dlu592663077.jpg\"   width=\"1024\" height=\"682\" loading=\"lazy\" decoding=\"async\" alt=\"Sime\u00f3n de Bulgaria, en primer plano, sentado delante de su t\u00edo, el pr\u00edncipe Konstantin\" fetchpriority=\"auto\" class=\"image ho-image\"\/>\u00a9 GTRES<\/p>\n<p> <img src=\"https:\/\/www.europesays.com\/es\/wp-content\/uploads\/2025\/10\/5c659b02fe3d-dlu592663054.jpg\"   width=\"682\" height=\"1024\" loading=\"lazy\" decoding=\"async\" alt=\"Alessandra de Osma en los Premios Influencia Hispania en Madrid \" fetchpriority=\"auto\" class=\"image ho-image\"\/>\u00a9 GTRES<\/p>\n<p id=\"e7Tj11g3Ot\" data-wc=\"148\">Entre el resto de premiados tambi\u00e9n se encontraban el dise\u00f1ador<strong>\u00a0Custo Dalmau,<\/strong> por su labor en el mundo de la moda. <strong>\u00a0Juan Mag\u00e1n<\/strong>, en m\u00fasica; <strong>Jos\u00e9 Merc\u00e9<\/strong>, por su aportaci\u00f3n a la cultura, y en cine, el actor argentino <strong>\u00d3scar Mart\u00ednez<\/strong>.<strong>\u00a0Eduardo G\u00f3mez Mart\u00edn,\u00a0<\/strong>presidente de Universidad ESIC, recogi\u00f3 el premio a la Innovaci\u00f3n, mientras que Pelayo de la Mata, fue reconocido por su trayectoria empresarial. Tambi\u00e9n recibi\u00f3 su homenaje el arte de <strong>Joaqu\u00edn Cort\u00e9s<\/strong>; la excelencia gastron\u00f3mica del chef<strong>\u00a0Gast\u00f3n Acurio<\/strong>; la dedicaci\u00f3n al deporte de <strong>Vicente del Bosque<\/strong>, as\u00ed como la labor comunicativa y acad\u00e9mica de la historiadora y escritora <strong>Mar\u00eda Jos\u00e9 Rubio.\u00a0<\/strong>Adem\u00e1s, el exseleccionador nacional de baloncesto <strong>Sergio Scariolo<\/strong> fue nombrado Embajador de la Influencia Hispana. Asimismo, se ha destacado a<strong>\u00a0Lilian Tintori\u00a0<\/strong>por su defensa de la libertad, y a la primera dama de Ecuador, <strong>Lavinia Valbonesi,<\/strong> por su compromiso con la solidaridad.\u00a0<\/p>\n<p> <img src=\"https:\/\/www.europesays.com\/es\/wp-content\/uploads\/2025\/10\/01a6cb3a54db-dlu592663046.jpg\"   width=\"682\" height=\"1024\" loading=\"lazy\" decoding=\"async\" alt=\"https:\/\/www.hola.com\/realeza\/20250912855482\/simeon-de-bulgaria-militar-boina-verde-campamento-don-pelayo\/\" fetchpriority=\"auto\" class=\"image ho-image\"\/>\u00a9 GTRES<\/p>\n<p id=\"e7N_ZiHVHA\" data-wc=\"29\">En la velada tambi\u00e9n estuvieron invitados como\u00a0<strong>Nuria March<\/strong>, <strong>Christian de Hannover y su mujer, Alessandra de Osma,\u00a0<\/strong>el expresentador <strong>Jes\u00fas \u00c1lvarez, Richy Castellanos o Juli\u00e1n Porras, entre otros.\u00a0<\/strong><\/p>\n","protected":false},"excerpt":{"rendered":"Muchos rostros conocidos se dieron cita este martes en el Auditorio Rafael del Pino de Madrid para participar&hellip;\n","protected":false},"author":2,"featured_media":162943,"comment_status":"","ping_status":"","sticky":false,"template":"","format":"standard","meta":{"footnotes":""},"categories":[174],"tags":[255,146,147,25,24,256,1027,33352,23],"class_list":{"0":"post-162942","1":"post","2":"type-post","3":"status-publish","4":"format-standard","5":"has-post-thumbnail","7":"category-famosos","8":"tag-celebrities","9":"tag-entertainment","10":"tag-entretenimiento","11":"tag-es","12":"tag-espana","13":"tag-famosos","14":"tag-realeza","15":"tag-simeon-de-bulgaria","16":"tag-spain"},"share_on_mastodon":{"url":"","error":""},"_links":{"self":[{"href":"https:\/\/www.europesays.com\/es\/wp-json\/wp\/v2\/posts\/162942","targetHints":{"allow":["GET"]}}],"collection":[{"href":"https:\/\/www.europesays.com\/es\/wp-json\/wp\/v2\/posts"}],"about":[{"href":"https:\/\/www.europesays.com\/es\/wp-json\/wp\/v2\/types\/post"}],"author":[{"embeddable":true,"href":"https:\/\/www.europesays.com\/es\/wp-json\/wp\/v2\/users\/2"}],"replies":[{"embeddable":true,"href":"https:\/\/www.europesays.com\/es\/wp-json\/wp\/v2\/comments?post=162942"}],"version-history":[{"count":0,"href":"https:\/\/www.europesays.com\/es\/wp-json\/wp\/v2\/posts\/162942\/revisions"}],"wp:featuredmedia":[{"embeddable":true,"href":"https:\/\/www.europesays.com\/es\/wp-json\/wp\/v2\/media\/162943"}],"wp:attachment":[{"href":"https:\/\/www.europesays.com\/es\/wp-json\/wp\/v2\/media?parent=162942"}],"wp:term":[{"taxonomy":"category","embeddable":true,"href":"https:\/\/www.europesays.com\/es\/wp-json\/wp\/v2\/categories?post=162942"},{"taxonomy":"post_tag","embeddable":true,"href":"https:\/\/www.europesays.com\/es\/wp-json\/wp\/v2\/tags?post=162942"}],"curies":[{"name":"wp","href":"https:\/\/api.w.org\/{rel}","templated":true}]}}