{"id":162954,"date":"2025-10-08T13:50:09","date_gmt":"2025-10-08T13:50:09","guid":{"rendered":"https:\/\/www.europesays.com\/es\/162954\/"},"modified":"2025-10-08T13:50:09","modified_gmt":"2025-10-08T13:50:09","slug":"cristiano-ronaldo-quiere-seguir-jugando-unos-anos-mas-pero-no-muchos","status":"publish","type":"post","link":"https:\/\/www.europesays.com\/es\/162954\/","title":{"rendered":"Cristiano Ronaldo quiere \u00abseguir jugando unos a\u00f1os m\u00e1s pero no muchos\u00bb"},"content":{"rendered":"<p><strong><a href=\"https:\/\/espndeportes.espn.com\/futbol\/jugador\/_\/id\/22774\/cristiano-ronaldo\" target=\"_blank\" rel=\"nofollow noopener\">Cristiano Ronaldo<\/a> \u00abquiere seguir jugando unos a\u00f1os m\u00e1s\u00bb, pero \u00abno muchos\u00bb<\/strong>, anunci\u00f3 el futbolista luso al recibir un trofeo en <strong>una gala organizada por la Federaci\u00f3n Portuguesa de F\u00fatbol (FPF)<\/strong>.<\/p>\n<p><img class=\" lazyload lazyload\" data-image-container=\".inline-photo\" height=\"320\" width=\"570\"\/>Cristiano Ronaldo celebra con el Al Nassr, su actual club.\u00a0Yasser Bakhsh\/Getty Images<\/p>\n<p>El futbolista del <a href=\"https:\/\/espndeportes.espn.com\/futbol\/equipo\/_\/id\/817\/al-nassr\" target=\"_blank\" rel=\"nofollow noopener\"><strong>Al Nassr<\/strong><\/a> fue galardonado con <strong>el &#8216;Globo Prestigio&#8217; en los \u00abPortugal Football Globes\u00bb de la FPF<\/strong> y en su discurso abord\u00f3 su futuro al afirmar que, tanto el trofeo como la longevidad de su carrera, son \u00abmotivo de gran orgullo\u00bb.<\/p>\n<p>Selecciones Editoriales<\/p>\n<ul>\n<li><a name=\"&amp;lpos=story:editorspicks:inline:1\" href=\"https:\/\/espndeportes.espn.com\/futbol\/nota\/_\/id\/15737511\/cristiano-ronaldo-goles-todos-carrera-al-nassr-real-madrid-united\" class=\"img-link\" rel=\"nofollow noopener\" target=\"_blank\"><img loading=\"lazy\" decoding=\"async\" src=\"https:\/\/www.europesays.com\/es\/wp-content\/uploads\/2025\/10\/r1552046_2_1296x1296_1-1.jpg&#038;w=130&#038;h=130&#038;scale=crop&#038;location=center.jpeg\" width=\"65\" height=\"65\"\/><\/a><\/li>\n<li><a name=\"&amp;lpos=story:editorspicks:inline:2\" href=\"https:\/\/espndeportes.espn.com\/futbol\/nota\/_\/id\/13362957\/listado-goleadores-historicos-futbol-mundial-cristiano-messi\" class=\"img-link\" rel=\"nofollow noopener\" target=\"_blank\"><img loading=\"lazy\" decoding=\"async\" src=\"https:\/\/www.europesays.com\/es\/wp-content\/uploads\/2025\/10\/r1281393_720x720_1-1.jpg&#038;w=130&#038;h=130&#038;scale=crop&#038;location=center.jpeg\" width=\"65\" height=\"65\"\/><\/a><\/li>\n<\/ul>\n<p>1 Relacionado<\/p>\n<p>Cristiano Ronaldo, que tiene 40 a\u00f1os, se encuentra <strong>concentrado con la selecci\u00f3n de <a href=\"https:\/\/espndeportes.espn.com\/futbol\/equipo\/_\/id\/482\/portugal\" target=\"_blank\" rel=\"nofollow noopener\">Portugal<\/a> para disputar los partidos de clasificaci\u00f3n para el Mundial de 2026 contra Irlanda<\/strong>, el d\u00eda 11 de octubre, y Hungr\u00eda, el d\u00eda 14, ambos en el Estadio de Alvalade de Lisboa.<\/p>\n<p>La selecci\u00f3n dirigida por el espa\u00f1ol Roberto Mart\u00ednez lidera el grupo F tras dos victorias y podr\u00eda asegurar su presencia en la competici\u00f3n que se disputar\u00e1 en M\u00e9xico, Canad\u00e1 y Estados Unidos ya en esta jornada, pero Cristiano inst\u00f3 a \u00abpensar en el presente\u00bb.<\/p>\n<p>\u00abNuestro objetivo es ganar nuestros dos pr\u00f3ximos partidos. El Mundial ya se ver\u00e1\u00bb, afirm\u00f3.<\/p>\n","protected":false},"excerpt":{"rendered":"Cristiano Ronaldo \u00abquiere seguir jugando unos a\u00f1os m\u00e1s\u00bb, pero \u00abno muchos\u00bb, anunci\u00f3 el futbolista luso al recibir un&hellip;\n","protected":false},"author":2,"featured_media":162955,"comment_status":"","ping_status":"","sticky":false,"template":"","format":"standard","meta":{"footnotes":""},"categories":[93],"tags":[168,25,24,23,167],"class_list":{"0":"post-162954","1":"post","2":"type-post","3":"status-publish","4":"format-standard","5":"has-post-thumbnail","7":"category-deportes","8":"tag-deportes","9":"tag-es","10":"tag-espana","11":"tag-spain","12":"tag-sports"},"share_on_mastodon":{"url":"","error":""},"_links":{"self":[{"href":"https:\/\/www.europesays.com\/es\/wp-json\/wp\/v2\/posts\/162954","targetHints":{"allow":["GET"]}}],"collection":[{"href":"https:\/\/www.europesays.com\/es\/wp-json\/wp\/v2\/posts"}],"about":[{"href":"https:\/\/www.europesays.com\/es\/wp-json\/wp\/v2\/types\/post"}],"author":[{"embeddable":true,"href":"https:\/\/www.europesays.com\/es\/wp-json\/wp\/v2\/users\/2"}],"replies":[{"embeddable":true,"href":"https:\/\/www.europesays.com\/es\/wp-json\/wp\/v2\/comments?post=162954"}],"version-history":[{"count":0,"href":"https:\/\/www.europesays.com\/es\/wp-json\/wp\/v2\/posts\/162954\/revisions"}],"wp:featuredmedia":[{"embeddable":true,"href":"https:\/\/www.europesays.com\/es\/wp-json\/wp\/v2\/media\/162955"}],"wp:attachment":[{"href":"https:\/\/www.europesays.com\/es\/wp-json\/wp\/v2\/media?parent=162954"}],"wp:term":[{"taxonomy":"category","embeddable":true,"href":"https:\/\/www.europesays.com\/es\/wp-json\/wp\/v2\/categories?post=162954"},{"taxonomy":"post_tag","embeddable":true,"href":"https:\/\/www.europesays.com\/es\/wp-json\/wp\/v2\/tags?post=162954"}],"curies":[{"name":"wp","href":"https:\/\/api.w.org\/{rel}","templated":true}]}}