{"id":162975,"date":"2025-10-08T14:03:07","date_gmt":"2025-10-08T14:03:07","guid":{"rendered":"https:\/\/www.europesays.com\/es\/162975\/"},"modified":"2025-10-08T14:03:07","modified_gmt":"2025-10-08T14:03:07","slug":"muere-guillaume-di-grazia-iconico-comentarista-de-ciclismo-en-un-accidente-durante-una-fiesta-taurina","status":"publish","type":"post","link":"https:\/\/www.europesays.com\/es\/162975\/","title":{"rendered":"Muere Guillaume Di Grazia, ic\u00f3nico comentarista de ciclismo, en un accidente durante una fiesta taurina"},"content":{"rendered":"<p data-mrf-recirculation=\"Links P\u00e1rrafos\" class=\"ue-c-article__paragraph paragraph ue-c-article--first-letter-highlighted\">Guillaume <strong>Di Grazia,<\/strong> una de las voces m\u00e1s reconocidas del ciclismo en Francia, ha fallecido a los 52 a\u00f1os como consecuencia de un accidente ocurrido durante una fiesta taurina en la localidad de Langlade, en el departamento del Gard. El suceso tuvo lugar el pasado domingo, durante una <strong>abrivado<\/strong>, una tradici\u00f3n camarguesa en la que varios toros corren escoltados por jinetes a caballo. <strong>La familia del periodista ha confirmado su muerte este martes a la agencia AFP.<\/strong><\/p>\n<p data-mrf-recirculation=\"Links P\u00e1rrafos\" class=\"ue-c-article__paragraph paragraph\"><strong>Di Grazia,<\/strong> que hab\u00eda cumplido a\u00f1os el pasado 4 de octubre seg\u00fan recoge L&#8217;Equipe&#8217;, fue durante m\u00e1s de dos d\u00e9cadas uno de los rostros m\u00e1s conocidos del canal Eurosport. Inici\u00f3 su trayectoria como becario en 1999 y con el tiempo se convirti\u00f3 en el comentarista principal del Tour de Francia, ocupando un lugar destacado en la cobertura del ciclismo profesional en Francia. Adem\u00e1s del ciclismo, tambi\u00e9n narr\u00f3 disciplinas como el f\u00fatbol, el biatl\u00f3n o el salto de esqu\u00ed.<\/p>\n<p data-mrf-recirculation=\"Links P\u00e1rrafos\" class=\"ue-c-article__paragraph paragraph\">Su carrera se vio interrumpida este a\u00f1o, cuando fue suspendido en mayo por un <strong>\u00abcomportamiento inapropiado hacia una maquilladora\u00bb,<\/strong> lo que le cost\u00f3 una segunda suspensi\u00f3n en julio y, por tanto, su ausencia en el Tour 2025. Este verano, finalmente, dej\u00f3 la cadena de televisi\u00f3n de pago.<\/p>\n<p data-mrf-recirculation=\"Links P\u00e1rrafos\" class=\"ue-c-article__paragraph paragraph\">La tragedia que ha terminado con su vida no es un hecho aislado en esta regi\u00f3n. En los \u00faltimos meses, las fiestas votivas del sur de Francia, muy arraigadas en la tradici\u00f3n local, han registrado varios incidentes similares. En septiembre, otro hombre de 52 a\u00f1os falleci\u00f3 en <strong>Aramon<\/strong> tras ser embestido por un caballo y un toro, y posteriormente atropellado por un veh\u00edculo. En julio, un hombre de m\u00e1s de 70 a\u00f1os perdi\u00f3 la vida tras ser alcanzado por un toro en G\u00e9n\u00e9rac, tambi\u00e9n en el Gard. Su adi\u00f3s deja una gran hueco en el mundo del ciclismo.<\/p>\n","protected":false},"excerpt":{"rendered":"Guillaume Di Grazia, una de las voces m\u00e1s reconocidas del ciclismo en Francia, ha fallecido a los 52&hellip;\n","protected":false},"author":2,"featured_media":162976,"comment_status":"","ping_status":"","sticky":false,"template":"","format":"standard","meta":{"footnotes":""},"categories":[273],"tags":[313,312,168,25,24,23,167],"class_list":{"0":"post-162975","1":"post","2":"type-post","3":"status-publish","4":"format-standard","5":"has-post-thumbnail","7":"category-ciclismo","8":"tag-ciclismo","9":"tag-cycling","10":"tag-deportes","11":"tag-es","12":"tag-espana","13":"tag-spain","14":"tag-sports"},"share_on_mastodon":{"url":"","error":""},"_links":{"self":[{"href":"https:\/\/www.europesays.com\/es\/wp-json\/wp\/v2\/posts\/162975","targetHints":{"allow":["GET"]}}],"collection":[{"href":"https:\/\/www.europesays.com\/es\/wp-json\/wp\/v2\/posts"}],"about":[{"href":"https:\/\/www.europesays.com\/es\/wp-json\/wp\/v2\/types\/post"}],"author":[{"embeddable":true,"href":"https:\/\/www.europesays.com\/es\/wp-json\/wp\/v2\/users\/2"}],"replies":[{"embeddable":true,"href":"https:\/\/www.europesays.com\/es\/wp-json\/wp\/v2\/comments?post=162975"}],"version-history":[{"count":0,"href":"https:\/\/www.europesays.com\/es\/wp-json\/wp\/v2\/posts\/162975\/revisions"}],"wp:featuredmedia":[{"embeddable":true,"href":"https:\/\/www.europesays.com\/es\/wp-json\/wp\/v2\/media\/162976"}],"wp:attachment":[{"href":"https:\/\/www.europesays.com\/es\/wp-json\/wp\/v2\/media?parent=162975"}],"wp:term":[{"taxonomy":"category","embeddable":true,"href":"https:\/\/www.europesays.com\/es\/wp-json\/wp\/v2\/categories?post=162975"},{"taxonomy":"post_tag","embeddable":true,"href":"https:\/\/www.europesays.com\/es\/wp-json\/wp\/v2\/tags?post=162975"}],"curies":[{"name":"wp","href":"https:\/\/api.w.org\/{rel}","templated":true}]}}