{"id":162981,"date":"2025-10-08T14:06:08","date_gmt":"2025-10-08T14:06:08","guid":{"rendered":"https:\/\/www.europesays.com\/es\/162981\/"},"modified":"2025-10-08T14:06:08","modified_gmt":"2025-10-08T14:06:08","slug":"la-real-vuelve-al-trabajo-con-una-presencia-inesperada-y-una-ausencia-mas","status":"publish","type":"post","link":"https:\/\/www.europesays.com\/es\/162981\/","title":{"rendered":"La Real vuelve al trabajo con una presencia inesperada y una ausencia m\u00e1s"},"content":{"rendered":"<p data-gtm-element-container=\"modulo-texto-link\" class=\"paragraph\">La Real Sociedad ha vuelto al trabajo esta ma\u00f1ana en el Z2 de Zubieta tras descansar y reflexionar el martes. <strong>Sergio Francisco<\/strong> no ha podido contar con los internacionales, a los que se sum\u00f3 <strong>Luka Sucic <\/strong>tras el entrenamiento del lunes por una llamada de \u00faltima hora de<strong> Zlatko Dalic<\/strong>, y tampoco ha logrado recuperar de momento para la din\u00e1mica de grupo a los lesionados. <strong>Aritz Elustondo <\/strong>sigue al margen por sus dolencias de costilla,<strong> Jon Mart\u00edn<\/strong> est\u00e1 lesionado del tobillo aunque no deber\u00eda de quedarle mucho, y <strong>Orri \u00d3skarsson <\/strong>contin\u00faa con su te\u00f3rica fase final de recuperaci\u00f3n de la lesi\u00f3n muscular que arrastra desde Oviedo. La otra baja del d\u00eda fue la de <strong>Gon\u00e7alo Guedes<\/strong>, que se ausent\u00f3 de la sesi\u00f3n con permiso del club por motivos personales.<\/p>\n<p>    Lee tambi\u00e9n<\/p>\n<p data-gtm-element-container=\"modulo-texto-link\" class=\"paragraph\">Los que s\u00ed estuvieron fueron, por un lado, <strong>Luken Beitia<\/strong>, que contin\u00faa ayudando al primer equipo pese a que esta semana compite el Sanse, y por otro, <strong>Arsen Zakharyan<\/strong>. El centrocampista ofensivo txuri urdin estaba en la prelista rusa para volver a jugar con su selecci\u00f3n tiempo despu\u00e9s, pero finalmente no ha viajado y se queda en Zubieta poni\u00e9ndose a punto para tratar de darle la vuelta a su ostracismo actual. Son tres partidos seguidos sin jugar y apenas dos ratos como suplente.<\/p>\n<p>                <img loading=\"lazy\" decoding=\"async\" data-full-src=\"https:\/\/www.mundodeportivo.com\/uploads\/2025\/10\/08\/68e660487eb1b.jpeg\" alt=\"Gorrotxategi, Soler, Sadiq, entrenamiento de la Real Sociedad en Zubieta\" width=\"449\" height=\"253\" src=\"https:\/\/www.europesays.com\/es\/wp-content\/uploads\/2025\/10\/68e660487eb1b.jpeg\" class=\"lazy\"\/><\/p>\n<p class=\"caption-title \">Gorrotxategi, Soler, Sadiq, entrenamiento de la Real Sociedad en Zubieta<\/p>\n<p>                    RS<\/p>\n<p data-gtm-element-container=\"modulo-texto-link\" class=\"paragraph\">La plantilla disponible de en teor\u00eda <strong>Marrero, Fraga, Odriozola, Zubeldia, Beitia, Aihen, Sergio G\u00f3mez, Gorrotxategi, Turrientes, Yangel Herrera, Goti, Zakharyan, Soler, Brais M\u00e9ndez, Barrenetxea, Sadiq, Karrikaburu<\/strong>, <strong>Mar\u00edn <\/strong>y quiz\u00e1 <strong>Guedes<\/strong>, adem\u00e1s de alg\u00fan posible a\u00f1adido del Sanse para completar grupo, juega este jueves a las 11 horas en Zubieta un amistoso a puerta cerrada contra Osasuna. El viernes volver\u00e1n a entrenarse y tendr\u00e1n el fin de semana libre.<\/p>\n","protected":false},"excerpt":{"rendered":"La Real Sociedad ha vuelto al trabajo esta ma\u00f1ana en el Z2 de Zubieta tras descansar y reflexionar&hellip;\n","protected":false},"author":2,"featured_media":162982,"comment_status":"","ping_status":"","sticky":false,"template":"","format":"standard","meta":{"footnotes":""},"categories":[268],"tags":[168,25,24,280,282,281,23,167],"class_list":{"0":"post-162981","1":"post","2":"type-post","3":"status-publish","4":"format-standard","5":"has-post-thumbnail","7":"category-futbol","8":"tag-deportes","9":"tag-es","10":"tag-espana","11":"tag-football","12":"tag-futbol","13":"tag-soccer","14":"tag-spain","15":"tag-sports"},"share_on_mastodon":{"url":"","error":""},"_links":{"self":[{"href":"https:\/\/www.europesays.com\/es\/wp-json\/wp\/v2\/posts\/162981","targetHints":{"allow":["GET"]}}],"collection":[{"href":"https:\/\/www.europesays.com\/es\/wp-json\/wp\/v2\/posts"}],"about":[{"href":"https:\/\/www.europesays.com\/es\/wp-json\/wp\/v2\/types\/post"}],"author":[{"embeddable":true,"href":"https:\/\/www.europesays.com\/es\/wp-json\/wp\/v2\/users\/2"}],"replies":[{"embeddable":true,"href":"https:\/\/www.europesays.com\/es\/wp-json\/wp\/v2\/comments?post=162981"}],"version-history":[{"count":0,"href":"https:\/\/www.europesays.com\/es\/wp-json\/wp\/v2\/posts\/162981\/revisions"}],"wp:featuredmedia":[{"embeddable":true,"href":"https:\/\/www.europesays.com\/es\/wp-json\/wp\/v2\/media\/162982"}],"wp:attachment":[{"href":"https:\/\/www.europesays.com\/es\/wp-json\/wp\/v2\/media?parent=162981"}],"wp:term":[{"taxonomy":"category","embeddable":true,"href":"https:\/\/www.europesays.com\/es\/wp-json\/wp\/v2\/categories?post=162981"},{"taxonomy":"post_tag","embeddable":true,"href":"https:\/\/www.europesays.com\/es\/wp-json\/wp\/v2\/tags?post=162981"}],"curies":[{"name":"wp","href":"https:\/\/api.w.org\/{rel}","templated":true}]}}