{"id":162987,"date":"2025-10-08T14:09:17","date_gmt":"2025-10-08T14:09:17","guid":{"rendered":"https:\/\/www.europesays.com\/es\/162987\/"},"modified":"2025-10-08T14:09:17","modified_gmt":"2025-10-08T14:09:17","slug":"2-700-ejemplares-en-un-mes-en-las-librerias","status":"publish","type":"post","link":"https:\/\/www.europesays.com\/es\/162987\/","title":{"rendered":"2.700 ejemplares en un mes en las librer\u00edas"},"content":{"rendered":"<p><b>\u2018Mar en calma\u2019<\/b>, el libro autobiogr\u00e1fico de <a title=\"Mar Flores\" href=\"https:\/\/www.larazon.es\/gente\/famosos\/fin-semana-desconexion-mar-flores-ibiza-recordar_2025092968da7b52f10d3f06782457d7.html\" target=\"_blank\" rel=\"nofollow noopener\">Mar Flores<\/a> ha marcado el pulso medi\u00e1tico de este mes. En las \u00faltimas semanas tan solo se hablaba sobre los cap\u00edtulos m\u00e1s escabrosos de sus memorias, repar\u00e1ndose no solo en lo que ella confesaba, sino tambi\u00e9n en la versi\u00f3n de los aludidos, que no dudaban en ponerla en jaque. <b>La modelo ha dejado especialmente en mala posici\u00f3n a dos de sus ex<\/b>, <a title=\"Carlo Costanzia\" href=\"https:\/\/www.larazon.es\/gente\/tv\/carlo-costanzia-pone-duda-mar-flores-haber-denuncias-entiendo-que-sido-asi_2025100368e046412aac281a5cbcecde.html\" target=\"_blank\" rel=\"nofollow noopener\">Carlo Costanzia<\/a> y <a title=\"Alessandro Lequio\" href=\"https:\/\/www.larazon.es\/gente\/tv\/pruebas-sonia-moldes-que-dejan-alessandro-lequio-como-mentiroso_2025100468e04fa16c793a7e698e13f4.html\" target=\"_blank\" rel=\"nofollow noopener\">Alessandro Lequio<\/a>, quienes incluso han prometido acciones legales por algunas de sus revelaciones. Tambi\u00e9n el conde italiano ha llegado a pedir perd\u00f3n. Pero lo que est\u00e1 claro es que todos han hablado de lo expuesto en sus p\u00e1ginas. <\/p>\n<p>Sin embargo, parece que el \u00e9xito medi\u00e1tico no se ha traducido en el mismo \u00e9xito en las librer\u00edas. A pesar de que todos hablan de la autobiograf\u00eda de la modelo y de las reacciones de sus enemigos o de Terelu Campos, que se considera en terreno de nadie, <b>no se ha visto el mismo fervor a la hora de acudir a comprar un ejemplar<\/b>. Al menos eso es lo que se desvela ahora desde \u2018El tiempo justo\u2019, que echan cuentas y subrayan el batacazo editorial de las pol\u00e9micas memorias.<\/p>\n<p>El libro de Mar Flores no convence al p\u00fablico<\/p>\n<p>La modelo se quejaba de la presi\u00f3n medi\u00e1tica, pero para promocionar su libro se ha echado encima a sus antiguos enemigos y se ha granjeado alguno nuevo. Con ello, la prensa ha vuelto a esperarla a las puertas de su casa y a seguir sus pasos. <b>Renunciaba a la paz que hab\u00eda conseguido con la promesa de hacerse de oro con la venta de ejemplares de sus memorias, pero parece que no ha encontrado la fortuna que ansiaba<\/b>. Al menos as\u00ed se plantea desde el programa de Telecinco, que tras un mes a la venta echan n\u00fameros y destacan que no ha logrado atraer al p\u00fablico como se esperaba en un primer momento.<\/p>\n<p><img decoding=\"async\" loading=\"lazy\" src=\"https:\/\/www.europesays.com\/es\/wp-content\/uploads\/2025\/10\/portada-mar-calma-memorias-mar-flores_123.jpg\" alt=\"Portada de &quot;Mar en calma&quot;, las memorias de Mar Flores\" width=\"1687\" height=\"2560\"\/><b>Portada de \u00abMar en calma\u00bb, las memorias de Mar Flores<\/b>La esfera de los libros<\/p>\n<p>De hecho, <b>en los 21 d\u00edas que ha estado en las librer\u00edas<\/b> y tambi\u00e9n en boca de todos en los medios de comunicaci\u00f3n, <b>\u2018Mar en calma\u2019 se ha situado en el puesto 599 de los m\u00e1s vendidos en Espa\u00f1a<\/b>. As\u00ed lo destaca Luis Pliego, director de la revista \u2018Lecturas\u2019 desde el plat\u00f3 de Mediaset, sorprendido por los malos datos. Y es que despu\u00e9s de la ingente campa\u00f1a de publicidad y de las muchas horas de televisi\u00f3n que ha copado el tema, no se ha traducido en venta de ejemplares. <b>Tan solo se habr\u00edan vendido 2.700 libros<\/b>.<\/p>\n<p>La primera edici\u00f3n la componen 5.000 ejemplares, de los que muchos terminan en manos de los periodistas cedidos por la editorial. Se anunci\u00f3 una segunda tanda, aunque destacan que se trata de \u201cuna estrategia de marketing\u201d. Algo que para el periodista <b>es \u201cuna ruina\u201d, pues recuerda que Mar Flores se embols\u00f3 de antemano 40.000 euros y que de cada libro le corresponden 14 euros, por lo que la editorial no habr\u00eda hecho buen negocio con la modelo<\/b>. \u201cA ella, econ\u00f3micamente y en su reputaci\u00f3n, no le compensa\u201d, destaca Joaqu\u00edn Prat. <\/p>\n","protected":false},"excerpt":{"rendered":"\u2018Mar en calma\u2019, el libro autobiogr\u00e1fico de Mar Flores ha marcado el pulso medi\u00e1tico de este mes. En&hellip;\n","protected":false},"author":2,"featured_media":162988,"comment_status":"","ping_status":"","sticky":false,"template":"","format":"standard","meta":{"footnotes":""},"categories":[172],"tags":[224,146,147,25,24,225,23],"class_list":{"0":"post-162987","1":"post","2":"type-post","3":"status-publish","4":"format-standard","5":"has-post-thumbnail","7":"category-libros","8":"tag-books","9":"tag-entertainment","10":"tag-entretenimiento","11":"tag-es","12":"tag-espana","13":"tag-libros","14":"tag-spain"},"share_on_mastodon":{"url":"","error":""},"_links":{"self":[{"href":"https:\/\/www.europesays.com\/es\/wp-json\/wp\/v2\/posts\/162987","targetHints":{"allow":["GET"]}}],"collection":[{"href":"https:\/\/www.europesays.com\/es\/wp-json\/wp\/v2\/posts"}],"about":[{"href":"https:\/\/www.europesays.com\/es\/wp-json\/wp\/v2\/types\/post"}],"author":[{"embeddable":true,"href":"https:\/\/www.europesays.com\/es\/wp-json\/wp\/v2\/users\/2"}],"replies":[{"embeddable":true,"href":"https:\/\/www.europesays.com\/es\/wp-json\/wp\/v2\/comments?post=162987"}],"version-history":[{"count":0,"href":"https:\/\/www.europesays.com\/es\/wp-json\/wp\/v2\/posts\/162987\/revisions"}],"wp:featuredmedia":[{"embeddable":true,"href":"https:\/\/www.europesays.com\/es\/wp-json\/wp\/v2\/media\/162988"}],"wp:attachment":[{"href":"https:\/\/www.europesays.com\/es\/wp-json\/wp\/v2\/media?parent=162987"}],"wp:term":[{"taxonomy":"category","embeddable":true,"href":"https:\/\/www.europesays.com\/es\/wp-json\/wp\/v2\/categories?post=162987"},{"taxonomy":"post_tag","embeddable":true,"href":"https:\/\/www.europesays.com\/es\/wp-json\/wp\/v2\/tags?post=162987"}],"curies":[{"name":"wp","href":"https:\/\/api.w.org\/{rel}","templated":true}]}}