{"id":163005,"date":"2025-10-08T14:19:08","date_gmt":"2025-10-08T14:19:08","guid":{"rendered":"https:\/\/www.europesays.com\/es\/163005\/"},"modified":"2025-10-08T14:19:08","modified_gmt":"2025-10-08T14:19:08","slug":"archivan-por-prescripcion-una-denuncia-contra-el-excomisionado-de-la-dana-que-falsifico-un-titulo","status":"publish","type":"post","link":"https:\/\/www.europesays.com\/es\/163005\/","title":{"rendered":"Archivan por prescripci\u00f3n una denuncia contra el excomisionado de la dana que falsific\u00f3 un t\u00edtulo"},"content":{"rendered":"<p style=\"\">El Juzgado de Instrucci\u00f3n n\u00famero 4 de <a href=\"https:\/\/www.abc.es\/noticias\/valencia-ciudad\/\" target=\"_self\" data-voc-vtm-id=\"in-text-traffic\" title=\"Valencia\" data-mrf-link=\"www.abc.es\" rel=\"nofollow noopener\">Valencia<\/a> ha decretado el sobreseimiento libre de una causa abierta por falsedad documental contra el excomisionado del Gobierno para la dana, <strong>Jos\u00e9 Mar\u00eda \u00c1ngel<\/strong>, al entender que los hechos est\u00e1n prescritos y, por tanto, la posible  &#8230; responsabilidad penal ha quedado extinguida.<\/p>\n<p class=\"voc-p\" style=\"\">El procedimiento se abri\u00f3 a ra\u00edz de una denuncia de Manos Limpias tras publicarse un informe de la Agencia Valenciana Antifraude que se\u00f1alaba que uno de los t\u00edtulos que obraban en el expediente de \u00c1ngel como funcionario en la Diputaci\u00f3n de Valencia era \u00abpresumiblemente falso\u00bb. La pol\u00e9mica propici\u00f3 la dimisi\u00f3n de \u00c1ngel a finales de julio.<\/p>\n<p class=\"voc-p\" style=\"\">En un auto notificado este mi\u00e9rcoles a las partes y que puede ser recurrido, el magistrado razona que el delito de falsedad documental <strong>se consuma de forma instant\u00e1nea<\/strong>, aunque produzca efectos permanentes a lo largo del tiempo, tal y como recoge diversa jurisprudencia de las Audiencias Provinciales de Sevilla y Valencia, as\u00ed como del Tribunal Supremo.<\/p>\n<p class=\"voc-p\" style=\"\">En este caso, Manos Limpias se refiere a la supuesta falsificaci\u00f3n en  1983 de un t\u00edtulo de diplomado en Archiv\u00edstica y Biblioteconom\u00eda, por lo que estar\u00eda prescrito de conformidad con lo que dispone el art\u00edculo 131 del C\u00f3digo Penal. \u00abYa se aplique el delito del art\u00edculo 390 o el art\u00edculo 392 del C\u00f3digo Penal, con plazos de prescripci\u00f3n de 10 o de 5 a\u00f1os, respectivamente, los hechos denunciados est\u00e1n notoriamente prescritos\u00bb, indica el instructor. En ese sentido, recalca, \u00ablos hechos denunciados habr\u00edan prescrito cuanto menos hace 30 a\u00f1os\u00bb. <\/p>\n<p>\nUn esc\u00e1ndalo que acab\u00f3 en dimisi\u00f3n\n<\/p>\n<p class=\"voc-p\" style=\"\">Jos\u00e9 Mar\u00eda \u00c1ngel <strong>dimiti\u00f3 el 31 de julio<\/strong> como comisionado del Gobierno central para la dana y como presidente del PSPV-PSOE despu\u00e9s de que la Agencia Valenciana Antifraude trasladara sus sospechas sobre el t\u00edtulo en cuesti\u00f3n a la Fiscal\u00eda Anticorrupci\u00f3n.<\/p>\n<p class=\"voc-p\" style=\"\">El pol\u00edtico socialista de 68 a\u00f1os -alcalde de l&#8217;Eliana durante casi dos d\u00e9cadas- recalc\u00f3 que no hubo irregularidades en su acceso a la funci\u00f3n p\u00fablica en 1983 y su promoci\u00f3n en 1986. Defendi\u00f3 que en ese momento no era necesario tener una t\u00edtulo superior para este \u00faltimo puesto, como s\u00ed se exige ahora, sino superar un examen y presentar una memoria.<\/p>\n<p class=\"voc-p\" style=\"\">Sin embargo, no aclar\u00f3 por qu\u00e9 Antifraude encontr\u00f3 un t\u00edtulo de diplomado en Archiv\u00edstica y Biblioteconom\u00eda en la Universidad de Valencia firmado en 1983, cuando seg\u00fan confirm\u00f3 la instituci\u00f3n acad\u00e9mica <strong>esos estudios no se ofertaron hasta 1990<\/strong>.<\/p>\n<p class=\"voc-p\" style=\"\">En un comunicado, anunci\u00f3 que se jubilaba para defender \u00abla verdad, mi honestidad y mi honor, que han sido puestos en entredicho por un procedimiento inquisitorial, secreto, mal intencionado y sin derecho de r\u00e9plica\u00bb. \u00abEl da\u00f1o que a nivel personal representa este ataque injustificado es enorme\u00bb, incidi\u00f3. D\u00edas despu\u00e9s, fue hospitalizado tras un intento de suicidio.<\/p>\n","protected":false},"excerpt":{"rendered":"El Juzgado de Instrucci\u00f3n n\u00famero 4 de Valencia ha decretado el sobreseimiento libre de una causa abierta por&hellip;\n","protected":false},"author":2,"featured_media":163006,"comment_status":"","ping_status":"","sticky":false,"template":"","format":"standard","meta":{"footnotes":""},"categories":[8],"tags":[48228,17,18,1681,6775,25,24,17595,48229,13,14,11,19,20,9,10,15,16,8788,23,12,2349,21,22],"class_list":{"0":"post-163005","1":"post","2":"type-post","3":"status-publish","4":"format-standard","5":"has-post-thumbnail","7":"category-espana","8":"tag-archivan","9":"tag-breaking-news","10":"tag-breakingnews","11":"tag-dana","12":"tag-denuncia","13":"tag-es","14":"tag-espana","15":"tag-excomisionado","16":"tag-falsifico","17":"tag-featured-news","18":"tag-featurednews","19":"tag-headlines","20":"tag-latest-news","21":"tag-latestnews","22":"tag-news","23":"tag-noticias","24":"tag-noticias-destacadas","25":"tag-noticiasdestacadas","26":"tag-prescripcion","27":"tag-spain","28":"tag-titulares","29":"tag-titulo","30":"tag-ultimas-noticias","31":"tag-ultimasnoticias"},"share_on_mastodon":{"url":"","error":""},"_links":{"self":[{"href":"https:\/\/www.europesays.com\/es\/wp-json\/wp\/v2\/posts\/163005","targetHints":{"allow":["GET"]}}],"collection":[{"href":"https:\/\/www.europesays.com\/es\/wp-json\/wp\/v2\/posts"}],"about":[{"href":"https:\/\/www.europesays.com\/es\/wp-json\/wp\/v2\/types\/post"}],"author":[{"embeddable":true,"href":"https:\/\/www.europesays.com\/es\/wp-json\/wp\/v2\/users\/2"}],"replies":[{"embeddable":true,"href":"https:\/\/www.europesays.com\/es\/wp-json\/wp\/v2\/comments?post=163005"}],"version-history":[{"count":0,"href":"https:\/\/www.europesays.com\/es\/wp-json\/wp\/v2\/posts\/163005\/revisions"}],"wp:featuredmedia":[{"embeddable":true,"href":"https:\/\/www.europesays.com\/es\/wp-json\/wp\/v2\/media\/163006"}],"wp:attachment":[{"href":"https:\/\/www.europesays.com\/es\/wp-json\/wp\/v2\/media?parent=163005"}],"wp:term":[{"taxonomy":"category","embeddable":true,"href":"https:\/\/www.europesays.com\/es\/wp-json\/wp\/v2\/categories?post=163005"},{"taxonomy":"post_tag","embeddable":true,"href":"https:\/\/www.europesays.com\/es\/wp-json\/wp\/v2\/tags?post=163005"}],"curies":[{"name":"wp","href":"https:\/\/api.w.org\/{rel}","templated":true}]}}