{"id":163007,"date":"2025-10-08T14:20:18","date_gmt":"2025-10-08T14:20:18","guid":{"rendered":"https:\/\/www.europesays.com\/es\/163007\/"},"modified":"2025-10-08T14:20:18","modified_gmt":"2025-10-08T14:20:18","slug":"silencio-y-dolor-en-la-facultad-de-educacion-en-recuerdo-a-la-estudiante-y-poeta-arancha-barrientos","status":"publish","type":"post","link":"https:\/\/www.europesays.com\/es\/163007\/","title":{"rendered":"Silencio y dolor en la Facultad de Educaci\u00f3n en recuerdo a la estudiante y poeta Arancha Barrientos"},"content":{"rendered":"<p>                <img decoding=\"async\"   src=\"https:\/\/www.europesays.com\/es\/wp-content\/uploads\/2025\/10\/2025-10-08_minuto_silencio_educacion-09.jpg\" typeof=\"foaf:Image\" class=\"img-responsive\"\/><\/p>\n<ul>\n<li><strong>La comunidad universitaria ha guardado un minuto de silencio recordando a la estudiante de segundo curso de Educaci\u00f3n Social al que ha asistido su madre que ha recibido el cari\u00f1o y apoyo de estudiantes y profesores<\/strong><\/li>\n<\/ul>\n<p><strong>Le\u00f3n, 8 de octubre de 2025.<\/strong> Silencio, dolor y aplausos en la entrada de la Facultad de Educaci\u00f3n este mi\u00e9rcoles, donde la comunidad universitaria de la ULE se ha reunido para recordar a la estudiante de segundo curso de Educaci\u00f3n Social y poeta <strong>Arancha Barrientos<\/strong>. <\/p>\n<p>                <img decoding=\"async\"   src=\"https:\/\/www.europesays.com\/es\/wp-content\/uploads\/2025\/10\/2025-10-08_minuto_silencio_educacion-10.jpg\" typeof=\"foaf:Image\" class=\"img-responsive\"\/><\/p>\n<p>Un <a href=\"https:\/\/fotos.unileon.es\/index.php?album=VIDA-UNIVERSITARIA\/MINUTO-SILENCIO-ESTUDIANTE-EDUCACI-N-08-de-octubre-\" rel=\"nofollow noopener\" target=\"_blank\">minuto de silencio<\/a> cargado de emoci\u00f3n con el que compa\u00f1eros, profesores y amigos la han recordado y han acompa\u00f1ado a su madre que ha recibido as\u00ed el cari\u00f1o y apoyo en estos dif\u00edciles momentos. <\/p>\n<p>\u201cDe personalidad alegre, pero de alma triste\u201d, como ella misma se defin\u00eda, ha recordado la decana de la Facultad, Lourdes Guti\u00e9rrez. Arancha Barrientos era \u201cescritora desde ni\u00f1a y por necesidad, por necesidad de expresar sus sentimientos, sus emociones, sus vivencias y siempre como v\u00eda de escape\u201d como en uno de sus libros que \u201ces una rebeli\u00f3n para visibilizar la importancia de la salud mental\u201d o en otro en el que \u201chabla del salto al vac\u00edo que supone levantarse cada ma\u00f1ana en un mundo hostil, en un mundo que no se para a regocijarse en lo sublime de las peque\u00f1as cosas\u201d, dijo emocionada la decana de Educaci\u00f3n. <\/p>\n<p>A Arancha la han recordado dos de sus compa\u00f1eras leyendo uno de sus poemas, \u2018<strong>Desidia\u2019<\/strong>: <\/p>\n<p class=\"text-align-center\">\u201cYo en piloto autom\u00e1tico, pero los dem\u00e1s llevan la marcha que quieran.<\/p>\n<p class=\"text-align-center\">A m\u00ed ya no se me cala, el sentir hasta los huesos, <\/p>\n<p class=\"text-align-center\">ni echo el freno de mano, aunque el resto pare.<\/p>\n<p class=\"text-align-center\">Desilusi\u00f3n camina a inercia, <\/p>\n<p class=\"text-align-center\">rabia hacia tristeza, <\/p>\n<p class=\"text-align-center\">del color al luto y del dolor al pasotismo. <\/p>\n<p class=\"text-align-center\">Por suerte, no quedar\u00e1 ni la sombra de lo que desgraciadamente siempre fui\u201d. <\/p>\n<p>                <img decoding=\"async\"   src=\"https:\/\/www.europesays.com\/es\/wp-content\/uploads\/2025\/10\/2025-10-08_minuto_silencio_educacion-04.jpg\" typeof=\"foaf:Image\" class=\"img-responsive\"\/><\/p>\n<p>\u00a0<\/p>\n<p>\u00a0<\/p>\n<p>\u00a0<\/p>\n","protected":false},"excerpt":{"rendered":"La comunidad universitaria ha guardado un minuto de silencio recordando a la estudiante de segundo curso de Educaci\u00f3n&hellip;\n","protected":false},"author":2,"featured_media":163008,"comment_status":"","ping_status":"","sticky":false,"template":"","format":"standard","meta":{"footnotes":""},"categories":[5],"tags":[17,18,25,24,13,14,11,19,20,9,10,15,16,23,12,21,22],"class_list":{"0":"post-163007","1":"post","2":"type-post","3":"status-publish","4":"format-standard","5":"has-post-thumbnail","7":"category-titulares","8":"tag-breaking-news","9":"tag-breakingnews","10":"tag-es","11":"tag-espana","12":"tag-featured-news","13":"tag-featurednews","14":"tag-headlines","15":"tag-latest-news","16":"tag-latestnews","17":"tag-news","18":"tag-noticias","19":"tag-noticias-destacadas","20":"tag-noticiasdestacadas","21":"tag-spain","22":"tag-titulares","23":"tag-ultimas-noticias","24":"tag-ultimasnoticias"},"share_on_mastodon":{"url":"","error":""},"_links":{"self":[{"href":"https:\/\/www.europesays.com\/es\/wp-json\/wp\/v2\/posts\/163007","targetHints":{"allow":["GET"]}}],"collection":[{"href":"https:\/\/www.europesays.com\/es\/wp-json\/wp\/v2\/posts"}],"about":[{"href":"https:\/\/www.europesays.com\/es\/wp-json\/wp\/v2\/types\/post"}],"author":[{"embeddable":true,"href":"https:\/\/www.europesays.com\/es\/wp-json\/wp\/v2\/users\/2"}],"replies":[{"embeddable":true,"href":"https:\/\/www.europesays.com\/es\/wp-json\/wp\/v2\/comments?post=163007"}],"version-history":[{"count":0,"href":"https:\/\/www.europesays.com\/es\/wp-json\/wp\/v2\/posts\/163007\/revisions"}],"wp:featuredmedia":[{"embeddable":true,"href":"https:\/\/www.europesays.com\/es\/wp-json\/wp\/v2\/media\/163008"}],"wp:attachment":[{"href":"https:\/\/www.europesays.com\/es\/wp-json\/wp\/v2\/media?parent=163007"}],"wp:term":[{"taxonomy":"category","embeddable":true,"href":"https:\/\/www.europesays.com\/es\/wp-json\/wp\/v2\/categories?post=163007"},{"taxonomy":"post_tag","embeddable":true,"href":"https:\/\/www.europesays.com\/es\/wp-json\/wp\/v2\/tags?post=163007"}],"curies":[{"name":"wp","href":"https:\/\/api.w.org\/{rel}","templated":true}]}}