{"id":163011,"date":"2025-10-08T14:22:10","date_gmt":"2025-10-08T14:22:10","guid":{"rendered":"https:\/\/www.europesays.com\/es\/163011\/"},"modified":"2025-10-08T14:22:10","modified_gmt":"2025-10-08T14:22:10","slug":"el-presidente-de-castilla-la-mancha-defiende-la-tauromaquia-como-sena-de-identidad-cultural-y-rechaza-los-caprichos-de-un-ministro","status":"publish","type":"post","link":"https:\/\/www.europesays.com\/es\/163011\/","title":{"rendered":"El presidente de Castilla-La Mancha defiende la tauromaquia como se\u00f1a de identidad cultural y rechaza los \u00abcaprichos de un ministro\u00bb"},"content":{"rendered":"<p style=\"\">El presidente de Castilla-La Mancha, <strong>Emiliano Garc\u00eda-Pag<\/strong>e, ha reafirmado este mi\u00e9rcoles su defensa de la tauromaquia como una se\u00f1a de identidad cultural profundamente arraigada en la sociedad espa\u00f1ola. Durante la inauguraci\u00f3n del Centro de Interpretaci\u00f3n de la Dehesa &#8216;Dehes\u00f3n del Encinar&#8217;, en  &#8230; Oropesa (Toledo), Page ha valorado en positivo el giro del Gobierno central respecto a la Iniciativa Legislativa Popular (ILP) que buscaba limitar o eliminar espect\u00e1culos taurinos, asegurando que se ha producido una<strong> \u00abrectificaci\u00f3n inteligente\u00bb.<\/strong> La ILP fue rechazada en el Congreso ayer con la decisiva abstenci\u00f3n del PSOE.<\/p>\n<p class=\"voc-p\" style=\"\">\u00abMe alegro, no se imaginan hasta qu\u00e9 punto, de que por una vez nos hayan hecho caso en Madrid\u00bb, ha expresado el presidente auton\u00f3mico, aludiendo directamente a un <strong>cambio de criterio en el seno del Ejecutiv<\/strong>o nacional.<\/p>\n<p class=\"voc-p\" style=\"\">En sus declaraciones, ha criticado que decisiones sobre elementos culturales como la tauromaquia <strong>\u00abno pueden depender del capricho de un ministro\u00bb<\/strong>, sino que deben surgir del consenso social. \u00abLa cultura es una manifestaci\u00f3n social. No puede ser ni impuesta ni prohibida en un r\u00e9gimen democr\u00e1tico\u00bb, ha afirmado.<\/p>\n<p>\nUna tradici\u00f3n cultural\n<\/p>\n<p class=\"voc-p\" style=\"\">Page ha defendido que sean los propios ciudadanos quienes determinen el futuro de las tradiciones culturales, como la caza o los festejos populares, mediante su participaci\u00f3n o rechazo. En este sentido, ha abogado por una postura de respeto y libertad. \u00abLa gente tiene que decidir si tiene que haber o no festejos populares, <strong>acudiendo o no acudiendo a ellos<\/strong>, reclam\u00e1ndolos o no reclam\u00e1ndolos\u00bb, ha dicho.<\/p>\n<p class=\"voc-p\" style=\"\">Para el presidente castellanomanchego, fen\u00f3menos como la tauromaquia forman parte del \u00abdevenir de los fen\u00f3menos culturales y sociales\u00bb, por lo que los poderes p\u00fablicos deben<strong> \u00abamparar, pero en todo caso, no estorbar\u00bb.<\/strong><\/p>\n<p class=\"voc-p\" style=\"\">Adem\u00e1s de defender la tauromaquia, Page ha puesto en valor el papel de Castilla-La Mancha en la preservaci\u00f3n de elementos identitarios propios, como la pureza de razas aut\u00f3ctonas y las pr\u00e1cticas tradicionales del mundo rural. \u00abEs una se\u00f1a de identidad que aqu\u00ed se ha preservado y que se aporta a la sociedad espa\u00f1ola\u00bb, ha sostenido, para a\u00f1adir que los poderes p\u00fablicos \u00abcasi tendr\u00edan la obligaci\u00f3n\u00bb de <strong>proteger las identidades culturales<\/strong> y las inercias sociales que vertebran el pa\u00eds.<\/p>\n","protected":false},"excerpt":{"rendered":"El presidente de Castilla-La Mancha, Emiliano Garc\u00eda-Page, ha reafirmado este mi\u00e9rcoles su defensa de la tauromaquia como una&hellip;\n","protected":false},"author":2,"featured_media":163012,"comment_status":"","ping_status":"","sticky":false,"template":"","format":"standard","meta":{"footnotes":""},"categories":[277],"tags":[373,8332,32635,5443,168,25,24,582,6949,25476,1350,27931,23,167,625,374,48230],"class_list":{"0":"post-163011","1":"post","2":"type-post","3":"status-publish","4":"format-standard","5":"has-post-thumbnail","7":"category-toreo","8":"tag-bullfighting","9":"tag-cultural","10":"tag-decisiones","11":"tag-defiende","12":"tag-deportes","13":"tag-es","14":"tag-espana","15":"tag-gobierno","16":"tag-identidad","17":"tag-page","18":"tag-rechaza","19":"tag-sena","20":"tag-spain","21":"tag-sports","22":"tag-tauromaquia","23":"tag-toreo","24":"tag-unilaterales"},"share_on_mastodon":{"url":"","error":""},"_links":{"self":[{"href":"https:\/\/www.europesays.com\/es\/wp-json\/wp\/v2\/posts\/163011","targetHints":{"allow":["GET"]}}],"collection":[{"href":"https:\/\/www.europesays.com\/es\/wp-json\/wp\/v2\/posts"}],"about":[{"href":"https:\/\/www.europesays.com\/es\/wp-json\/wp\/v2\/types\/post"}],"author":[{"embeddable":true,"href":"https:\/\/www.europesays.com\/es\/wp-json\/wp\/v2\/users\/2"}],"replies":[{"embeddable":true,"href":"https:\/\/www.europesays.com\/es\/wp-json\/wp\/v2\/comments?post=163011"}],"version-history":[{"count":0,"href":"https:\/\/www.europesays.com\/es\/wp-json\/wp\/v2\/posts\/163011\/revisions"}],"wp:featuredmedia":[{"embeddable":true,"href":"https:\/\/www.europesays.com\/es\/wp-json\/wp\/v2\/media\/163012"}],"wp:attachment":[{"href":"https:\/\/www.europesays.com\/es\/wp-json\/wp\/v2\/media?parent=163011"}],"wp:term":[{"taxonomy":"category","embeddable":true,"href":"https:\/\/www.europesays.com\/es\/wp-json\/wp\/v2\/categories?post=163011"},{"taxonomy":"post_tag","embeddable":true,"href":"https:\/\/www.europesays.com\/es\/wp-json\/wp\/v2\/tags?post=163011"}],"curies":[{"name":"wp","href":"https:\/\/api.w.org\/{rel}","templated":true}]}}