{"id":163013,"date":"2025-10-08T14:23:07","date_gmt":"2025-10-08T14:23:07","guid":{"rendered":"https:\/\/www.europesays.com\/es\/163013\/"},"modified":"2025-10-08T14:23:07","modified_gmt":"2025-10-08T14:23:07","slug":"la-historica-pelea-para-ufc-que-termino-con-dos-luchadores-contratados-y-un-bono-de-25-mil-dolares-para-cada-uno-no-solemos-hacer-esto","status":"publish","type":"post","link":"https:\/\/www.europesays.com\/es\/163013\/","title":{"rendered":"La hist\u00f3rica pelea para UFC que termin\u00f3 con dos luchadores contratados y un bono de 25 mil dolares para cada uno: \u201cNo solemos hacer esto\u201d"},"content":{"rendered":"<p class=\"paragraph\">El ecuatoriano <b>Adri\u00e1n Luna Martinetti<\/b> alcanz\u00f3 un hito hist\u00f3rico en su trayectoria dentro de las artes marciales mixtas tras conseguir una victoria por decisi\u00f3n un\u00e1nime sobre el ruso <b>Mark Vologdin <\/b>y asegurarse <b>un contrato con la UFC.<\/b> El combate se disput\u00f3 dentro del evento Dana White\u2019s Contender Series, transmitido desde Estados Unidos y destinado a seleccionar <b>nuevos talentos para la mayor liga mundial de MMA.<\/b><\/p>\n<p class=\"paragraph\">La pelea, que reuni\u00f3 la atenci\u00f3n de la comunidad internacional de <b>MMA<\/b>, fue definida por la propia empresa como <b>una de las m\u00e1s intensas de la historia de la competencia. Mark Vologdin<\/b>, quien mostr\u00f3 solidez en el primer asalto y derrib\u00f3 a Luna Martinetti, tom\u00f3 la delantera ante el ecuatoriano durante los minutos iniciales. La iniciativa del ruso, sostenida por un knockdown, puso a prueba la resistencia y la estrategia del representante sudamericano.<\/p>\n<p class=\"paragraph\">Sin embargo, <b>Luna Martinetti<\/b> revirti\u00f3 el curso del combate desde el segundo asalto. Con<b> ataques precisos y potencia<\/b>, conect\u00f3 una serie de golpes al rostro de su rival, provocando<b> un sangrado abundante en la ceja <\/b>derecha de Vologdin. El tercer asalto mostr\u00f3 la superioridad f\u00edsica y mental del ecuatoriano dentro del oct\u00e1gono, aspecto valorado positivamente por los jueces del evento.<\/p>\n<p class=\"paragraph\">La decisi\u00f3n de los jueces fue categ\u00f3rica: Luna Martinetti obtuvo la victoria por <b>30-28, y la organizaci\u00f3n le otorg\u00f3 el triunfo por unanimidad<\/b>. Despu\u00e9s de la pelea, el presidente de la <b>UFC<\/b>, <b>Dana White<\/b>, no tard\u00f3 en oficializar que<b> ambos peleadores recibir\u00edan contratos para incorporarse a la promotora <\/b>tras el extraordinario enfrentamiento que hab\u00edan protagonizado. Junto con el anuncio, <b>se concedi\u00f3 a cada uno un bono especial de 25.000 d\u00f3lares <\/b>como reconocimiento a la calidad de la pelea, seg\u00fan detall\u00f3 el propio mandam\u00e1s de la compa\u00f1\u00eda.<\/p>\n<p class=\"paragraph\">\u201cVamos a mandar a estos dos muchachos al hospital. Es una de las mejores peleas que he visto en la historia de Contender Series. Voy a firmar a los dos, y no solemos hacer esto pero tambi\u00e9n les dar\u00e9 a ambos el bono de 25 mil d\u00f3lares\u201d. <\/p>\n<p><img alt=\"El ecuatoriano se qued\u00f3 con\" class=\"global-image\" decoding=\"async\" fetchpriority=\"low\" height=\"1080\" loading=\"lazy\" src=\"https:\/\/www.europesays.com\/es\/wp-content\/uploads\/2025\/10\/NV7YNID7FFFPHAJR62LUNARL6Y.jpg\" width=\"1920\"\/>El ecuatoriano se qued\u00f3 con la victoria (@ClubDeLasMMA)<\/p>\n<p class=\"paragraph\">Esta actuaci\u00f3n representa la entrada de <b>Luna Martinetti<\/b> como cuarto ecuatoriano en la UFC, sum\u00e1ndose a los ya consolidados <b>Marlon <\/b><b>Chito<\/b><b> Vera<\/b>, <b>Michael Morales<\/b> y <b>Carlos Vera<\/b>. La competencia de peso gallo (135 libras) se fortalece as\u00ed con la llegada de nuevos talentos latinoamericanos, hecho que refuerza<b> la presencia de Ecuador en la \u00e9lite de las artes marciales mixtas.<\/b><\/p>\n<p class=\"paragraph\">Luna Martinetti, de 30 a\u00f1os, acumula <b>un r\u00e9cord profesional de 17 victorias y una sola derrota<\/b>, registrada en 2017 ante el peruano Luigui Quezada. Sus logros incluyen haberse proclamado campe\u00f3n de Ultimate Warrior Challenge (UWC) en 2022 y 2024, una de las competencias m\u00e1s relevantes en el \u00e1mbito latinoamericano.<\/p>\n<p class=\"paragraph\">El camino de Luna Martinetti hacia la UFC se ha forjado en escenarios regionales, principalmente en <b>M\u00e9xico<\/b>, donde reside y entrena en el Entram Gym de Tijuana. Esta academia, reconocida por su proyecci\u00f3n internacional, tambi\u00e9n ha sido el lugar de preparaci\u00f3n del compatriota<b> Michael Morales, <\/b>quien transit\u00f3 una ruta similar para ingresar al circuito estadounidense.<\/p>\n<p><img alt=\"Luna se impuso por decisi\u00f3n\" class=\"global-image\" decoding=\"async\" fetchpriority=\"low\" height=\"1080\" loading=\"lazy\" src=\"https:\/\/www.europesays.com\/es\/wp-content\/uploads\/2025\/10\/PO5AL63Q5VCS5PCFHLPQXKG6FI.jpg\" width=\"1920\"\/>Luna se impuso por decisi\u00f3n un\u00e1nime (Captura de video)<\/p>\n<p class=\"paragraph\">Al t\u00e9rmino del combate, Adri\u00e1n Luna Martinetti <b>expres\u00f3 apenas levant\u00f3 los brazos<\/b>: \u201cRecuerden mi nombre\u201d. El significado del triunfo va m\u00e1s all\u00e1 para el atleta, ya que se consolida como referente de una nueva generaci\u00f3n de luchadores provenientes de Ecuador. Tras la intensa pelea, Luna Martinetti fue <b>trasladado a una casa de salud para recibir atenci\u00f3n m\u00e9dica<\/b> debido a las lesiones sufridas, lo que no impidi\u00f3 que cumpliera con los protocolos y celebrara su ingreso a las grandes ligas.<\/p>\n<p class=\"paragraph\">El evento Dana White\u2019s Contender Series, creado por Dana White para evaluar e impulsar a peleadores emergentes, se ha transformado e<b>n una plataforma clave para quienes aspiran a los mayores escenarios de las MMA.<\/b> Durante cada edici\u00f3n, los combates deben impresionar a la directiva de la <b>UFC<\/b>, ya que solo las actuaciones sobresalientes dan acceso a un contrato profesional.<\/p>\n","protected":false},"excerpt":{"rendered":"El ecuatoriano Adri\u00e1n Luna Martinetti alcanz\u00f3 un hito hist\u00f3rico en su trayectoria dentro de las artes marciales mixtas&hellip;\n","protected":false},"author":2,"featured_media":163014,"comment_status":"","ping_status":"","sticky":false,"template":"","format":"standard","meta":{"footnotes":""},"categories":[276],"tags":[168,25,24,23,167,343],"class_list":{"0":"post-163013","1":"post","2":"type-post","3":"status-publish","4":"format-standard","5":"has-post-thumbnail","7":"category-ufc","8":"tag-deportes","9":"tag-es","10":"tag-espana","11":"tag-spain","12":"tag-sports","13":"tag-ufc"},"share_on_mastodon":{"url":"","error":""},"_links":{"self":[{"href":"https:\/\/www.europesays.com\/es\/wp-json\/wp\/v2\/posts\/163013","targetHints":{"allow":["GET"]}}],"collection":[{"href":"https:\/\/www.europesays.com\/es\/wp-json\/wp\/v2\/posts"}],"about":[{"href":"https:\/\/www.europesays.com\/es\/wp-json\/wp\/v2\/types\/post"}],"author":[{"embeddable":true,"href":"https:\/\/www.europesays.com\/es\/wp-json\/wp\/v2\/users\/2"}],"replies":[{"embeddable":true,"href":"https:\/\/www.europesays.com\/es\/wp-json\/wp\/v2\/comments?post=163013"}],"version-history":[{"count":0,"href":"https:\/\/www.europesays.com\/es\/wp-json\/wp\/v2\/posts\/163013\/revisions"}],"wp:featuredmedia":[{"embeddable":true,"href":"https:\/\/www.europesays.com\/es\/wp-json\/wp\/v2\/media\/163014"}],"wp:attachment":[{"href":"https:\/\/www.europesays.com\/es\/wp-json\/wp\/v2\/media?parent=163013"}],"wp:term":[{"taxonomy":"category","embeddable":true,"href":"https:\/\/www.europesays.com\/es\/wp-json\/wp\/v2\/categories?post=163013"},{"taxonomy":"post_tag","embeddable":true,"href":"https:\/\/www.europesays.com\/es\/wp-json\/wp\/v2\/tags?post=163013"}],"curies":[{"name":"wp","href":"https:\/\/api.w.org\/{rel}","templated":true}]}}