{"id":16302,"date":"2025-07-31T12:43:07","date_gmt":"2025-07-31T12:43:07","guid":{"rendered":"https:\/\/www.europesays.com\/es\/16302\/"},"modified":"2025-07-31T12:43:07","modified_gmt":"2025-07-31T12:43:07","slug":"la-red-andaluza-de-teatros-recorrera-la-provincia-de-cadiz-con-distintas-propuestas-de-artes-en-vivo-noticias","status":"publish","type":"post","link":"https:\/\/www.europesays.com\/es\/16302\/","title":{"rendered":"La Red Andaluza de Teatros recorrer\u00e1 la provincia de C\u00e1diz con distintas propuestas de artes en vivo &#8211; Noticias"},"content":{"rendered":"<p class=\"Cuerpodetextonotadeprensa\">La Red Andaluza de Teatros P\u00fablicos ha programado, en colaboraci\u00f3n con los ayuntamientos de El Puerto de Santa Mar\u00eda y Chiclana de la Frontera, un total de tres funciones, una de circo, otra de danza, y otra de teatro, para el mes de agosto. Se trata de una iniciativa de la Consejer\u00eda de Cultura y Deporte, organizada a trav\u00e9s de la Agencia Andaluza de Instituciones Culturales (AAIICC), que busca generar nuevos p\u00fablicos para las artes esc\u00e9nicas a la vez que se refuerza la producci\u00f3n art\u00edstica. <\/p>\n<p class=\"Cuerpodetextonotadeprensa\">El programa empieza en El Puerto de Santa Mar\u00eda con \u2018D\u00fao Fitness\u2019, una creaci\u00f3n de la compa\u00f1\u00eda Manolo Carambolas que combina m\u00fasica y ejercicios acrob\u00e1ticos y de malabares. En esta ocasi\u00f3n, Carambolas, premio ACA al Mejor N\u00famero de Circo Individual en la compa\u00f1\u00eda Ludo Circus Show, se acompa\u00f1a de Antonio Ram\u00edrez, Premio M\u00e1lagacrea al mejor espect\u00e1culo de circo performance, para crear un espect\u00e1culo de calle lleno de humor directo. Esta propuesta \u201cdivertida, descarada e irreverente\u201d se podr\u00e1 ver el lunes 4 en la plaza Col\u00f3n, a las 20:00 horas.<\/p>\n<p class=\"Cuerpodetextonotadeprensa\">El d\u00eda 19, a las 21:00 horas, en la Plaza del Castillo, tambi\u00e9n en el Puerto de Santa Mar\u00eda la compa\u00f1\u00eda Danza Mobile presentar\u00e1 \u2018En vano\u2019. Esta producci\u00f3n sumerge al espectador en un mundo de danza contempor\u00e1nea que desaf\u00eda lo ineficaz y lo in\u00fatil. La pieza, concebida por Arturo Parrilla en colaboraci\u00f3n con INcubo Teatro, se inspira en los espacios vac\u00edos de una escultura y explora conceptos como la promesa, la pregunta y la decisi\u00f3n. \u2018En Vano\u2019, obtuvo tres Premios Lorca en 2017, otorgados por la Asociaci\u00f3n de las Artes Esc\u00e9nicas de Andaluc\u00eda (ARESAN), por Mejor Coreograf\u00eda, Mejor Int\u00e9rprete, y Mejor Espect\u00e1culo. <\/p>\n<p class=\"Cuerpodetextonotadeprensa\">El calendario de actuaciones concluye el d\u00eda 27, a las 21:30 horas, en el Teatro Moderno de Chiclana de la Frontera con la representaci\u00f3n de \u2018Soledad, vida y obra de mi abuela\u2019, de Teatro a la Plancha. Est\u00e1 dirigido por el actor, director y dramaturgo sevillano Selu Nieto, conocido tambi\u00e9n por formar parte durante m\u00e1s de 10 a\u00f1os de la serie de televisi\u00f3n &#8216;El Secreto de Puente Viejo&#8217;.\u00a0 La obra es un mon\u00f3logo en el que\u00a0 Nieto, en clave de tragicomedia y a trav\u00e9s de un relato \u00edntimo, encarna a su ya fallecida abuela. Nieto hace las veces de ella y de \u00e9l mismo en un solo unipersonal en el que homenajea \u201ca todas esas abuelas a las que tanto les debemos.\u201d <\/p>\n<p><strong>La Red Andaluz de Teatros P\u00fablicos <\/strong><\/p>\n<p>La Red Andaluza de Teatros P\u00fablicos es un programa fruto de la colaboraci\u00f3n entre la Consejer\u00eda de Cultura y Deporte y aquellos municipios andaluces que anualmente se adhieren al mismo. Est\u00e1 presente en las ocho provincias andaluzas y en Ceuta y tiene como objetivo fundamental llevar espect\u00e1culos de teatro, circo, m\u00fasica y danza a los espacios esc\u00e9nicos de los municipios, facilitando el acceso de la poblaci\u00f3n a las artes esc\u00e9nicas y contribuyendo al desarrollo del tejido empresarial andaluz del sector cultural.<strong> <\/strong><\/p>\n<p>M\u00e1s informaci\u00f3n: <a href=\"https:\/\/www.juntadeandalucia.es\/cultura\/redandaluzadeteatrospublicos\" rel=\"nofollow noopener\" target=\"_blank\">https:\/\/www.juntadeandalucia.es\/cultura\/redandaluzadeteatrospublicos<\/a><\/p>\n","protected":false},"excerpt":{"rendered":"La Red Andaluza de Teatros P\u00fablicos ha programado, en colaboraci\u00f3n con los ayuntamientos de El Puerto de Santa&hellip;\n","protected":false},"author":2,"featured_media":16303,"comment_status":"","ping_status":"","sticky":false,"template":"","format":"standard","meta":{"footnotes":""},"categories":[91],"tags":[8257,146,147,25,24,23],"class_list":{"0":"post-16302","1":"post","2":"type-post","3":"status-publish","4":"format-standard","5":"has-post-thumbnail","7":"category-entretenimiento","8":"tag-artes-escenicas-y-musica","9":"tag-entertainment","10":"tag-entretenimiento","11":"tag-es","12":"tag-espana","13":"tag-spain"},"share_on_mastodon":{"url":"","error":""},"_links":{"self":[{"href":"https:\/\/www.europesays.com\/es\/wp-json\/wp\/v2\/posts\/16302","targetHints":{"allow":["GET"]}}],"collection":[{"href":"https:\/\/www.europesays.com\/es\/wp-json\/wp\/v2\/posts"}],"about":[{"href":"https:\/\/www.europesays.com\/es\/wp-json\/wp\/v2\/types\/post"}],"author":[{"embeddable":true,"href":"https:\/\/www.europesays.com\/es\/wp-json\/wp\/v2\/users\/2"}],"replies":[{"embeddable":true,"href":"https:\/\/www.europesays.com\/es\/wp-json\/wp\/v2\/comments?post=16302"}],"version-history":[{"count":0,"href":"https:\/\/www.europesays.com\/es\/wp-json\/wp\/v2\/posts\/16302\/revisions"}],"wp:featuredmedia":[{"embeddable":true,"href":"https:\/\/www.europesays.com\/es\/wp-json\/wp\/v2\/media\/16303"}],"wp:attachment":[{"href":"https:\/\/www.europesays.com\/es\/wp-json\/wp\/v2\/media?parent=16302"}],"wp:term":[{"taxonomy":"category","embeddable":true,"href":"https:\/\/www.europesays.com\/es\/wp-json\/wp\/v2\/categories?post=16302"},{"taxonomy":"post_tag","embeddable":true,"href":"https:\/\/www.europesays.com\/es\/wp-json\/wp\/v2\/tags?post=16302"}],"curies":[{"name":"wp","href":"https:\/\/api.w.org\/{rel}","templated":true}]}}