{"id":163027,"date":"2025-10-08T14:32:08","date_gmt":"2025-10-08T14:32:08","guid":{"rendered":"https:\/\/www.europesays.com\/es\/163027\/"},"modified":"2025-10-08T14:32:08","modified_gmt":"2025-10-08T14:32:08","slug":"bibliotecas-que-tejen-historias-memorias-y-territorios-fil-cali-2025","status":"publish","type":"post","link":"https:\/\/www.europesays.com\/es\/163027\/","title":{"rendered":"Bibliotecas que tejen historias, memorias y territorios: FIL Cali 2025"},"content":{"rendered":"<ul>&#13;<\/p>\n<li style=\"margin-left: 18pt;\">Del 24 de octubre al 3 de noviembre, la Feria Internacional del Libro de Cali 2025 celebra su d\u00e9cima versi\u00f3n, con Colombia como pa\u00eds invitado de honor.<br \/>&#13;<br \/>\n\t\u00a0<\/li>\n<p>&#13;<\/p>\n<li style=\"margin-left: 18pt;\">En esta amplia programaci\u00f3n, la Red de Bibliotecas P\u00fablicas de Cali ofrecer\u00e1 actividades en m\u00e1s de 60 espacios descentralizados que conectan culturas, generaciones y territorios a trav\u00e9s de la palabra.<br \/>&#13;<br \/>\n\t\u00a0<\/li>\n<p>&#13;<\/p>\n<li style=\"margin-left: 18pt;\">Tambi\u00e9n regresa el Concurso de Cuento para J\u00f3venes Andr\u00e9s Caicedo, junto a una zona especial para las infancias y m\u00e1s de 850 eventos gratuitos que har\u00e1n de Cali un gran escenario para la lectura, la imaginaci\u00f3n y la cultura.<\/li>\n<p>&#13;\n<\/ul>\n<p>\u00a0<\/p>\n<p><strong>Santiago de Cali, 8 de octubre de 2025<\/strong><\/p>\n<p>La Secretar\u00eda de Cultura de Cali, la Universidad del Valle y la Fundaci\u00f3n Spiwak lanzaron la Feria Internacional del Libro de Cali 2025, que se realizar\u00e1 del 24 de octubre al 3 de noviembre en el Bulevar del R\u00edo y Paseo Bol\u00edvar, y m\u00e1s de 60 espacios en la ciudad para celebrar a Colombia como pa\u00eds invitado de honor.<\/p>\n<p>Ser\u00e1n 11 d\u00edas en los que Cali se convertir\u00e1 en un gran escenario para el libro, la palabra y la cultura, celebrando 10 a\u00f1os de historias que fortalecen el compromiso con una ciudad que lee, imagina y sigue tejiendo memorias colectivas.<\/p>\n<p>Desde la Red de Bibliotecas P\u00fablicas de Cali se realizar\u00e1 una diversa programaci\u00f3n bajo el lema \u2018Bibliotecas que tejen\u2019, una propuesta que destaca el poder de la palabra como v\u00ednculo entre culturas, generaciones y territorios.<\/p>\n<p>Con espacios que narran la diversidad del pa\u00eds y su riqueza cultural, invitando a recorrer las seis regiones culturales de Colombia; Caribe, Pac\u00edfico, Andina, Orinoqu\u00eda, Amazon\u00eda e Insular, a trav\u00e9s de la lectura, la escritura y la oralidad.<\/p>\n<p>\u201cTendremos una programaci\u00f3n descentralizada en m\u00e1s de 60 espacios de la ciudad, llevando la lectura, el arte y la memoria a todos los territorios. Este ser\u00e1 un espacio para el encuentro, la imaginaci\u00f3n y la lectura, con una zona especial dedicada a la infancia, donde ni\u00f1os y ni\u00f1as podr\u00e1n descubrir la magia de leer e imaginar el mundo que desean construir\u201d, manifest\u00f3 la secretaria de Cultura, Leydi Higidio.<\/p>\n<p>En el marco de la feria, la carpa de la Red de Bibliotecas P\u00fablicas rendir\u00e1 un homenaje a \u2018Cali, Ciudad Solar\u2019, un movimiento cultural que marc\u00f3 un antes y un despu\u00e9s en la manera de representar y contar la ciudad. En los a\u00f1os setenta, este grupo de j\u00f3venes artistas, escritores y cineastas transform\u00f3 el panorama cultural cale\u00f1o, proyectando a la ciudad como un epicentro de modernidad y rebeld\u00eda est\u00e9tica.<\/p>\n<p>Este reconocimiento destaca a figuras como Andr\u00e9s Caicedo, Carlos Mayolo y Luis Ospina, quienes con su obra abrieron nuevas formas de entender la juventud y de construir identidad desde la palabra, la imagen y la m\u00fasica.<\/p>\n<p>Por eso, este a\u00f1o regresa a la Feria el Concurso de Cuento para J\u00f3venes Andr\u00e9s Caicedo, una iniciativa que vuelve para inspirar a escritores y escritoras entre los 15 y 25 a\u00f1os. M\u00e1s de mil j\u00f3venes han participado en este certamen que se ha consolidado como un espacio para descubrir nuevas narrativas. Este concurso no solo rinde homenaje al esp\u00edritu creativo de Andr\u00e9s Caicedo, sino que tambi\u00e9n impulsa a las nuevas generaciones a contar sus propias historias.<\/p>\n<p>Paola Guevara, escritora, periodista, columnista y directora de FIL Cali, dijo que \u201cesta d\u00e9cada del evento es la evidencia de un modelo \u00fanico en nuestro pa\u00eds: la uni\u00f3n de los sectores p\u00fablico, privado y la academia en funci\u00f3n de esa patria com\u00fan que es el libro. Hemos construido\u00a0 alianzas que nos han permitido explicar que nadie est\u00e1 excluido del mundo del libro; que la lectura, la escritura y la palabra, son el coraz\u00f3n com\u00fan por el que late una sociedad m\u00e1s educada, pensante, c\u00edvica, emp\u00e1tica, diversa, cultivada, sensible, con comprensi\u00f3n del pasado y visi\u00f3n del futuro\u201d.<\/p>\n<p>Como novedad, se le dar\u00e1 apertura a una zona especial dedicada a las infancias, un espacio pensado para que ni\u00f1os y ni\u00f1as descubran la magia de la lectura y la imaginaci\u00f3n. En este lugar, los m\u00e1s peque\u00f1os podr\u00e1n participar en actividades l\u00fadicas, talleres y lecturas que despierten y fortalezcan su v\u00ednculo con los libros.<\/p>\n<p>La Feria Internacional del Libro de Cali 2025 ofrecer\u00e1 una programaci\u00f3n cultural de m\u00e1s de 850 eventos gratuitos, con la participaci\u00f3n de 140 expositores y m\u00e1s de mil invitados nacionales e internacionales. Toda la programaci\u00f3n se podr\u00e1 conocer en las redes oficiales.<\/p>\n<p><strong>Comunicaciones Secretar\u00eda de Cultura<\/strong><\/p>\n","protected":false},"excerpt":{"rendered":"&#13; Del 24 de octubre al 3 de noviembre, la Feria Internacional del Libro de Cali 2025 celebra&hellip;\n","protected":false},"author":2,"featured_media":163028,"comment_status":"","ping_status":"","sticky":false,"template":"","format":"standard","meta":{"footnotes":""},"categories":[172],"tags":[224,146,147,25,24,225,23],"class_list":{"0":"post-163027","1":"post","2":"type-post","3":"status-publish","4":"format-standard","5":"has-post-thumbnail","7":"category-libros","8":"tag-books","9":"tag-entertainment","10":"tag-entretenimiento","11":"tag-es","12":"tag-espana","13":"tag-libros","14":"tag-spain"},"share_on_mastodon":{"url":"","error":""},"_links":{"self":[{"href":"https:\/\/www.europesays.com\/es\/wp-json\/wp\/v2\/posts\/163027","targetHints":{"allow":["GET"]}}],"collection":[{"href":"https:\/\/www.europesays.com\/es\/wp-json\/wp\/v2\/posts"}],"about":[{"href":"https:\/\/www.europesays.com\/es\/wp-json\/wp\/v2\/types\/post"}],"author":[{"embeddable":true,"href":"https:\/\/www.europesays.com\/es\/wp-json\/wp\/v2\/users\/2"}],"replies":[{"embeddable":true,"href":"https:\/\/www.europesays.com\/es\/wp-json\/wp\/v2\/comments?post=163027"}],"version-history":[{"count":0,"href":"https:\/\/www.europesays.com\/es\/wp-json\/wp\/v2\/posts\/163027\/revisions"}],"wp:featuredmedia":[{"embeddable":true,"href":"https:\/\/www.europesays.com\/es\/wp-json\/wp\/v2\/media\/163028"}],"wp:attachment":[{"href":"https:\/\/www.europesays.com\/es\/wp-json\/wp\/v2\/media?parent=163027"}],"wp:term":[{"taxonomy":"category","embeddable":true,"href":"https:\/\/www.europesays.com\/es\/wp-json\/wp\/v2\/categories?post=163027"},{"taxonomy":"post_tag","embeddable":true,"href":"https:\/\/www.europesays.com\/es\/wp-json\/wp\/v2\/tags?post=163027"}],"curies":[{"name":"wp","href":"https:\/\/api.w.org\/{rel}","templated":true}]}}