{"id":163031,"date":"2025-10-08T14:34:09","date_gmt":"2025-10-08T14:34:09","guid":{"rendered":"https:\/\/www.europesays.com\/es\/163031\/"},"modified":"2025-10-08T14:34:09","modified_gmt":"2025-10-08T14:34:09","slug":"criticas-a-la-cancion-del-rapero-lucense-hablo-pablo-sobre-el-gallego-que-horror","status":"publish","type":"post","link":"https:\/\/www.europesays.com\/es\/163031\/","title":{"rendered":"Cr\u00edticas a la canci\u00f3n del rapero lucense Habl\u00f3 Pablo sobre el gallego: \u00abQue horror\u00bb"},"content":{"rendered":"<p>\u00abCando penso nun futuro dist\u00f3pico imax\u00ednome algo coma isto. Que horror\u00bb. Quien hace esta afirmaci\u00f3n es <strong>Manuel Gago<\/strong>, escritor, profesor de la USC y colaborador de T\u00e1boa Redonda. Se refiere a la canci\u00f3n Jerga gallega\u00a0del rapero <strong>Habl\u00f3 Pablo <\/strong>lanzado este verano<strong>. <\/strong>En el otro bando, fans de este lucense de la cosecha del 86 con v\u00ednculos en <a target=\"_blank\" href=\"https:\/\/www.elprogreso.es\/tags\/sarria\/\" rel=\"nofollow noopener\">Sarria<\/a> celebra su \u00faltima creaci\u00f3n. \u00abFelicitaciones por el tema y por ayudar a mantener viva la lengua gallega\u00bb, le escriben en los comentarios de Youtube.\u00a0<\/p>\n<blockquote class=\"twitter-tweet\">\n<p lang=\"es\" dir=\"ltr\">Cando penso nun futuro dist\u00f3pico imax\u00ednome algo coma isto. Que horror. Entre todos debemos loitar para non chegar a esta situaci\u00f3n.<a href=\"https:\/\/t.co\/fxBJMCzzKF\" rel=\"nofollow\">https:\/\/t.co\/fxBJMCzzKF<\/a><\/p>\n<p>\u2014 Manuel Gago (@navoltadafolla) <a href=\"https:\/\/twitter.com\/navoltadafolla\/status\/1975462603767054771?ref_src=twsrc%5Etfw\" rel=\"nofollow noopener\" target=\"_blank\">October 7, 2025<\/a><\/p><\/blockquote>\n<p>Pero, \u00bfqu\u00e9 dice en su letra esta canci\u00f3n para <strong>despertar <\/strong>opiniones tan dispares? Compartimos su primera estrofa:<\/p>\n<p>\u00abSoy el nuevo superh\u00e9roe montado en Vacaloura \/ el escarabajo que vuela m\u00e1s grande de toda Europa \/ si alguien se marcha de farra decimos que est\u00e1 de esmorga \/ Ent\u00f3n se chove que chova te explica que se conforma \/ Examen de jerga sacas cero es un carolo \/ si alguien patea el bal\u00f3n fuerte de punteiro es un furolo \/ a fume de carozo muy r\u00e1pido me lo gozo \/ que bien hago mi trabajo y mi trabajo es el choio \/ No es take it easy preferimos a modi\u00f1o \/ si alguien nos parece guapo piropeamos ben feiti\u00f1o \/ Luego si eres feo, un eufemismo que riqui\u00f1o \/ cuando algo nos da ternura tambi\u00e9n puede ser curri\u00f1o \/ Polo polo pan baila o can y ser tonto es ser pail\u00e1n \/ yo me inspir\u00e9 en Big L y su Criminal Slang \/ Mi nombre es Habl\u00f3 Pablo y hoy soy como Luis Tosar \/ otro gallego calvo que aqu\u00ed vino a brillar.<\/p>\n<blockquote class=\"twitter-tweet\">\n<p lang=\"es\" dir=\"ltr\">Qu\u00e9 lle debe o mundo a Habl\u00f3 Pablo (pero nadie lle entendeu) para que siga facendo canci\u00f3ns?<\/p>\n<p>\u2014 Jos\u00e9 (@JoseBC06) <a href=\"https:\/\/twitter.com\/JoseBC06\/status\/1975241518895276439?ref_src=twsrc%5Etfw\" rel=\"nofollow noopener\" target=\"_blank\">October 6, 2025<\/a><\/p><\/blockquote>\n<p>En la canci\u00f3n, que en los \u00faltimos d\u00edas es foco de las cr\u00edticas en la red social X,\u00a0Habl\u00f3 Pablo\u00a0colabora el grupo de cantareiras As Lembranzas. \u00bfEs el tema un homenaje al\u00a0gallego o contribuye a su ridiculizaci\u00f3n? \u00abSeguro que non o fai a mal e faino con toda a boa intenci\u00f3n, pero o dano que lle fai isto \u00e1 lingua e a imaxe e autoimaxe \u00e9 tremendo\u00bb, apunta el usuario <strong>BorxaGZ<\/strong>.\u00a0<\/p>\n<p>En esta misma l\u00ednea, Jaime (<strong>@Elpieizquierdo<\/strong>), dice \u00abes una caricatura casposa y paleta de Galicia, de los gallegos y del gallego. Verg\u00fcenza ajena\u00bb.\u00a0<\/p>\n<p>Videoclip rodado en A Coru\u00f1a y O Grove<\/p>\n<p>El videoclip (editado por<strong> Olalla Ferga<\/strong> y que lleva 2.600 visualizaciones en Youtube desde su entreno) fue grabado en el colegio<strong> Calasanz Escolapios<\/strong>, de A Coru\u00f1a, y en el mismo colabor\u00f3 un grupo de alumnos del centro. Tambi\u00e9n hay im\u00e1genes de <strong>San Vicente do Grove<\/strong>.<\/p>\n<p>Otras canciones de Habl\u00f3 Pablo<\/p>\n<p>En 2023, el rapero lucense, que estudi\u00f3 en IES Virxe dos Ollos Grandes y fue promesa del tenis, lanz\u00f3 su particular homenaje al RC Deportivo:\u00a0<\/p>\n<p>La canci\u00f3n intrepret\u00f3 ante 30.000 espectadores en Riazor \u00a0de 2004 en el descanso de un partido entre el <strong>Deportivo<\/strong> y el<strong> Arenteiro.\u00a0<\/strong><\/p>\n<p>                        <script async src=\"https:\/\/platform.twitter.com\/widgets.js\" charset=\"utf-8\"><\/script><\/p>\n","protected":false},"excerpt":{"rendered":"\u00abCando penso nun futuro dist\u00f3pico imax\u00ednome algo coma isto. Que horror\u00bb. Quien hace esta afirmaci\u00f3n es Manuel Gago,&hellip;\n","protected":false},"author":2,"featured_media":163032,"comment_status":"","ping_status":"","sticky":false,"template":"","format":"standard","meta":{"footnotes":""},"categories":[170],"tags":[146,147,25,24,785,184,185,213,23],"class_list":{"0":"post-163031","1":"post","2":"type-post","3":"status-publish","4":"format-standard","5":"has-post-thumbnail","7":"category-musica","8":"tag-entertainment","9":"tag-entretenimiento","10":"tag-es","11":"tag-espana","12":"tag-gallego","13":"tag-music","14":"tag-musica","15":"tag-rap","16":"tag-spain"},"share_on_mastodon":{"url":"","error":""},"_links":{"self":[{"href":"https:\/\/www.europesays.com\/es\/wp-json\/wp\/v2\/posts\/163031","targetHints":{"allow":["GET"]}}],"collection":[{"href":"https:\/\/www.europesays.com\/es\/wp-json\/wp\/v2\/posts"}],"about":[{"href":"https:\/\/www.europesays.com\/es\/wp-json\/wp\/v2\/types\/post"}],"author":[{"embeddable":true,"href":"https:\/\/www.europesays.com\/es\/wp-json\/wp\/v2\/users\/2"}],"replies":[{"embeddable":true,"href":"https:\/\/www.europesays.com\/es\/wp-json\/wp\/v2\/comments?post=163031"}],"version-history":[{"count":0,"href":"https:\/\/www.europesays.com\/es\/wp-json\/wp\/v2\/posts\/163031\/revisions"}],"wp:featuredmedia":[{"embeddable":true,"href":"https:\/\/www.europesays.com\/es\/wp-json\/wp\/v2\/media\/163032"}],"wp:attachment":[{"href":"https:\/\/www.europesays.com\/es\/wp-json\/wp\/v2\/media?parent=163031"}],"wp:term":[{"taxonomy":"category","embeddable":true,"href":"https:\/\/www.europesays.com\/es\/wp-json\/wp\/v2\/categories?post=163031"},{"taxonomy":"post_tag","embeddable":true,"href":"https:\/\/www.europesays.com\/es\/wp-json\/wp\/v2\/tags?post=163031"}],"curies":[{"name":"wp","href":"https:\/\/api.w.org\/{rel}","templated":true}]}}