{"id":163042,"date":"2025-10-08T14:41:11","date_gmt":"2025-10-08T14:41:11","guid":{"rendered":"https:\/\/www.europesays.com\/es\/163042\/"},"modified":"2025-10-08T14:41:11","modified_gmt":"2025-10-08T14:41:11","slug":"la-incertidumbre-sobrevuela-francia-a-pocas-horas-del-fin-del-plazo-fijado-por-macron","status":"publish","type":"post","link":"https:\/\/www.europesays.com\/es\/163042\/","title":{"rendered":"La incertidumbre sobrevuela Francia a pocas horas del fin del plazo fijado por Macron"},"content":{"rendered":"<p>    <img src=\"https:\/\/www.europesays.com\/es\/wp-content\/uploads\/2025\/10\/2025-10-08T083A593A28Z-90132132.jpg\" width=\"1024\" height=\"682\" alt=\"\" loading=\"eager\" decoding=\"sync\" fetchpriority=\"high\"\/><\/p>\n<p>            afp_tickers        <\/p>\n<p>        Este contenido fue publicado en    <\/p>\n<p>        08 octubre 2025 &#8211; 15:20\n<\/p>\n<p>Francia sigue sumida este mi\u00e9rcoles en la incertidumbre sobre la decisi\u00f3n que tomar\u00e1 su presidente, Emmanuel Macron, para salir de la crisis pol\u00edtica, aunque su primer ministro dimisionario, S\u00e9bastien Lecornu, alej\u00f3 la perspectivas de nuevas elecciones legislativas.<\/p>\n<p>El tercer jefe de gobierno de Macron en un a\u00f1o present\u00f3 su dimisi\u00f3n el lunes, apenas 14 horas despu\u00e9s de desvelar su gobierno centroderechista en minor\u00eda. El presidente le dio entonces 48 horas para ver si se pod\u00eda formar uno nuevo, que garantice la estabilidad.<\/p>\n<p>Lecornu empez\u00f3 el martes las consultas con los partidos que forman el gobierno desde septiembre de 2024: la alianza centrista de Macron y el partido conservador Los Republicanos (LR). Este mi\u00e9rcoles recibi\u00f3 a las oposiciones de izquierda.\u00a0<\/p>\n<p>A las 20H00 (18H00 GMT) desvelar\u00e1 el resultado de sus conversaciones en una entrevista en la cadena France 2, tras informar al presidente.<\/p>\n<p>\u00abHay una voluntad de tener para Francia un presupuesto [para 2026] antes del 31 de diciembre de este a\u00f1o\u00bb, y esto crea \u00abuna convergencia obviamente que aleja la perspectiva\u00bb de elecciones legislativas anticipadas, explic\u00f3 tras los primeros contactos con sus aliados.<\/p>\n<p>Pero las consultas con la izquierda no fueron tan positivas. Nombrar a un nuevo primer ministro macronista ser\u00eda la \u00abprovocaci\u00f3n final\u00bb, advirti\u00f3 la l\u00edder ecologista, Marine Tondelier, quien pidi\u00f3 de nuevo un jefe de gobierno de izquierda.<\/p>\n<p>Cualquiera de las dos opciones se anuncia compleja. Las legislativas anticipadas de 2024 dejaron una Asamblea Nacional (c\u00e1mara baja) sin mayor\u00edas estables y dividida en tres bloques: izquierda, centroderecha gobernante y ultraderecha, y desataron la crisis pol\u00edtica actual.<\/p>\n<p>El Parlamento tumb\u00f3 desde entonces a dos primeros ministros \u2013el conservador Michel Barnier y el centrista Fran\u00e7ois Bayrou\u2013 cuando intentaban aprobar sus respectivos presupuestos, y la amenaza sigue latente.<\/p>\n<p>La l\u00edder ultraderechista, Marine Le Pen, que rechaz\u00f3 conversar con Lecornu, amenaz\u00f3 con presentar una moci\u00f3n de censura, al estimar que \u00abla broma ha durado demasiado\u00bb. Su partido lidera los sondeos electorales.<\/p>\n<p>La formaci\u00f3n de izquierda radical La Francia Insumisa (LFI) tambi\u00e9n amenaza con la censura si se sigue con \u00abla pol\u00edtica macronista\u00bb, aumentando la presi\u00f3n sobre sus exaliados socialistas y su l\u00edder Olivier Faure para que no pacte con el oficialismo.<\/p>\n<p>\u2013 \u00bfReforma de las pensiones? \u2013<\/p>\n<p>Las miradas est\u00e1n puestas en qu\u00e9 har\u00e1n los socialistas. A principios de a\u00f1o, permitieron que Bayrou aprobar\u00e1 los presupuestos para 2025, pero su posici\u00f3n se endureci\u00f3 desde entonces, al considerar que el centrista los enga\u00f1\u00f3.<\/p>\n<p>Para intentar atraerlos, el jefe de gobierno dimisionario reconoci\u00f3 que tendr\u00e1n que hacer \u00abconcesiones\u00bb. La ex primera ministra \u00c9lisabeth Borne apunt\u00f3 la v\u00edspera a la suspensi\u00f3n de la reforma de las pensiones de 2023, \u00absi es la condici\u00f3n para la estabilidad\u00bb.<\/p>\n<p>\u00abNo\u00a0tenemos ninguna garant\u00eda sobre la realidad de esta suspensi\u00f3n\u00bb, lament\u00f3 Faure tras reunirse con Lecornu. El socialista pidi\u00f3 de nuevo un primer ministro de izquierda y alej\u00f3 la idea de gobernar con el oficialismo.<\/p>\n<p>Macron impuso por decreto en marzo de 2023 su impopular reforma, que retrasa la edad de jubilaci\u00f3n de 62 a 64 a\u00f1os, pese a que los sindicatos con manifestaciones masivas, la opini\u00f3n p\u00fablica e incluso gran parte de diputados estaba en contra.<\/p>\n<p>Los partidos gobernantes LR y Horizontes, as\u00ed como algunos diputados macronistas, rechazan suspenderla, en un contexto en que la segunda econom\u00eda de la UE se encuentra bajo presi\u00f3n para reducir su elevada deuda p\u00fablica, alrededor del 115% del PIB.<\/p>\n<p>Su suspensi\u00f3n tendr\u00eda un costo de \u00abcientos de millones [de euros] en 2026 y miles de millones en 2027\u00bb, advirti\u00f3 el ministro de Econom\u00eda, Roland Lescure, quien abog\u00f3 por buscar formas de compensar su impacto en las arcas p\u00fablicas.<\/p>\n<p>La crisis pol\u00edtica tambi\u00e9n preocupa en Europa, m\u00e1xime cuando cada vez m\u00e1s voces en Francia piden la dimisi\u00f3n de Macron, muy activo en la escena internacional, antes de final de su mandato en 2027. No puede presentarse a su reelecci\u00f3n.<\/p>\n<p>\u00abLa gente no est\u00e1 contenta desde hace a\u00f1os (\u2026) y parece que le da igual. Hay otros problemas, no digo que no, pero tal vez deber\u00eda tambi\u00e9n ocuparse de su pa\u00eds\u00bb, asegur\u00f3 St\u00e9phanie, una trabajadora de un hospital, en una feria agr\u00edcola en el centro de Francia.<\/p>\n<p>El intento de LFI de activar un procedimiento para destituir a Macron decay\u00f3 este mi\u00e9rcoles en el Parlamento.<\/p>\n<p>tjc\/mb<\/p>\n","protected":false},"excerpt":{"rendered":"afp_tickers Este contenido fue publicado en 08 octubre 2025 &#8211; 15:20 Francia sigue sumida este mi\u00e9rcoles en la&hellip;\n","protected":false},"author":2,"featured_media":163043,"comment_status":"","ping_status":"","sticky":false,"template":"","format":"standard","meta":{"footnotes":""},"categories":[42],"tags":[17,18,36596,82,84,13,14,4437,11,61,62,63,64,19,20,87,9,10,15,16,28415,88,90,12,21,22,65,66,67],"class_list":{"0":"post-163042","1":"post","2":"type-post","3":"status-publish","4":"format-standard","5":"has-post-thumbnail","7":"category-internacional","8":"tag-breaking-news","9":"tag-breakingnews","10":"tag-budgets-and-budgeting","11":"tag-business","12":"tag-economy-general","13":"tag-featured-news","14":"tag-featurednews","15":"tag-government","16":"tag-headlines","17":"tag-internacional","18":"tag-international","19":"tag-international-news","20":"tag-internationalnews","21":"tag-latest-news","22":"tag-latestnews","23":"tag-macro-economics","24":"tag-news","25":"tag-noticias","26":"tag-noticias-destacadas","27":"tag-noticiasdestacadas","28":"tag-parliament","29":"tag-politics","30":"tag-ticker","31":"tag-titulares","32":"tag-ultimas-noticias","33":"tag-ultimasnoticias","34":"tag-world","35":"tag-world-news","36":"tag-worldnews"},"share_on_mastodon":{"url":"","error":""},"_links":{"self":[{"href":"https:\/\/www.europesays.com\/es\/wp-json\/wp\/v2\/posts\/163042","targetHints":{"allow":["GET"]}}],"collection":[{"href":"https:\/\/www.europesays.com\/es\/wp-json\/wp\/v2\/posts"}],"about":[{"href":"https:\/\/www.europesays.com\/es\/wp-json\/wp\/v2\/types\/post"}],"author":[{"embeddable":true,"href":"https:\/\/www.europesays.com\/es\/wp-json\/wp\/v2\/users\/2"}],"replies":[{"embeddable":true,"href":"https:\/\/www.europesays.com\/es\/wp-json\/wp\/v2\/comments?post=163042"}],"version-history":[{"count":0,"href":"https:\/\/www.europesays.com\/es\/wp-json\/wp\/v2\/posts\/163042\/revisions"}],"wp:featuredmedia":[{"embeddable":true,"href":"https:\/\/www.europesays.com\/es\/wp-json\/wp\/v2\/media\/163043"}],"wp:attachment":[{"href":"https:\/\/www.europesays.com\/es\/wp-json\/wp\/v2\/media?parent=163042"}],"wp:term":[{"taxonomy":"category","embeddable":true,"href":"https:\/\/www.europesays.com\/es\/wp-json\/wp\/v2\/categories?post=163042"},{"taxonomy":"post_tag","embeddable":true,"href":"https:\/\/www.europesays.com\/es\/wp-json\/wp\/v2\/tags?post=163042"}],"curies":[{"name":"wp","href":"https:\/\/api.w.org\/{rel}","templated":true}]}}