{"id":163051,"date":"2025-10-08T14:48:21","date_gmt":"2025-10-08T14:48:21","guid":{"rendered":"https:\/\/www.europesays.com\/es\/163051\/"},"modified":"2025-10-08T14:48:21","modified_gmt":"2025-10-08T14:48:21","slug":"el-open-de-espana-junta-a-alcaraz-con-jon-rahm","status":"publish","type":"post","link":"https:\/\/www.europesays.com\/es\/163051\/","title":{"rendered":"El Open de Espa\u00f1a junta a Alcaraz con Jon Rahm"},"content":{"rendered":"<p class=\"\">El golf y el tenis siempre maridaron bien. Por similitudes obvias y porque desde hace tiempo es uno de los pasatiempos predilectos de los tenistas profesionales, vease Rafa Nadal, Andy Murray, Roger Federer o Casper Ruud.<b> El \u00faltimo ejemplo, el Pro Am del <\/b><a href=\"https:\/\/as.com\/masdeporte\/golf\/\" target=\"_self\" rel=\"nofollow noopener\" title=\"https:\/\/as.com\/masdeporte\/golf\/\"><b>Open de Espa\u00f1a<\/b><\/a><b>, que junt\u00f3 este mi\u00e9rcoles a <\/b><a href=\"https:\/\/as.com\/masdeporte\/la-ryder-fue-la-semana-mas-dura-mentalmente-de-mi-carrera-f202510-n\/\" target=\"_self\" rel=\"nofollow noopener\" title=\"https:\/\/as.com\/masdeporte\/la-ryder-fue-la-semana-mas-dura-mentalmente-de-mi-carrera-f202510-n\/\"><b>Jon Rahm<\/b><\/a><b> con Carlos Alcaraz<\/b>. Dos puntales del deporte espa\u00f1ol unidos para recorrer juntos el Club de Campo, que acoger\u00e1 de jueves a domingo uno de los torneos m\u00e1s antiguos de Europa. <\/p>\n<p class=\"\"><b>Fueron de los m\u00e1s madrugadores. Su grupo sali\u00f3 a las 8:42 y jug\u00f3 nueve hoyos, para dejar paso a continuaci\u00f3n Jon a Shane Lowry, otra de las estrellas que se han apuntado a la cita este a\u00f1o.<\/b> Tambi\u00e9n estuvieron con ellos Feliciano L\u00f3pez, director del Mutua Madrid Open de tenis, organizado por Madrid Trophy Promotions, que tambi\u00e9n est\u00e1 a cargo del Open de Espa\u00f1a, y un amigo de Alcaraz, que desde que le meti\u00f3 el gusanillo Juan Carlos Ferrero ha progresado mucha y ya roza el h\u00e1ndicap 11. <\/p>\n<p class=\"\">Otros a\u00f1os Rahmbo<b> sol\u00eda repartir su tiempo entre Jos\u00e9 Manuel Entrecanales, CEO de Acciona, que esta edici\u00f3n ya no patrocina el torneo, y el alcalde de Madrid, Jos\u00e9 Luis Mart\u00ednez Almeida<\/b>, que tuvo que ausentarse ya el martes de la presentaci\u00f3n del torneo por estar cumpliendo con un compromiso en Londres y tampoco pudo acudir al Pro Am. <\/p>\n<p>Noticias relacionadas<\/p>\n<p class=\"\"><b>\u00a1Tus opiniones importan!<\/b> Comenta en los art\u00edculos y suscr\u00edbete gratis a nuestra <a href=\"https:\/\/asfan.as.com\/newsletters\/\" target=\"_blank\" rel=\"nofollow noopener\" title=\"https:\/\/asfan.as.com\/newsletters\/\">newsletter<\/a> y a las alertas informativas en la <a href=\"https:\/\/as.com\/aplicacion-de-as-n\/\" target=\"_blank\" rel=\"nofollow noopener\" title=\"https:\/\/as.com\/aplicacion-de-as-n\/\">App<\/a> o el canal de <a href=\"https:\/\/www.whatsapp.com\/channel\/0029VaAasdA7j6g745nz9M10\" target=\"_blank\" rel=\"nofollow noopener\" title=\"https:\/\/www.whatsapp.com\/channel\/0029VaAasdA7j6g745nz9M10\">WhatsApp<\/a>.<\/p>\n<p class=\"\">\u00bfBuscas licenciar contenido? Haz clic <a href=\"https:\/\/profesional.elpais.com\/soluciones-sindicacion?utm_medium=interno&amp;utm_source=crosslinking&amp;utm_campaign=sindicacion_as_pie_articulos\" target=\"_blank\" rel=\"nofollow noopener\" title=\"https:\/\/profesional.elpais.com\/soluciones-sindicacion?utm_medium=interno&amp;utm_source=crosslinking&amp;utm_campaign=sindicacion_as_pie_articulos\">aqu\u00ed<\/a><\/p>\n","protected":false},"excerpt":{"rendered":"El golf y el tenis siempre maridaron bien. Por similitudes obvias y porque desde hace tiempo es uno&hellip;\n","protected":false},"author":2,"featured_media":163052,"comment_status":"","ping_status":"","sticky":false,"template":"","format":"standard","meta":{"footnotes":""},"categories":[274],"tags":[168,25,24,23,167,327,326],"class_list":{"0":"post-163051","1":"post","2":"type-post","3":"status-publish","4":"format-standard","5":"has-post-thumbnail","7":"category-tenis","8":"tag-deportes","9":"tag-es","10":"tag-espana","11":"tag-spain","12":"tag-sports","13":"tag-tenis","14":"tag-tennis"},"share_on_mastodon":{"url":"","error":""},"_links":{"self":[{"href":"https:\/\/www.europesays.com\/es\/wp-json\/wp\/v2\/posts\/163051","targetHints":{"allow":["GET"]}}],"collection":[{"href":"https:\/\/www.europesays.com\/es\/wp-json\/wp\/v2\/posts"}],"about":[{"href":"https:\/\/www.europesays.com\/es\/wp-json\/wp\/v2\/types\/post"}],"author":[{"embeddable":true,"href":"https:\/\/www.europesays.com\/es\/wp-json\/wp\/v2\/users\/2"}],"replies":[{"embeddable":true,"href":"https:\/\/www.europesays.com\/es\/wp-json\/wp\/v2\/comments?post=163051"}],"version-history":[{"count":0,"href":"https:\/\/www.europesays.com\/es\/wp-json\/wp\/v2\/posts\/163051\/revisions"}],"wp:featuredmedia":[{"embeddable":true,"href":"https:\/\/www.europesays.com\/es\/wp-json\/wp\/v2\/media\/163052"}],"wp:attachment":[{"href":"https:\/\/www.europesays.com\/es\/wp-json\/wp\/v2\/media?parent=163051"}],"wp:term":[{"taxonomy":"category","embeddable":true,"href":"https:\/\/www.europesays.com\/es\/wp-json\/wp\/v2\/categories?post=163051"},{"taxonomy":"post_tag","embeddable":true,"href":"https:\/\/www.europesays.com\/es\/wp-json\/wp\/v2\/tags?post=163051"}],"curies":[{"name":"wp","href":"https:\/\/api.w.org\/{rel}","templated":true}]}}