{"id":163061,"date":"2025-10-08T14:54:08","date_gmt":"2025-10-08T14:54:08","guid":{"rendered":"https:\/\/www.europesays.com\/es\/163061\/"},"modified":"2025-10-08T14:54:08","modified_gmt":"2025-10-08T14:54:08","slug":"la-cara-de-pedro-piqueras-cuando-se-da-cuenta-de-quien-tiene-delante-no-tiene-precedentes","status":"publish","type":"post","link":"https:\/\/www.europesays.com\/es\/163061\/","title":{"rendered":"La cara de Pedro Piqueras cuando se da cuenta de qui\u00e9n tiene delante no tiene precedentes"},"content":{"rendered":"<p>Momento glorioso el que se ha vivido en una alfombra roja donde estaba presente el periodista y <a href=\"https:\/\/www.huffingtonpost.es\/virales\/siento-decirlo-asi-le-comenta-piqueras-abascal-soltarle-dos-veces-esto-directo.html\" target=\"_blank\" rel=\"nofollow noopener\">m\u00edtico rostro de Informativos Telecinco, Pedro Piqueras<\/a>. El ahora colaborador de TVE fue a pasar por un photocall y se cruz\u00f3 con Yola Berrocal posando, algo que le ha sorprendido bastante teniendo en cuenta su reacci\u00f3n.\u00a0<\/p>\n<p><a href=\"https:\/\/www.huffingtonpost.es\/politica\/pedro-piqueras-revela-cual-presidente-gobierno-mas-le-impactado-le-he-entrevistado-vez.html\" target=\"_blank\" rel=\"nofollow noopener\">La cara de Pedro Piqueras es todo un poema<\/a> y el v\u00eddeo, publicado en el TikTok de la revista Semana, ya ha dado el salto a X donde cientos de personas se han quedado maravilladas con el momento.\u00a0<\/p>\n<p>Son 14 segundos pero son m\u00e1s que suficientes para apreciar c\u00f3mo el periodista va entrar en el plano, se percata de que est\u00e1 ah\u00ed Berrocal, se da la vuelta y hace una mueca a c\u00e1mara digna del mism\u00edsimo Jim Halpert en The Office.\u00a0<\/p>\n<p>\u00ab\u00bfC\u00f3mo est\u00e1s?\u00bb y \u00abA disfrutar mucho\u00bb se escucha que le dicen a Pedro Piqueras mientras se abrocha la rebequita, que en esos sitios siempre tienen el aire acondicionado a toda leche, y sale entre risas de ah\u00ed.\u00a0<\/p>\n<p>\u00abLa reacci\u00f3n de Pedro Piqueras al ver a Yola Berrocal jajajajjaajjaja los amo\u00bb, ha escrito en la red social de Elon Musk la cuenta\u00a0@elojoquetodolv, que comparte contenido de lo que ahora se llama \u00absalseo\u00bb.\u00a0<\/p>\n<p>Esta escena ha recordado mucho a aquellas <a href=\"https:\/\/www.huffingtonpost.es\/entry\/piqueras-cuenta-que-siente-cuando-salvame-le-da-paso-y-un-hilo-de-twitter-lo-explica-todo_es_63775dc0e4b0184e84e12172.html\" target=\"_blank\" rel=\"nofollow noopener\">m\u00edticas conexiones entre Informativos Telecinco y S\u00e1lvame<\/a> cuando, de repente, Paz Padilla le ten\u00eda que dar paso entre risas y \u00e9l estaba a punto de dar una noticia tr\u00e1gica, algo que pas\u00f3 en m\u00e1s de una ocasi\u00f3n.\u00a0<\/p>\n<p>En 2022, Piqueras cont\u00f3 en una entrevista que esos pasos de un programa a otro no eran lo m\u00e1s apropiado cuando lo que ven\u00eda era un informativo.\u00a0<\/p>\n<p>Piqueras explic\u00f3 en la Cadena SER que es \u00abde risa floja\u00bb y que, por lo general, procura no escuchar lo que est\u00e1n diciendo en ese momento para evitar re\u00edrse, porque <b>\u00abcuando detr\u00e1s de eso tienes que contar que hay 500 muertos por Covid&#8230; es muy fuerte\u00bb.\u00a0<\/b><\/p>\n","protected":false},"excerpt":{"rendered":"Momento glorioso el que se ha vivido en una alfombra roja donde estaba presente el periodista y m\u00edtico&hellip;\n","protected":false},"author":2,"featured_media":163062,"comment_status":"","ping_status":"","sticky":false,"template":"","format":"standard","meta":{"footnotes":""},"categories":[174],"tags":[255,146,147,25,24,256,4047,23],"class_list":{"0":"post-163061","1":"post","2":"type-post","3":"status-publish","4":"format-standard","5":"has-post-thumbnail","7":"category-famosos","8":"tag-celebrities","9":"tag-entertainment","10":"tag-entretenimiento","11":"tag-es","12":"tag-espana","13":"tag-famosos","14":"tag-pedro-piqueras","15":"tag-spain"},"share_on_mastodon":{"url":"","error":""},"_links":{"self":[{"href":"https:\/\/www.europesays.com\/es\/wp-json\/wp\/v2\/posts\/163061","targetHints":{"allow":["GET"]}}],"collection":[{"href":"https:\/\/www.europesays.com\/es\/wp-json\/wp\/v2\/posts"}],"about":[{"href":"https:\/\/www.europesays.com\/es\/wp-json\/wp\/v2\/types\/post"}],"author":[{"embeddable":true,"href":"https:\/\/www.europesays.com\/es\/wp-json\/wp\/v2\/users\/2"}],"replies":[{"embeddable":true,"href":"https:\/\/www.europesays.com\/es\/wp-json\/wp\/v2\/comments?post=163061"}],"version-history":[{"count":0,"href":"https:\/\/www.europesays.com\/es\/wp-json\/wp\/v2\/posts\/163061\/revisions"}],"wp:featuredmedia":[{"embeddable":true,"href":"https:\/\/www.europesays.com\/es\/wp-json\/wp\/v2\/media\/163062"}],"wp:attachment":[{"href":"https:\/\/www.europesays.com\/es\/wp-json\/wp\/v2\/media?parent=163061"}],"wp:term":[{"taxonomy":"category","embeddable":true,"href":"https:\/\/www.europesays.com\/es\/wp-json\/wp\/v2\/categories?post=163061"},{"taxonomy":"post_tag","embeddable":true,"href":"https:\/\/www.europesays.com\/es\/wp-json\/wp\/v2\/tags?post=163061"}],"curies":[{"name":"wp","href":"https:\/\/api.w.org\/{rel}","templated":true}]}}