{"id":163081,"date":"2025-10-08T15:05:08","date_gmt":"2025-10-08T15:05:08","guid":{"rendered":"https:\/\/www.europesays.com\/es\/163081\/"},"modified":"2025-10-08T15:05:08","modified_gmt":"2025-10-08T15:05:08","slug":"le-pen-y-melenchon-rechazan-los-intentos-de-acuerdo-de-lecornu-y-piden-elecciones-anticipadas-en-francia","status":"publish","type":"post","link":"https:\/\/www.europesays.com\/es\/163081\/","title":{"rendered":"Le Pen y M\u00e9lenchon rechazan los intentos de acuerdo de Lecornu y piden elecciones anticipadas en Francia"},"content":{"rendered":"<p style=\"\"><strong>Marine Le Pen<\/strong>, fundadora de Agrupaci\u00f3n Nacional (AN, extrema derecha), primer partido de Francia, y<strong> Jean-Luc M\u00e9lenchon<\/strong>, presidente de La Francia Insumisa (LFI, extrema izquierda), segundo partido nacional, rechazan todos los chalaneos propuestos por<strong> Emmanuel Macron<\/strong>, presidente, y <strong>S\u00e9bastien Lecornu<\/strong> &#8230; , primer ministro dimitido y \u00abresucitado\u00bb, insistiendo en que est\u00e1n dispuestos a censurar el rosario de \u00abalternativas\u00bb que pretenden evitar la convocatoria de elecciones anticipadas.<\/p>\n<p class=\"voc-p\" style=\"\">Tras dimitir, el lunes, Lecornu acept\u00f3 la pen\u00faltima petici\u00f3n de Macron: negociar con socialistas, centristas y conservadores tradicionales un Gobierno de \u00abcoalici\u00f3n nacional\u00bb.<\/p>\n<p class=\"voc-p\" style=\"\">Martes y mi\u00e9rcoles, Lecornu ha intentado esa <a href=\"https:\/\/www.abc.es\/internacional\/primer-ministro-frances-considera-remota-posibilidad-disolver-20251008101632-nt_amp.html\" title=\"www.abc.es\" data-voc-vtm-id=\"in-text-traffic\" data-mrf-link=\"www.abc.es\" rel=\"nofollow noopener\" target=\"_blank\">negociaci\u00f3n con incierto \u00e9xito.<\/a><\/p>\n<p class=\"voc-p\" style=\"\"><strong>Olivier Faure<\/strong>, l\u00edder del PS, acept\u00f3 una posible negociaci\u00f3n, aspirando a ser jefe de un Gobierno de concertaci\u00f3n, pidiendo la revocaci\u00f3n de la reforma de las pensiones que Macron tard\u00f3 seis a\u00f1os en imponer, entre 2017 y 2023. Esa aceptaci\u00f3n socialista en un Gobierno de \u00abconcentraci\u00f3n\u00bb choca con los dirigentes de centro y derecha, totalmente hostiles al abandono de la reforma de las pensiones.<\/p>\n<p class=\"voc-p\" style=\"\">El chalaneo de Faure con Lecornu tambi\u00e9n es rechazado por <strong>Jean-Luc M\u00e9lenchon<\/strong>, presidente del partido l\u00edder entre las izquierdas, por esta raz\u00f3n: \u00abEs lamentable contemplar el espect\u00e1culo de los socialistas intentando salvar a los amigos de Macron, rompiendo la uni\u00f3n de las izquierdas que triunfamos, hace un a\u00f1o, con el proyecto de &#8216;Nuevo Frente Popular&#8217;\u00bb.<\/p>\n<p class=\"voc-p\" style=\"\"><strong>Mathilde Panot<\/strong>, portavoz oficial de LFI, amiga \u00edntima de M\u00e9lenchon, ha lanzado esta advertencia amenazante: \u00abEstamos dispuestos a votar la censura de cualquier Gobierno que aspire a salvar los muebles de Macron y los macronistas\u00bb.<\/p>\n<p class=\"voc-p\" style=\"\">Al frente del primer partido de Francia, <strong>Marine Le Pen <\/strong>saca las mismas conclusiones de las pen\u00faltimas negociaciones entre macronistas, centristas, conservadores y socialistas: \u00abPresentaremos una censura contra cualquier Gobierno que contin\u00fae las catastr\u00f3ficas pol\u00edticas de <strong>Emmanuel Macron<\/strong>\u00ab.<\/p>\n<p class=\"voc-p\" style=\"\">El presidente de la Rep\u00fablica guarda un muy prudente silencio, a <a href=\"https:\/\/www.abc.es\/internacional\/macron-horas-lecornu-negociar-gobierno-estable-fracasa-20251006184908-nt.html\" title=\"www.abc.es\" data-voc-vtm-id=\"in-text-traffic\" data-mrf-link=\"www.abc.es\" rel=\"nofollow noopener\" target=\"_blank\">la espera del incierto resultado <\/a>de los chalaneos de Lecornu con las fuerzas pol\u00edticas te\u00f3ricamente dispuestas a formar un Gobierno de coalici\u00f3n nacional.<\/p>\n<p class=\"voc-p\" style=\"\">Ante la hist\u00f3rica crisis que \u00e9l mismo ha precipitado, con sus catastr\u00f3ficas decisiones de los \u00faltimos dieciocho meses, <strong>Emmanuel Macron <\/strong>puede seguir intentando formar otros Gobiernos o convocar elecciones generales anticipadas. El semanario sat\u00edrico &#8216;Le Canard Encha\u00een\u00e9&#8217;, tradicionalmente muy bien informado, afirma que los prefectos, los representantes del Estado en los departamentos, han recibido la consigna oficiosa de preparar unas elecciones anticipadas a finales de noviembre. Veremos.<\/p>\n","protected":false},"excerpt":{"rendered":"Marine Le Pen, fundadora de Agrupaci\u00f3n Nacional (AN, extrema derecha), primer partido de Francia, y Jean-Luc M\u00e9lenchon, presidente&hellip;\n","protected":false},"author":2,"featured_media":163082,"comment_status":"","ping_status":"","sticky":false,"template":"","format":"standard","meta":{"footnotes":""},"categories":[42],"tags":[36858,945,48246,17,18,4374,13,14,11,40140,61,62,63,64,19,20,37493,48244,9,10,15,16,32909,48245,12,21,22,65,66,67],"class_list":{"0":"post-163081","1":"post","2":"type-post","3":"status-publish","4":"format-standard","5":"has-post-thumbnail","7":"category-internacional","8":"tag-abogan","9":"tag-acuerdo","10":"tag-anticipadas","11":"tag-breaking-news","12":"tag-breakingnews","13":"tag-elecciones","14":"tag-featured-news","15":"tag-featurednews","16":"tag-headlines","17":"tag-intentos","18":"tag-internacional","19":"tag-international","20":"tag-international-news","21":"tag-internationalnews","22":"tag-latest-news","23":"tag-latestnews","24":"tag-lecornu","25":"tag-melenchon","26":"tag-news","27":"tag-noticias","28":"tag-noticias-destacadas","29":"tag-noticiasdestacadas","30":"tag-pen","31":"tag-rechazan","32":"tag-titulares","33":"tag-ultimas-noticias","34":"tag-ultimasnoticias","35":"tag-world","36":"tag-world-news","37":"tag-worldnews"},"share_on_mastodon":{"url":"","error":""},"_links":{"self":[{"href":"https:\/\/www.europesays.com\/es\/wp-json\/wp\/v2\/posts\/163081","targetHints":{"allow":["GET"]}}],"collection":[{"href":"https:\/\/www.europesays.com\/es\/wp-json\/wp\/v2\/posts"}],"about":[{"href":"https:\/\/www.europesays.com\/es\/wp-json\/wp\/v2\/types\/post"}],"author":[{"embeddable":true,"href":"https:\/\/www.europesays.com\/es\/wp-json\/wp\/v2\/users\/2"}],"replies":[{"embeddable":true,"href":"https:\/\/www.europesays.com\/es\/wp-json\/wp\/v2\/comments?post=163081"}],"version-history":[{"count":0,"href":"https:\/\/www.europesays.com\/es\/wp-json\/wp\/v2\/posts\/163081\/revisions"}],"wp:featuredmedia":[{"embeddable":true,"href":"https:\/\/www.europesays.com\/es\/wp-json\/wp\/v2\/media\/163082"}],"wp:attachment":[{"href":"https:\/\/www.europesays.com\/es\/wp-json\/wp\/v2\/media?parent=163081"}],"wp:term":[{"taxonomy":"category","embeddable":true,"href":"https:\/\/www.europesays.com\/es\/wp-json\/wp\/v2\/categories?post=163081"},{"taxonomy":"post_tag","embeddable":true,"href":"https:\/\/www.europesays.com\/es\/wp-json\/wp\/v2\/tags?post=163081"}],"curies":[{"name":"wp","href":"https:\/\/api.w.org\/{rel}","templated":true}]}}