{"id":163103,"date":"2025-10-08T15:18:05","date_gmt":"2025-10-08T15:18:05","guid":{"rendered":"https:\/\/www.europesays.com\/es\/163103\/"},"modified":"2025-10-08T15:18:05","modified_gmt":"2025-10-08T15:18:05","slug":"en-las-cocinas-predominan-beiges-y-blancos-pero-cada-vez-mas-se-busca-personalizacion-con-contrastes-javier-castilla-experto-en-diseno-de-cocinas","status":"publish","type":"post","link":"https:\/\/www.europesays.com\/es\/163103\/","title":{"rendered":"\u00abEn las cocinas predominan beiges y blancos, pero cada vez m\u00e1s se busca personalizaci\u00f3n con contrastes\u00bb, Javier Castilla, experto en dise\u00f1o de cocinas"},"content":{"rendered":"<p>A la pregunta de por d\u00f3nde se empieza a <strong>dise\u00f1ar una cocina<\/strong>, la respuesta es: Por escuchar.\u00bbLas necesidades del cliente son el punto de partida, porque cada cocina debe adaptarse a su estilo de vida, y no al rev\u00e9s\u00bb, afirma el CEO de Rekker,<strong> Javier Castilla<\/strong>. Y a partir de ah\u00ed, es cuando se construye la propuesta, donde <strong>la est\u00e9tica y la funcionalidad<\/strong> dialogan a partes iguales.<\/p>\n<p>Si se compara con otras estancias de la casa, y si seguimos hablando de su dise\u00f1o, la cocina es probablemente <strong>el espacio m\u00e1s t\u00e9cnico y emocional <\/strong>al mismo tiempo, lo que significa que \u00abtiene que ser funcional, resolutiva y c\u00f3moda\u2026 pero tambi\u00e9n debe transmitir calidez, personalidad y emoci\u00f3n\u00bb. Por eso en Rekker no consideran la cocina como una estancia m\u00e1s, sino como <strong>el <a href=\"https:\/\/www.revistainteriores.es\/ideas-casa\/noe-prades-interiorista-buena-cocina-debe-tener-zonas-apoyo-generosas-diseno-que-facilite-convivencia-ya-que-es-espacio-para-compartir_12071\" rel=\"nofollow noopener\" target=\"_blank\">aut\u00e9ntico coraz\u00f3n de la casa<\/a><\/strong>, porque \u00abes el espacio que late al ritmo de quienes lo habitan\u00bb.<\/p>\n<p>&#13;<\/p>\n<p>My Player placeholder<\/p>\n<p>\u00bfNecesitas inspiraci\u00f3n para darle una vida nueva a tu cocina blanca? \u00a1Haz clic en el v\u00eddeo y toma nota de estas elegantes ideas!<\/p>\n<p class=\"by\">Interiores<\/p>\n<p>10 cocinas blancas con grandes ideas<a href=\"https:\/\/www.revistainteriores.es\/estilo-de-vida\/plantas-aire-ideas-interior-casa-decorativa-resistente-facil_12211\" data-ga4_event=\"custom_event\" data-ga4_event_name=\"click_intext\" data-ga4_link_url=\"https:\/\/www.revistainteriores.es\/estilo-de-vida\/plantas-aire-ideas-interior-casa-decorativa-resistente-facil_12211\" data-ga4_link_text=\"parece_hierba_pero_es_una_planta_de_interior_decorativa_y_resistente_que_no_necesita_tierra\" data-ga4_content_type=\"photo\" data-ga4_element=\"related\" rel=\"nofollow noopener\" target=\"_blank\">&#13;&#13;<img loading=\"lazy\" decoding=\"async\" src=\"https:\/\/www.europesays.com\/es\/wp-content\/uploads\/2025\/10\/planta-de-aire_32e80e11_251005134456_600x600.webp.webp\" alt=\"Planta de aire\" class=\"lazyload\" width=\"600\" height=\"600\" data-aspectratio=\"600\/600\"\/>&#13;&#13;<\/p>\n<p class=\"epigraph\">                    &#13;Noticia relacionada<\/p>\n<p class=\"title\">Parece hierba pero es una planta de interior, decorativa y resistente que no necesita tierra<\/p>\n<p><\/a>El dise\u00f1o de la cocina se trabaja con el cliente<\/p>\n<p>Y dentro de esa relaci\u00f3n que se establece con los clientes, la mayor\u00eda de ellos llegan con inspiraci\u00f3n sobre lo que quieren para <a href=\"https:\/\/www.revistainteriores.es\/tendencias\/convierte-tu-cocina-espacio-practico-todas-ideas-alternativas-para-ganar-funcionalidad_11054\" rel=\"nofollow noopener\" target=\"_blank\">su cocina ideal<\/a>, pero tambi\u00e9n <strong>valoran mucho el asesoramiento<\/strong>, \u00aby muchas veces acaban sorprendi\u00e9ndose al ver lo que se puede lograr con los<strong> materiales y soluciones <\/strong>que les proponemos\u00bb, comenta Castilla. Como bien dice, su trabajo consiste en traducir la visi\u00f3n del cliente en una propuesta <strong>realista, funcional y elegante<\/strong>.<\/p>\n<p>&#13;<img loading=\"lazy\" decoding=\"async\"   src=\"https:\/\/www.europesays.com\/es\/wp-content\/uploads\/2025\/10\/cocina-con-isla-en-madera-y-color-negro_5e3b2dd3_250929154636_1280x890.webp.webp\" alt=\"cocina con isla en madera y color negro\" class=\"lazyload\" width=\"1280\" height=\"890\" data-aspectratio=\"1280\/890\"\/><\/p>\n<p>&#13;&#13;Foto: Bonet &#8211; Cocina Rekker&#13;<\/p>\n<p>De hecho, una de las consultas m\u00e1s solicitadas est\u00e1 relacionada con las\u00a0<strong><a href=\"https:\/\/www.revistainteriores.es\/tendencias\/carlos-alvarez-lopez-arquitecto-interiores-cocinas-pequenas-aciertos-es-apostar-por-electrodomesticos-que-no-queden-vista_10822\" rel=\"nofollow noopener\" target=\"_blank\">cocinas peque\u00f1as<\/a><\/strong> y c\u00f3mo se plantea el dise\u00f1o en estos casos. La respuesta est\u00e1 en la <strong>planificaci\u00f3n<\/strong>, \u00abpero nunca renunciamos al dise\u00f1o\u00bb. Los espacios peque\u00f1os exigen mucha precisi\u00f3n: <a href=\"https:\/\/www.revistainteriores.es\/decoracion\/como-optimizar-espacio-cocina-10-soluciones-santos_9400\" rel=\"nofollow noopener\" target=\"_blank\">puertas escamoteables,<\/a> m\u00f3dulos personalizados, soluciones que aprovechan cada cent\u00edmetro, etc. \u00abIncluso en cocinas compactas, se puede generar emoci\u00f3n\u00bb, aseguran desde Rekker.<\/p>\n<p>&#13;<img loading=\"lazy\" decoding=\"async\"   src=\"https:\/\/www.europesays.com\/es\/wp-content\/uploads\/2025\/10\/cocina-abierta-al-comedor-con-isla-y-barra_7216dc3e_38_250929154620_1280x884.webp.webp\" alt=\"cocina abierta al comedor con isla y barra\" class=\"lazyload\" width=\"1280\" height=\"884\" data-aspectratio=\"1280\/884\"\/><\/p>\n<p>&#13;&#13;Foto: Mar\u00eda Pujol &#8211; Cocina Rekker&#13;<\/p>\n<p> Si quieres saber m\u00e1s sobre el dise\u00f1o de cocinas, sigue leyendo.<\/p>\n<p><strong>\u00bfCon qu\u00e9 materiales sueles trabajar y por qu\u00e9 los recomiendas?<\/strong><\/p>\n<p>Trabajamos con <strong>materiales nobles<\/strong>, duraderos y sensoriales: madera natural, FENIX, porcel\u00e1nicos como el MDi de Inalco\u2026 Buscamos equilibrio entre <strong>est\u00e9tica, resistencia y sostenibilidad<\/strong>. Materiales que envejecen bien y se adaptan al uso real.<\/p>\n<p><strong>En cuanto a los colores, \u00bfcu\u00e1les son los que predominan hoy por hoy en las cocinas?<\/strong><\/p>\n<p>Predominan\u00a0<a href=\"https:\/\/www.revistainteriores.es\/tendencias\/decimos-adios-a-cocinas-aburridas-estos-colores-tendencia_10877\" rel=\"nofollow noopener\" target=\"_blank\">los neutros<\/a>: beiges c\u00e1lidos, blancos rotos y grises suaves. Pero cada vez m\u00e1s se busca <strong>personalizaci\u00f3n con contrastes<\/strong>: madera y piedra, tonos tierra o toques en negro. Nosotros apostamos por composiciones atemporales que conecten con la <strong>arquitectura del espacio<\/strong>.<\/p>\n<p>&#13;<img loading=\"lazy\" decoding=\"async\"   src=\"https:\/\/www.europesays.com\/es\/wp-content\/uploads\/2025\/10\/cocina-isla-con-cajones_1ba0f811_48_250929154556_1106x1662.webp.webp\" alt=\"cocina isla con cajones\" class=\"lazyload\" width=\"1106\" height=\"1662\" data-aspectratio=\"1106\/1662\"\/><\/p>\n<p>&#13;&#13;Foto: Oriol Miralles &#8211; Cocina Rekker&#13;<\/p>\n<p><strong>\u00bfQu\u00e9 <a href=\"https:\/\/www.revistainteriores.es\/decoracion\/cocina-reforma-consejos-ideas-tendencias_11112\" rel=\"nofollow noopener\" target=\"_blank\">tendencias<\/a> actuales en las cocinas destacar\u00edas en l\u00edneas generales?<\/strong><\/p>\n<p>La cocina como <strong>espacio multifuncional<\/strong>: abierta, conectada, con zonas para socializar, trabajar o simplemente disfrutar. Tambi\u00e9n vemos una tendencia clara <strong>hacia lo natural<\/strong>: texturas suaves, materiales org\u00e1nicos, iluminaci\u00f3n c\u00e1lida\u2026 Y, por supuesto, la <strong>personalizaci\u00f3n extrema<\/strong>.<\/p>\n<p><strong>\u00bfC\u00f3mo imaginas las cocinas del futuro? \u00bfHay cabida para volver a las &#8216;cocinas de la abuela&#8217;?<\/strong><\/p>\n<p>Las cocinas del futuro ser\u00e1n m\u00e1s emocionales, m\u00e1s vividas. <strong>Con tecnolog\u00eda<\/strong>, s\u00ed, pero al servicio de la experiencia. Y claro que hay cabida para <a href=\"https:\/\/www.revistainteriores.es\/ideas-casa\/estilo-tu-abuela-sigue-moda-8-cosas-que-triunfan-casa-estilo-grandmacore_10049\" rel=\"nofollow noopener\" target=\"_blank\">lo de antes<\/a>: la calidez, el sentido de hogar. Nos gusta decir que la cocina es un <strong>espacio emocional<\/strong>. Y eso no va a cambiar.<\/p>\n<p>&#13;<img loading=\"lazy\" decoding=\"async\"   src=\"https:\/\/www.europesays.com\/es\/wp-content\/uploads\/2025\/10\/isla-cocina-puertas-escamoteables-iluminacion_a0c1eecc_250929154657_1108x1662.webp.webp\" alt=\"isla cocina puertas escamoteables iluminacion\" class=\"lazyload\" width=\"1108\" height=\"1662\" data-aspectratio=\"1108\/1662\"\/><\/p>\n<p>&#13;&#13;Foto: Mar\u00eda Pujol &#8211; Cocina Rekker&#13;<\/p>\n<p><strong>La pregunta del mill\u00f3n: \u00bfcocinas abiertas, independientes o con separador acristalado?\u00a0<\/strong><\/p>\n<p>\u00a1Depende, como casi todo, en el dise\u00f1o! <strong>Cada hogar tiene su ritmo<\/strong>, su estilo de vida y sus prioridades. En Rekker no creemos en soluciones universales, sino en propuestas que se adaptan. Dicho esto, si tuviera que elegir, me quedo con las<a href=\"https:\/\/www.revistainteriores.es\/tendencias\/cocinas-abiertas-salon-10-ideas-y-trucos-faciles-copiar-para-ganar-estilo-y-elegancia_10001\" rel=\"nofollow noopener\" target=\"_blank\"> cocinas abiertas<\/a>\u00a0que saben integrarse sin imponerse.<\/p>\n<p>Cocinas que conviven de forma natural con el sal\u00f3n o el comedor, manteniendo la armon\u00eda del conjunto y, al mismo tiempo, <strong>aportando car\u00e1cter<\/strong>. Y para quienes buscan m\u00e1s independencia, ya sea por est\u00e9tica, funcionalidad o simplemente preferencia personal, <strong>apostamos por soluciones<\/strong> como sistemas de puertas escamoteables, que permiten\u00a0transformar el espacio con un simple gesto, ocultar zonas t\u00e9cnicas o crear atm\u00f3sferas distintas seg\u00fan el momento del d\u00eda.<\/p>\n<p>&#13;<img loading=\"lazy\" decoding=\"async\"   src=\"https:\/\/www.europesays.com\/es\/wp-content\/uploads\/2025\/10\/cocina-isla-con-armarios_6e852432_250929154530_1280x851.webp.webp\" alt=\"cocina isla con armarios\" class=\"lazyload\" width=\"1280\" height=\"851\" data-aspectratio=\"1280\/851\"\/><\/p>\n<p>&#13;&#13;Foto: Mar\u00eda Pujol &#8211; Cocina Rekker&#13;<\/p>\n<p> <a href=\"https:\/\/www.revistainteriores.es\/casas\/entramos-original-piso-48-m-azulejos-salon-cocina-abierta-acero-zona-relax-techo_11890\" data-ga4_event=\"custom_event\" data-ga4_event_name=\"click_intext\" data-ga4_link_url=\"https:\/\/www.revistainteriores.es\/casas\/entramos-original-piso-48-m-azulejos-salon-cocina-abierta-acero-zona-relax-techo_11890\" data-ga4_link_text=\"entramos_en_el_original_piso_de_48_m\u00b2_con_azulejos_en_el_salon_cocina_abierta_de_acero_y_una_zona_de_relax_en_el_techo\" data-ga4_content_type=\"photo\" data-ga4_element=\"related\" rel=\"nofollow noopener\" target=\"_blank\">&#13;&#13;<img loading=\"lazy\" decoding=\"async\" src=\"https:\/\/www.europesays.com\/es\/wp-content\/uploads\/2025\/10\/salon-con-color-y-formas-geometricas_606afaf7_250805130117_600x600.webp.webp\" alt=\"salon con color y formas geom\u00e9tricas\" class=\"lazyload\" width=\"600\" height=\"600\" data-aspectratio=\"600\/600\"\/>&#13;&#13;<\/p>\n<p class=\"epigraph\">                    &#13;Noticia relacionada<\/p>\n<p class=\"title\">Entramos en el original piso de 48 m\u00b2: con azulejos en el sal\u00f3n, cocina abierta de acero y una zona de relax en el techo<\/p>\n<p><\/a><\/p>\n<p><strong>\u00bfQu\u00e9 piensas de las &#8216;cocinas galer\u00eda&#8217;?<\/strong><\/p>\n<p>Son un aut\u00e9ntico reto. Son cocinas peque\u00f1as, de uso intensivo, donde hay que <strong>maximizar la funcionalidad sin sacrificar est\u00e9tica<\/strong>.<strong>\u00a0<\/strong>Pueden ser muy funcionales si se dise\u00f1an con orden y coherencia. Lo importante es la distribuci\u00f3n y los materiales, que permitan mantener la <strong>sensaci\u00f3n de amplitud<\/strong> sin perder capacidad de almacenaje ni est\u00e9tica.<\/p>\n<p>\u00abLa cocina es un lugar donde conviven precisi\u00f3n y sentimientos, rutina y celebraci\u00f3n. Es donde se cocina, s\u00ed, pero tambi\u00e9n donde se comparte, se conversa, se improvisa y se vive\u00bb _ Javier Castilla\u00a0 <\/p>\n","protected":false},"excerpt":{"rendered":"A la pregunta de por d\u00f3nde se empieza a dise\u00f1ar una cocina, la respuesta es: Por escuchar.\u00bbLas necesidades&hellip;\n","protected":false},"author":2,"featured_media":163104,"comment_status":"","ping_status":"","sticky":false,"template":"","format":"standard","meta":{"footnotes":""},"categories":[173],"tags":[229,233,231,230,232,234,146,147,25,24,23],"class_list":{"0":"post-163103","1":"post","2":"type-post","3":"status-publish","4":"format-standard","5":"has-post-thumbnail","7":"category-arte-y-diseno","8":"tag-arte","9":"tag-arte-y-diseno","10":"tag-arts","11":"tag-arts-and-design","12":"tag-design","13":"tag-diseno","14":"tag-entertainment","15":"tag-entretenimiento","16":"tag-es","17":"tag-espana","18":"tag-spain"},"share_on_mastodon":{"url":"","error":""},"_links":{"self":[{"href":"https:\/\/www.europesays.com\/es\/wp-json\/wp\/v2\/posts\/163103","targetHints":{"allow":["GET"]}}],"collection":[{"href":"https:\/\/www.europesays.com\/es\/wp-json\/wp\/v2\/posts"}],"about":[{"href":"https:\/\/www.europesays.com\/es\/wp-json\/wp\/v2\/types\/post"}],"author":[{"embeddable":true,"href":"https:\/\/www.europesays.com\/es\/wp-json\/wp\/v2\/users\/2"}],"replies":[{"embeddable":true,"href":"https:\/\/www.europesays.com\/es\/wp-json\/wp\/v2\/comments?post=163103"}],"version-history":[{"count":0,"href":"https:\/\/www.europesays.com\/es\/wp-json\/wp\/v2\/posts\/163103\/revisions"}],"wp:featuredmedia":[{"embeddable":true,"href":"https:\/\/www.europesays.com\/es\/wp-json\/wp\/v2\/media\/163104"}],"wp:attachment":[{"href":"https:\/\/www.europesays.com\/es\/wp-json\/wp\/v2\/media?parent=163103"}],"wp:term":[{"taxonomy":"category","embeddable":true,"href":"https:\/\/www.europesays.com\/es\/wp-json\/wp\/v2\/categories?post=163103"},{"taxonomy":"post_tag","embeddable":true,"href":"https:\/\/www.europesays.com\/es\/wp-json\/wp\/v2\/tags?post=163103"}],"curies":[{"name":"wp","href":"https:\/\/api.w.org\/{rel}","templated":true}]}}