{"id":163105,"date":"2025-10-08T15:19:08","date_gmt":"2025-10-08T15:19:08","guid":{"rendered":"https:\/\/www.europesays.com\/es\/163105\/"},"modified":"2025-10-08T15:19:08","modified_gmt":"2025-10-08T15:19:08","slug":"presentacion-del-libro-intimas-traiciones-de-jose-manuel-bermudez-en-el-centro-gallego-de-barcelona-galiciaaberta","status":"publish","type":"post","link":"https:\/\/www.europesays.com\/es\/163105\/","title":{"rendered":"Presentaci\u00f3n del libro \u00ab\u00cdntimas Traiciones\u00bb, de Jos\u00e9 Manuel Berm\u00fadez, en el Centro Gallego de Barcelona | GaliciaAberta"},"content":{"rendered":"<p class=\"rteleft\">El Centro Gallego de Barcelona organiza, en su\u00a0sede, la presentaci\u00f3n del libro\u00a0\u00cdntimas Traiciones, de Jos\u00e9 Manuel Berm\u00fadez Siaba, el s\u00e1bado 11 de octubre a las\u00a018:00 horas.<\/p>\n<p class=\"rteleft\">Ser\u00e1 un encuentro con la\u00a0literatura y con la\u00a0emoci\u00f3n a trav\u00e9s de una obra que nos adentra en las\u00a0luces y\u00a0sombras del\u00a0alma humana.<\/p>\n<p class=\"rteleft\">Entrada gratuita.<\/p>\n<p class=\"rteleft\"><strong>M\u00e1s info:\u00a0<\/strong><a href=\"https:\/\/www.facebook.com\/centrogalegobarcelona\" target=\"_blank\" title=\" (este enlace abrirase nunha nova fiestra)\" rel=\"nofollow noopener\">Facebook<\/a>\u00a0| <a href=\"https:\/\/www.instagram.com\/centrogalegobarcelona\/\" target=\"_blank\" rel=\"nofollow noopener\">Instagram<\/a>.<\/p>\n<p><script async src=\"\/\/www.instagram.com\/embed.js\"><\/script><\/p>\n","protected":false},"excerpt":{"rendered":"El Centro Gallego de Barcelona organiza, en su\u00a0sede, la presentaci\u00f3n del libro\u00a0\u00cdntimas Traiciones, de Jos\u00e9 Manuel Berm\u00fadez Siaba,&hellip;\n","protected":false},"author":2,"featured_media":163106,"comment_status":"","ping_status":"","sticky":false,"template":"","format":"standard","meta":{"footnotes":""},"categories":[172],"tags":[224,32660,209,32659,146,147,25,24,225,32658,23],"class_list":{"0":"post-163105","1":"post","2":"type-post","3":"status-publish","4":"format-standard","5":"has-post-thumbnail","7":"category-libros","8":"tag-books","9":"tag-centros-galegos","10":"tag-cultura","11":"tag-emigrantes","12":"tag-entertainment","13":"tag-entretenimiento","14":"tag-es","15":"tag-espana","16":"tag-libros","17":"tag-ocio-e-deporte","18":"tag-spain"},"share_on_mastodon":{"url":"","error":""},"_links":{"self":[{"href":"https:\/\/www.europesays.com\/es\/wp-json\/wp\/v2\/posts\/163105","targetHints":{"allow":["GET"]}}],"collection":[{"href":"https:\/\/www.europesays.com\/es\/wp-json\/wp\/v2\/posts"}],"about":[{"href":"https:\/\/www.europesays.com\/es\/wp-json\/wp\/v2\/types\/post"}],"author":[{"embeddable":true,"href":"https:\/\/www.europesays.com\/es\/wp-json\/wp\/v2\/users\/2"}],"replies":[{"embeddable":true,"href":"https:\/\/www.europesays.com\/es\/wp-json\/wp\/v2\/comments?post=163105"}],"version-history":[{"count":0,"href":"https:\/\/www.europesays.com\/es\/wp-json\/wp\/v2\/posts\/163105\/revisions"}],"wp:featuredmedia":[{"embeddable":true,"href":"https:\/\/www.europesays.com\/es\/wp-json\/wp\/v2\/media\/163106"}],"wp:attachment":[{"href":"https:\/\/www.europesays.com\/es\/wp-json\/wp\/v2\/media?parent=163105"}],"wp:term":[{"taxonomy":"category","embeddable":true,"href":"https:\/\/www.europesays.com\/es\/wp-json\/wp\/v2\/categories?post=163105"},{"taxonomy":"post_tag","embeddable":true,"href":"https:\/\/www.europesays.com\/es\/wp-json\/wp\/v2\/tags?post=163105"}],"curies":[{"name":"wp","href":"https:\/\/api.w.org\/{rel}","templated":true}]}}