{"id":163107,"date":"2025-10-08T15:20:08","date_gmt":"2025-10-08T15:20:08","guid":{"rendered":"https:\/\/www.europesays.com\/es\/163107\/"},"modified":"2025-10-08T15:20:08","modified_gmt":"2025-10-08T15:20:08","slug":"susanna-griso-responde-fuera-de-plato-a-ada-lluch-que-afirma-que-la-han-echado-de-espejo-publico","status":"publish","type":"post","link":"https:\/\/www.europesays.com\/es\/163107\/","title":{"rendered":"Susanna Griso responde fuera de plat\u00f3 a Ada Lluch, que afirma que la han echado de &#8216;Espejo P\u00fablico&#8217;"},"content":{"rendered":"<p>La presentadora Susanna Griso ha usado su perfil de X para responder casi al momento a <a href=\"https:\/\/www.huffingtonpost.es\/virales\/lrespuesta-greta-thunberg-trump-plantea-serias-dudas-adulto-joven.html\" target=\"_blank\" rel=\"nofollow noopener\">Ada Lluch, <b>conocida como la \u00abinfluencer trumpista\u00bb<\/b><\/a>, que cuenta con m\u00e1s de 300.000 seguidores en la red social de Elon Musk y asidua desde hace unas semanas en algunos plat\u00f3s de televisi\u00f3n.\u00a0<\/p>\n<p>Este mi\u00e9rcoles ha estado en plat\u00f3 y al salir, ya desde el coche, ha afirmado que la han echado del plat\u00f3 por explicar con estad\u00edsticas <b>\u00abque Espa\u00f1a no es un pa\u00eds seguro<\/b>\u00ab. \u00abLlevaba las estad\u00edsticas conmigo, Susana. <a href=\"https:\/\/www.huffingtonpost.es\/virales\/susanna-griso-pregunta-page-le-feliz-reeleccion-sanchez-2027-dice-miga.html\" rel=\"nofollow noopener\" target=\"_blank\">Te lo he dicho en directo<\/a> y despu\u00e9s del programa\u00bb, ha afirmado en X.\u00a0<\/p>\n<p>Una sentencia a la que ha respondido, tambi\u00e9n en la red social de Elon Musk, Susanna Griso: \u00ab\u00bfPor qu\u00e9 dices que te hemos echado?  Te hemos despedido porque \u00edbamos a publicidad despu\u00e9s de una entrevista de quince minutos. <b>Y te hemos invitado para una pr\u00f3xima ocasi\u00f3n\u00bb.\u00a0<\/b><\/p>\n<p>En plat\u00f3, Lluch ha hablado de c\u00f3mo ha pasado de ser supuestamente de izquierdas a seguidora ac\u00e9rrima de Donald Trump. Ha contado que poco a poco ha ido form\u00e1ndose su propia opini\u00f3n fuera de los grandes medios de comunicaci\u00f3n.\u00a0\u00a0<\/p>\n<p>A sus 26 a\u00f1os, esta catalana se ha convertido, seg\u00fan el programa de Antena 3, en la voz de Trump en Europa. Adem\u00e1s, se arrepiente haber sido de izquierdas, woke, vegana y feminista.\u00a0<\/p>\n<p>Su mayor logro en redes, seg\u00fan de nuevo el programa, es una foto con Donald Trump que luce con orgullo. Asegura que el presidente de Estados Unidos anim\u00f3 a su novio a pedirle matrimonio.\u00a0<\/p>\n<p><b>\u00abMi concepto de felicidad implica tener una familia, lo cual implica tener un esposo\u00bb<\/b>, le ha dicho a Griso en plat\u00f3. Pero donde de verdad han saltado chispas es en el tema de la seguridad.\u00a0<\/p>\n<p>Ha afirmado Lluch que Espa\u00f1a no es un pa\u00eds seguro, sobre todo para las mujeres y, sobre todo, a partir de ciertas horas: \u00abNo es lo mismo andar por San Cugat que andar en mi calle en Tortosa o en el Raval. Las mujeres y ni\u00f1os y hombres no est\u00e1n seguros en nuestro pa\u00eds\u00bb.\u00a0<\/p>\n<p>Pero ojo que seg\u00fan esta se\u00f1ora, en Estados Unidos las personas que provocan la violencia <b>son \u00ablas personas transg\u00e9nero y los inmigrantes ilegales\u00bb.<\/b> Algo que ha hecho saltar como un resorte a Susanna Griso.\u00a0<\/p>\n<p>La tensi\u00f3n ha llegado hasta el final y Griso le ha instado a verse en otro programa mientras ella ha dicho que el 90% de los atracos han sido provocados por inmigrantes ilegales.\u00a0\u00abIgual tienes un problema con los n\u00fameros. Reitero la invitaci\u00f3n\u00bb, le ha espetado Griso.\u00a0<\/p>\n","protected":false},"excerpt":{"rendered":"La presentadora Susanna Griso ha usado su perfil de X para responder casi al momento a Ada Lluch,&hellip;\n","protected":false},"author":2,"featured_media":163108,"comment_status":"","ping_status":"","sticky":false,"template":"","format":"standard","meta":{"footnotes":""},"categories":[171],"tags":[146,147,25,24,216,23,30447,214],"class_list":{"0":"post-163107","1":"post","2":"type-post","3":"status-publish","4":"format-standard","5":"has-post-thumbnail","7":"category-tv","8":"tag-entertainment","9":"tag-entretenimiento","10":"tag-es","11":"tag-espana","12":"tag-espejo-publico","13":"tag-spain","14":"tag-susanna-griso","15":"tag-tv"},"share_on_mastodon":{"url":"","error":""},"_links":{"self":[{"href":"https:\/\/www.europesays.com\/es\/wp-json\/wp\/v2\/posts\/163107","targetHints":{"allow":["GET"]}}],"collection":[{"href":"https:\/\/www.europesays.com\/es\/wp-json\/wp\/v2\/posts"}],"about":[{"href":"https:\/\/www.europesays.com\/es\/wp-json\/wp\/v2\/types\/post"}],"author":[{"embeddable":true,"href":"https:\/\/www.europesays.com\/es\/wp-json\/wp\/v2\/users\/2"}],"replies":[{"embeddable":true,"href":"https:\/\/www.europesays.com\/es\/wp-json\/wp\/v2\/comments?post=163107"}],"version-history":[{"count":0,"href":"https:\/\/www.europesays.com\/es\/wp-json\/wp\/v2\/posts\/163107\/revisions"}],"wp:featuredmedia":[{"embeddable":true,"href":"https:\/\/www.europesays.com\/es\/wp-json\/wp\/v2\/media\/163108"}],"wp:attachment":[{"href":"https:\/\/www.europesays.com\/es\/wp-json\/wp\/v2\/media?parent=163107"}],"wp:term":[{"taxonomy":"category","embeddable":true,"href":"https:\/\/www.europesays.com\/es\/wp-json\/wp\/v2\/categories?post=163107"},{"taxonomy":"post_tag","embeddable":true,"href":"https:\/\/www.europesays.com\/es\/wp-json\/wp\/v2\/tags?post=163107"}],"curies":[{"name":"wp","href":"https:\/\/api.w.org\/{rel}","templated":true}]}}