{"id":163113,"date":"2025-10-08T15:23:07","date_gmt":"2025-10-08T15:23:07","guid":{"rendered":"https:\/\/www.europesays.com\/es\/163113\/"},"modified":"2025-10-08T15:23:07","modified_gmt":"2025-10-08T15:23:07","slug":"multa-de-9000-euros-y-apercibimiento-de-sancion-grave-para-el-andorra","status":"publish","type":"post","link":"https:\/\/www.europesays.com\/es\/163113\/","title":{"rendered":"Multa de 9000 euros y apercibimiento de sanci\u00f3n grave para el Andorra"},"content":{"rendered":"<p data-gtm-element-container=\"modulo-texto-link\" class=\"paragraph\"><a href=\"https:\/\/www.mundodeportivo.com\/futbol\/20251008\/1002546749\/graves-denuncias-arbitro-andorra-leganes-pique-medio-puta-vergueenza.html\" target=\"_blank\" rel=\"nofollow noopener\">Esta ma\u00f1ana ya nos hac\u00edamos eco en Mundo Deportivo de la nueva sanci\u00f3n a la que se expon\u00eda el <strong>Andorra <\/strong>por parte del Comit\u00e9 de Disciplina de la RFEF <\/a>despu\u00e9s del nuevo incidente que se produjo en los vestuarios del estadio andorrano a la conclusi\u00f3n del partido ante el <strong>Legan\u00e9s <\/strong>del pasado s\u00e1bado.\u00a0<\/p>\n<p data-gtm-element-container=\"modulo-texto-link\" class=\"paragraph\">Incidente con el analista del equipo y de nuevo con <strong>Gerard Piqu\u00e9<\/strong> que el colegiado <strong>Sa\u00fal Ais Reig<\/strong> recogi\u00f3 en su acta arbitral. Sobre el primero, el analista, dice que \u201cuna vez finalizado el encuentro, una persona ubicada en el t\u00fanel de vestuarios, posteriormente identificada como el analista deportivo del FC Andorra, Juli\u00e1n Ezequiel Pedernera Escurti, se dirigi\u00f3 a mi \u00e1rbitro asistente n\u00famero uno en los siguientes t\u00e9rminos: &#8216;Sois unos sinverg\u00fcenzas&#8217;\u201d.<\/p>\n<p>\u00abEsto es una puta verg\u00fcenza\u00bb<\/p>\n<p data-gtm-element-container=\"modulo-texto-link\" class=\"paragraph\">Pero adem\u00e1s a\u00f1ade, respecto a <strong>Gerard Piqu\u00e9<\/strong>, dice textualmente que \u201cposteriormente, ya en el interior del vestuario arbitral, se escucharon varios golpes de gran intensidad en la puerta. Al abrirla, se identific\u00f3 a Don Gerard Piqu\u00e9 Bernab\u00e9u, quien se dirigi\u00f3 a nosotros manifestando lo siguiente: &#8216;Esto es una puta verg\u00fcenza. Ahora, si quer\u00e9is, lo pon\u00e9is en el acta&#8217;\u201d .<\/p>\n<p data-gtm-element-container=\"modulo-texto-link\" class=\"paragraph\">El \u00f3rgano disciplinario acaba de imponer una multa de 9000 euros, que se suma a la que ya le impuso de 15.000 euros  la semana pasada por los graves incidentes a la conclusi\u00f3n del partido ante el <strong>Mirand\u00e9s <\/strong> y donde estuvieron implicados tambi\u00e9n<strong> Gerard Piqu\u00e9<\/strong> junto a<strong> Jaume Nogu\u00e9s<\/strong> como director general y <strong>Carles Manso<\/strong> como director del primer equipo.<\/p>\n<p data-gtm-element-container=\"modulo-texto-link\" class=\"paragraph\">Seg\u00fan recoge la resoluci\u00f3n sanciona al club con esta multa \u00abpor infracci\u00f3n del art\u00edculo 114, en relaci\u00f3n con los art\u00edculos 70 y 93 del C\u00f3digo Disciplinario de la RFEF, con multa de nueve mil euros (9.000 \u20ac).\u00bb\u00a0El setenta habla de actos y conductas contrarias a la tolerancia y el respeto mientras que el 93 se refiere al incumplimiento de las decisiones federativas. Pero adem\u00e1s en el segundo punto de la resoluci\u00f3n del Comit\u00e9 apercibe \u00abal FC Andorra de la posible imposici\u00f3n de alguna de las sanciones complementarias previstas en el art\u00edculo 93.1 del C\u00f3digo Disciplinario, en caso de reiterarse hechos de similar naturaleza.\u00bb<\/p>\n<p data-gtm-element-container=\"modulo-texto-link\" class=\"paragraph\">Y estas sanciones son muy duras. El art\u00edculo se refiere al  incumplimiento de decisiones federativas y en su punto uno dice que \u00abel incumplimiento, consciente y reiterado, de \u00f3rdenes, instrucciones, acuerdos u obligaciones reglamentarias que dicten los \u00f3rganos federativos competentes, ser\u00e1 sancionado como infracci\u00f3n grave y se impondr\u00e1 la sanci\u00f3n, seg\u00fan determine el \u00f3rgano disciplinario competente en base a las reglas que se contienen en el presente Ordenamiento, de multa en cuant\u00eda de 602 a 3.006 euros y una o varias de las siguientes sanciones:<\/p>\n<ul>\n<li>Inhabilitaci\u00f3n o suspensi\u00f3n por tiempo de un mes a dos a\u00f1os o de al menos cuatro encuentros.<\/li>\n<\/ul>\n<ul>\n<li>Clausura, total o parcial, de hasta tres partidos o dos meses.<\/li>\n<\/ul>\n<ul>\n<li>Deducci\u00f3n de tres puntos en la clasificaci\u00f3n final\u00bb.<\/li>\n<\/ul>\n<p>    Lee tambi\u00e9n<\/p>\n<p data-gtm-element-container=\"modulo-texto-link\" class=\"paragraph\">Al igual que sucedi\u00f3 la pasada semana, no se puede sancionar a <strong>Piqu\u00e9 <\/strong>como propietario del club por carecer de licencia federativa.<\/p>\n","protected":false},"excerpt":{"rendered":"Esta ma\u00f1ana ya nos hac\u00edamos eco en Mundo Deportivo de la nueva sanci\u00f3n a la que se expon\u00eda&hellip;\n","protected":false},"author":2,"featured_media":163114,"comment_status":"","ping_status":"","sticky":false,"template":"","format":"standard","meta":{"footnotes":""},"categories":[93],"tags":[168,25,24,23,167],"class_list":{"0":"post-163113","1":"post","2":"type-post","3":"status-publish","4":"format-standard","5":"has-post-thumbnail","7":"category-deportes","8":"tag-deportes","9":"tag-es","10":"tag-espana","11":"tag-spain","12":"tag-sports"},"share_on_mastodon":{"url":"","error":""},"_links":{"self":[{"href":"https:\/\/www.europesays.com\/es\/wp-json\/wp\/v2\/posts\/163113","targetHints":{"allow":["GET"]}}],"collection":[{"href":"https:\/\/www.europesays.com\/es\/wp-json\/wp\/v2\/posts"}],"about":[{"href":"https:\/\/www.europesays.com\/es\/wp-json\/wp\/v2\/types\/post"}],"author":[{"embeddable":true,"href":"https:\/\/www.europesays.com\/es\/wp-json\/wp\/v2\/users\/2"}],"replies":[{"embeddable":true,"href":"https:\/\/www.europesays.com\/es\/wp-json\/wp\/v2\/comments?post=163113"}],"version-history":[{"count":0,"href":"https:\/\/www.europesays.com\/es\/wp-json\/wp\/v2\/posts\/163113\/revisions"}],"wp:featuredmedia":[{"embeddable":true,"href":"https:\/\/www.europesays.com\/es\/wp-json\/wp\/v2\/media\/163114"}],"wp:attachment":[{"href":"https:\/\/www.europesays.com\/es\/wp-json\/wp\/v2\/media?parent=163113"}],"wp:term":[{"taxonomy":"category","embeddable":true,"href":"https:\/\/www.europesays.com\/es\/wp-json\/wp\/v2\/categories?post=163113"},{"taxonomy":"post_tag","embeddable":true,"href":"https:\/\/www.europesays.com\/es\/wp-json\/wp\/v2\/tags?post=163113"}],"curies":[{"name":"wp","href":"https:\/\/api.w.org\/{rel}","templated":true}]}}