{"id":163115,"date":"2025-10-08T15:25:11","date_gmt":"2025-10-08T15:25:11","guid":{"rendered":"https:\/\/www.europesays.com\/es\/163115\/"},"modified":"2025-10-08T15:25:11","modified_gmt":"2025-10-08T15:25:11","slug":"maruja-mallo-llena-de-color-el-reina-sofia","status":"publish","type":"post","link":"https:\/\/www.europesays.com\/es\/163115\/","title":{"rendered":"Maruja Mallo llena de color el Reina Sof\u00eda"},"content":{"rendered":"<p>En esta serie, Mallo mira con <strong>cari\u00f1o cr\u00edtico lo castizo<\/strong> y deja clara la influencia de un reci\u00e9n llegado <strong>realismo m\u00e1gico.<\/strong> El abuso del <strong>color<\/strong>, las influencias del <strong>muralismo<\/strong> y el arte de Diego Rivera, la figuraci\u00f3n vanguardista del <strong>arte popular,<\/strong> donde la iron\u00eda se mezcla con la deformaci\u00f3n para re\u00edrse con sarcasmo inteligente de los t\u00f3picos, cierto <strong>onirismo<\/strong> y un <strong>horror vacui<\/strong> que no abruma, marcan el ya definido estilo de una Mallo todav\u00eda estudiante.<\/p>\n<p>Como curiosidad, adem\u00e1s de manolas y toros, o gigantes y cabezudos con tricornio, tampoco <strong>los espejos del callej\u00f3n del Gato de Madrid<\/strong>, una referencia directa a Valle-Incl\u00e1n, quien con sus gafas y su barba es el modelo que Mallo directamente utilizaba para \u2018El Mago\u2019 (1926).<\/p>\n<p><img decoding=\"async\" alt=\"Uno de los lienzos de la serie 'Verbenas'.\" loading=\"lazy\" class=\"ResponsiveImageContainer-eNxvmU cfBbTk responsive-image__image\"   src=\"https:\/\/www.europesays.com\/es\/wp-content\/uploads\/2025\/10\/MARUJA%20MALLO-Kermesse.jpg\"\/><\/p>\n<p>Uno de los lienzos de la serie \u2018Verbenas\u2019, cedido por el Pompidou.\u00a9 Photo CNAC\/MNAM &#8211; Jacques Faujour<\/p>\n<p>Uno de los lienzos ya formaba parte del cat\u00e1logo del Reina Sof\u00eda, pero con <strong>esta retrospectiva se puede volver a disfrutar de la serie completa<\/strong>, pues el Art Institute de <a href=\"https:\/\/www.traveler.es\/viajes-urbanos\/articulos\/48-horas-chicago\/9367\" rel=\"nofollow noopener\" target=\"_blank\">Chicago<\/a> y el parisino Pompidou han cedido piezas, mostrando as\u00ed el conjunto tal como pas\u00f3 en 1928 bajo la mirada del te\u00f3rico de la deshumanizaci\u00f3n del arte.<\/p>\n<p>De esta primera etapa, la comisaria de la muestra, <strong>Patricia Molins<\/strong>, no ha olvidado <strong>obras tempranas<\/strong> en las que todav\u00eda firma la artista como Ana, pues lo de Mallo llegar\u00eda despu\u00e9s, siguiendo la estela de su hermano escultor, <strong>Cristino Mallo<\/strong>, que escogi\u00f3 <strong>el segundo apellido paterno<\/strong> para su nombre art\u00edstico. Tampoco otros ejemplos de <strong>ese estilo so\u00f1ador, moderno<\/strong> y ya algo surrealista de la gallega, como su \u2018<strong>Gu\u00eda Postal de Lugo<\/strong>\u2019 (1929).<\/p>\n<p><img decoding=\"async\" alt=\"Recorte de peri\u00f3dico en la muestra \u2018Maruja Mallo. Mscara y comps.\" loading=\"lazy\" class=\"ResponsiveImageContainer-eNxvmU cfBbTk responsive-image__image\"   src=\"https:\/\/www.europesays.com\/es\/wp-content\/uploads\/2025\/10\/IMG_4933.JPG\"\/><\/p>\n<p>Recorte de peri\u00f3dico en la muestra \u2018Maruja Mallo. M\u00e1scara y comp\u00e1s\u2019.Cynthia Martin<\/p>\n<p>Ordenada de forma cronol\u00f3gica, la exhibici\u00f3n prosigue con la breve pero intensa estad\u00eda parisina de la gallega, donde una beca la introdujo brevemente en el coraz\u00f3n <strong>efervescente del surrealismo.<\/strong> En <a href=\"https:\/\/www.traveler.es\/articulos\/50-cosas-que-hacer-en-paris\" rel=\"nofollow noopener\" target=\"_blank\">Par\u00eds<\/a> se reencontrar\u00eda con su amigo Dal\u00ed y conocer\u00eda a los pesos pesados del momento. Pero ellos tambi\u00e9n la conocer\u00edan a ella, a su car\u00e1cter y arte arrolladores: el mismo <strong>Andr\u00e9 Breton lleg\u00f3 a adquirir una obra suya, \u2018Espantap\u00e1jaros\u2019,<\/strong> que luce en la sala dedicada al ciclo conocido como <strong>\u2018Cloacas y Campanarios<\/strong>\u2019, la parte de pintura oscura que desarrolla Mallo a inicios de la d\u00e9cada de los treinta.<\/p>\n","protected":false},"excerpt":{"rendered":"En esta serie, Mallo mira con cari\u00f1o cr\u00edtico lo castizo y deja clara la influencia de un reci\u00e9n&hellip;\n","protected":false},"author":2,"featured_media":163116,"comment_status":"","ping_status":"","sticky":false,"template":"","format":"standard","meta":{"footnotes":""},"categories":[91],"tags":[517,3045,146,147,25,24,241,205,48249,23],"class_list":{"0":"post-163115","1":"post","2":"type-post","3":"status-publish","4":"format-standard","5":"has-post-thumbnail","7":"category-entretenimiento","8":"tag-actualidad","9":"tag-curiosidades","10":"tag-entertainment","11":"tag-entretenimiento","12":"tag-es","13":"tag-espana","14":"tag-exposiciones","15":"tag-madrid","16":"tag-mujeres-que-viajan","17":"tag-spain"},"share_on_mastodon":{"url":"","error":""},"_links":{"self":[{"href":"https:\/\/www.europesays.com\/es\/wp-json\/wp\/v2\/posts\/163115","targetHints":{"allow":["GET"]}}],"collection":[{"href":"https:\/\/www.europesays.com\/es\/wp-json\/wp\/v2\/posts"}],"about":[{"href":"https:\/\/www.europesays.com\/es\/wp-json\/wp\/v2\/types\/post"}],"author":[{"embeddable":true,"href":"https:\/\/www.europesays.com\/es\/wp-json\/wp\/v2\/users\/2"}],"replies":[{"embeddable":true,"href":"https:\/\/www.europesays.com\/es\/wp-json\/wp\/v2\/comments?post=163115"}],"version-history":[{"count":0,"href":"https:\/\/www.europesays.com\/es\/wp-json\/wp\/v2\/posts\/163115\/revisions"}],"wp:featuredmedia":[{"embeddable":true,"href":"https:\/\/www.europesays.com\/es\/wp-json\/wp\/v2\/media\/163116"}],"wp:attachment":[{"href":"https:\/\/www.europesays.com\/es\/wp-json\/wp\/v2\/media?parent=163115"}],"wp:term":[{"taxonomy":"category","embeddable":true,"href":"https:\/\/www.europesays.com\/es\/wp-json\/wp\/v2\/categories?post=163115"},{"taxonomy":"post_tag","embeddable":true,"href":"https:\/\/www.europesays.com\/es\/wp-json\/wp\/v2\/tags?post=163115"}],"curies":[{"name":"wp","href":"https:\/\/api.w.org\/{rel}","templated":true}]}}