{"id":16312,"date":"2025-07-31T12:49:15","date_gmt":"2025-07-31T12:49:15","guid":{"rendered":"https:\/\/www.europesays.com\/es\/16312\/"},"modified":"2025-07-31T12:49:15","modified_gmt":"2025-07-31T12:49:15","slug":"el-campus-de-verano-del-balonmano-zamora-consolida-valores-saludables-y-el-futuro-del-balonmano-de-zamora","status":"publish","type":"post","link":"https:\/\/www.europesays.com\/es\/16312\/","title":{"rendered":"El campus de verano del Balonmano Zamora consolida valores saludables y \u201cel futuro del balonmano de Zamora\u201d"},"content":{"rendered":"<p class=\"paragraph-atom &#10;        A-500-300-700-N A-550-300-700-N--md  \">El Club Balonmano Zamora Caja Rural ha dado por finalizada una nueva edici\u00f3n de sus campus de verano, que se han desarrollado durante todo el mes de julio y que han supuesto una experiencia inolvidable para los m\u00e1s peque\u00f1os.<\/p>\n<p class=\"paragraph-atom &#10;        A-500-300-700-N A-550-300-700-N--md  \">Con un modelo que combina formaci\u00f3n deportiva, diversi\u00f3n, convivencia y valores, el club ha vuelto a consolidar sus campus como una referencia en el calendario estival zamorano, promoviendo h\u00e1bitos saludables, pasi\u00f3n por el balonmano y v\u00ednculo con el entorno. A pesar de haberse desarrollado con una participaci\u00f3n algo menor que en a\u00f1os anteriores, desde la entidad se realiza un balance positivo, destacando la implicaci\u00f3n del equipo t\u00e9cnico y la satisfacci\u00f3n mostrada por los ni\u00f1os y ni\u00f1as participantes. <\/p>\n<p class=\"paragraph-atom &#10;        A-500-300-700-N A-550-300-700-N--md  \">Tanto el Campus Urbano como el Campus de Tecnificaci\u00f3n han ofrecido una programaci\u00f3n que ha combinado entrenamientos adaptados, juegos, actividades en piscina, din\u00e1micas grupales y la convivencia con referentes del primer equipo. Un enfoque que ha puesto el acento en el deporte como herramienta para el crecimiento personal, el compa\u00f1erismo y la diversi\u00f3n.<\/p>\n<p class=\"paragraph-atom &#10;        A-500-300-700-N A-550-300-700-N--md  \">Desde la directiva del Club se valora de manera positiva ambas actividades, \u201cpara nosotros es una satisfacci\u00f3n enorme ver c\u00f3mo los ni\u00f1os y ni\u00f1as disfrutan, aprenden y se ilusionan con el balonmano, son el futuro del Balonmano Zamora. El a\u00f1o que viene vamos a apostar por renovar este modelo de campus, para seguir mejorando la experiencia de los ni\u00f1os y ni\u00f1as\u201d.<\/p>\n<p class=\"paragraph-atom &#10;        A-500-300-700-N A-550-300-700-N--md  \">Ahora, el Balonmano Zamora pone rumbo a Sanabria, donde del 3 al 10 de agosto se celebrar\u00e1 su tradicional Campamento de Balonmano, una experiencia en plena naturaleza que une deporte, convivencia, ocio y formaci\u00f3n, y que se ha convertido en una de las actividades m\u00e1s especiales del verano para el club.<\/p>\n<p class=\"paragraph-atom &#10;        A-500-300-700-N A-550-300-700-N--md  \">El Balonmano Zamora agradece la confianza de las familias, la implicaci\u00f3n de los monitores y el apoyo de las instituciones colaboradoras. La entidad ya trabaja en nuevas propuestas para continuar fomentando el deporte base durante la temporada 2025\/2026.<\/p>\n","protected":false},"excerpt":{"rendered":"El Club Balonmano Zamora Caja Rural ha dado por finalizada una nueva edici\u00f3n de sus campus de verano,&hellip;\n","protected":false},"author":2,"featured_media":16313,"comment_status":"","ping_status":"","sticky":false,"template":"","format":"standard","meta":{"footnotes":""},"categories":[278],"tags":[376,2741,8111,168,25,24,375,23,167,1793,2946],"class_list":{"0":"post-16312","1":"post","2":"type-post","3":"status-publish","4":"format-standard","5":"has-post-thumbnail","7":"category-balonmano","8":"tag-balonmano","9":"tag-campus","10":"tag-consolida","11":"tag-deportes","12":"tag-es","13":"tag-espana","14":"tag-handball","15":"tag-spain","16":"tag-sports","17":"tag-verano","18":"tag-zamora"},"share_on_mastodon":{"url":"","error":""},"_links":{"self":[{"href":"https:\/\/www.europesays.com\/es\/wp-json\/wp\/v2\/posts\/16312","targetHints":{"allow":["GET"]}}],"collection":[{"href":"https:\/\/www.europesays.com\/es\/wp-json\/wp\/v2\/posts"}],"about":[{"href":"https:\/\/www.europesays.com\/es\/wp-json\/wp\/v2\/types\/post"}],"author":[{"embeddable":true,"href":"https:\/\/www.europesays.com\/es\/wp-json\/wp\/v2\/users\/2"}],"replies":[{"embeddable":true,"href":"https:\/\/www.europesays.com\/es\/wp-json\/wp\/v2\/comments?post=16312"}],"version-history":[{"count":0,"href":"https:\/\/www.europesays.com\/es\/wp-json\/wp\/v2\/posts\/16312\/revisions"}],"wp:featuredmedia":[{"embeddable":true,"href":"https:\/\/www.europesays.com\/es\/wp-json\/wp\/v2\/media\/16313"}],"wp:attachment":[{"href":"https:\/\/www.europesays.com\/es\/wp-json\/wp\/v2\/media?parent=16312"}],"wp:term":[{"taxonomy":"category","embeddable":true,"href":"https:\/\/www.europesays.com\/es\/wp-json\/wp\/v2\/categories?post=16312"},{"taxonomy":"post_tag","embeddable":true,"href":"https:\/\/www.europesays.com\/es\/wp-json\/wp\/v2\/tags?post=16312"}],"curies":[{"name":"wp","href":"https:\/\/api.w.org\/{rel}","templated":true}]}}