{"id":163131,"date":"2025-10-08T15:34:07","date_gmt":"2025-10-08T15:34:07","guid":{"rendered":"https:\/\/www.europesays.com\/es\/163131\/"},"modified":"2025-10-08T15:34:07","modified_gmt":"2025-10-08T15:34:07","slug":"horarios-y-ordenes-de-salida-dias-1-y-2-open-de-espana-presented-by-madrid-2025","status":"publish","type":"post","link":"https:\/\/www.europesays.com\/es\/163131\/","title":{"rendered":"Horarios y \u00f3rdenes de salida. D\u00edas 1 y 2. Open de Espa\u00f1a presented by Madrid 2025"},"content":{"rendered":"<p>El <strong>Open de Espa\u00f1a presented by Madrid 2025,<\/strong> que acoge el Club, celebra el jueves 9 y el domingo 10 de octubre, la primera y segunda jornada.<\/p>\n<p>En el siguiente enlace, pueden consultarse los horarios y \u00f3rdenes de salida:<\/p>\n<p><a href=\"https:\/\/www.ccvm.es\/sites\/default\/files\/users\/user7\/R1_Draw_20251007_100934_1_.pdf\" target=\"_blank\" rel=\"nofollow noopener\"><strong>Horarios y \u00f3rdenes de salida. Jueves 9 y viernes 10 de octubre. D\u00edas 1 y 2.<\/strong><\/a><\/p>\n<p>Toda la informaci\u00f3n sobre el torneo en el siguiente enlace:<\/p>\n<p><a href=\"https:\/\/www.ccvm.es\/deportes\/golf\/open-espana\" target=\"_blank\" rel=\"nofollow noopener\"><strong>Open de Espa\u00f1a presented by Madrid 2025<\/strong><\/a><\/p>\n","protected":false},"excerpt":{"rendered":"El Open de Espa\u00f1a presented by Madrid 2025, que acoge el Club, celebra el jueves 9 y el&hellip;\n","protected":false},"author":2,"featured_media":163132,"comment_status":"","ping_status":"","sticky":false,"template":"","format":"standard","meta":{"footnotes":""},"categories":[275],"tags":[168,25,24,329,23,167],"class_list":{"0":"post-163131","1":"post","2":"type-post","3":"status-publish","4":"format-standard","5":"has-post-thumbnail","7":"category-golf","8":"tag-deportes","9":"tag-es","10":"tag-espana","11":"tag-golf","12":"tag-spain","13":"tag-sports"},"share_on_mastodon":{"url":"","error":""},"_links":{"self":[{"href":"https:\/\/www.europesays.com\/es\/wp-json\/wp\/v2\/posts\/163131","targetHints":{"allow":["GET"]}}],"collection":[{"href":"https:\/\/www.europesays.com\/es\/wp-json\/wp\/v2\/posts"}],"about":[{"href":"https:\/\/www.europesays.com\/es\/wp-json\/wp\/v2\/types\/post"}],"author":[{"embeddable":true,"href":"https:\/\/www.europesays.com\/es\/wp-json\/wp\/v2\/users\/2"}],"replies":[{"embeddable":true,"href":"https:\/\/www.europesays.com\/es\/wp-json\/wp\/v2\/comments?post=163131"}],"version-history":[{"count":0,"href":"https:\/\/www.europesays.com\/es\/wp-json\/wp\/v2\/posts\/163131\/revisions"}],"wp:featuredmedia":[{"embeddable":true,"href":"https:\/\/www.europesays.com\/es\/wp-json\/wp\/v2\/media\/163132"}],"wp:attachment":[{"href":"https:\/\/www.europesays.com\/es\/wp-json\/wp\/v2\/media?parent=163131"}],"wp:term":[{"taxonomy":"category","embeddable":true,"href":"https:\/\/www.europesays.com\/es\/wp-json\/wp\/v2\/categories?post=163131"},{"taxonomy":"post_tag","embeddable":true,"href":"https:\/\/www.europesays.com\/es\/wp-json\/wp\/v2\/tags?post=163131"}],"curies":[{"name":"wp","href":"https:\/\/api.w.org\/{rel}","templated":true}]}}