{"id":163133,"date":"2025-10-08T15:35:08","date_gmt":"2025-10-08T15:35:08","guid":{"rendered":"https:\/\/www.europesays.com\/es\/163133\/"},"modified":"2025-10-08T15:35:08","modified_gmt":"2025-10-08T15:35:08","slug":"he-estado-toda-mi-vida-esperandole-55-segundos-para-poder-sacar","status":"publish","type":"post","link":"https:\/\/www.europesays.com\/es\/163133\/","title":{"rendered":"He estado toda mi vida esper\u00e1ndole 55 segundos para poder sacar"},"content":{"rendered":"<p data-mrf-recirculation=\"Links P\u00e1rrafos\" class=\"ue-c-article__paragraph paragraph\"><strong>Daniil Medvedev<\/strong>, despu\u00e9s de unos d\u00edas calmado tras el show protagonizado en la primera ronda del US Open <strong>y que le cost\u00f3 una sanci\u00f3n de 42.500 d\u00f3lares y la p\u00e9rdida de todo los miembros de su equipo<\/strong>, ha vuelto a las andadas en su partido de octavos del Masters 1000 de Shangh\u00e1i ante el joven estadounidense Learner Tien, su verdugo este a\u00f1o en el Open de Australia y m\u00e1s recientemente en Pek\u00edn, como consecuencia de los calambres que le obligaron a abandonar.\u00a0<\/p>\n<p data-mrf-recirculation=\"Links P\u00e1rrafos\" class=\"ue-c-article__paragraph paragraph\">Estos volvieron a aparecer en Shangh\u00e1i despu\u00e9s de que el ruso dejara escapar una renta de 3-0 y 15-40 en el segundo set ante Tien. \u00ab<strong>\u00bfQu\u00e9 puedo hacer? Est\u00e1 en todos lados<\/strong>\u00ab, le dec\u00eda a su banquillo donde estaba sin palabras el sueco Thomas Johansson. Tuvo que aguantar durante muchos minutos la ira de su jugador.\u00a0<\/p>\n<p data-mrf-recirculation=\"Links P\u00e1rrafos\" class=\"ue-c-article__paragraph paragraph\">Tras perder la segunda manda, Medvedev se acord\u00f3 de la presi\u00f3n a la que se ve\u00eda sometido al saque por el juez de silla, Mohamed Lahyani. \u00ab<strong>Veo que te importa poco el hecho que he estado toda mi vida esperando a Rafa (Nadal) 55 segundos y ahora me amonestas a la primera<\/strong>\u00ab.\u00a0<\/p>\n<p>En la pelea por estar en Tur\u00edn<br \/>\u200b<\/p>\n<p data-mrf-recirculation=\"Links P\u00e1rrafos\" class=\"ue-c-article__paragraph paragraph\"><strong>Las semifinales del moscovita en el Open 500 de Pek\u00edn y los cuartos del TMS de Shangh\u00e1i le meten de lleno en la pelea por una de las seis plazas restantes para las ATP Finals de Tur\u00edn<\/strong> (9 al 16 de noviembre). Suma 2.110 puntos y podr\u00eda salir de la gira china con 2.910 en caso de levantar el trofeo el pr\u00f3ximo domingo.\u00a0<\/p>\n","protected":false},"excerpt":{"rendered":"Daniil Medvedev, despu\u00e9s de unos d\u00edas calmado tras el show protagonizado en la primera ronda del US Open&hellip;\n","protected":false},"author":2,"featured_media":163134,"comment_status":"","ping_status":"","sticky":false,"template":"","format":"standard","meta":{"footnotes":""},"categories":[274],"tags":[168,25,24,23,167,327,326],"class_list":{"0":"post-163133","1":"post","2":"type-post","3":"status-publish","4":"format-standard","5":"has-post-thumbnail","7":"category-tenis","8":"tag-deportes","9":"tag-es","10":"tag-espana","11":"tag-spain","12":"tag-sports","13":"tag-tenis","14":"tag-tennis"},"share_on_mastodon":{"url":"","error":""},"_links":{"self":[{"href":"https:\/\/www.europesays.com\/es\/wp-json\/wp\/v2\/posts\/163133","targetHints":{"allow":["GET"]}}],"collection":[{"href":"https:\/\/www.europesays.com\/es\/wp-json\/wp\/v2\/posts"}],"about":[{"href":"https:\/\/www.europesays.com\/es\/wp-json\/wp\/v2\/types\/post"}],"author":[{"embeddable":true,"href":"https:\/\/www.europesays.com\/es\/wp-json\/wp\/v2\/users\/2"}],"replies":[{"embeddable":true,"href":"https:\/\/www.europesays.com\/es\/wp-json\/wp\/v2\/comments?post=163133"}],"version-history":[{"count":0,"href":"https:\/\/www.europesays.com\/es\/wp-json\/wp\/v2\/posts\/163133\/revisions"}],"wp:featuredmedia":[{"embeddable":true,"href":"https:\/\/www.europesays.com\/es\/wp-json\/wp\/v2\/media\/163134"}],"wp:attachment":[{"href":"https:\/\/www.europesays.com\/es\/wp-json\/wp\/v2\/media?parent=163133"}],"wp:term":[{"taxonomy":"category","embeddable":true,"href":"https:\/\/www.europesays.com\/es\/wp-json\/wp\/v2\/categories?post=163133"},{"taxonomy":"post_tag","embeddable":true,"href":"https:\/\/www.europesays.com\/es\/wp-json\/wp\/v2\/tags?post=163133"}],"curies":[{"name":"wp","href":"https:\/\/api.w.org\/{rel}","templated":true}]}}