{"id":163135,"date":"2025-10-08T15:36:06","date_gmt":"2025-10-08T15:36:06","guid":{"rendered":"https:\/\/www.europesays.com\/es\/163135\/"},"modified":"2025-10-08T15:36:06","modified_gmt":"2025-10-08T15:36:06","slug":"citadas-a-declarar-cuatro-personas-en-navarra-por-boicotear-al-equipo-israel","status":"publish","type":"post","link":"https:\/\/www.europesays.com\/es\/163135\/","title":{"rendered":"Citadas a declarar cuatro personas en Navarra por boicotear al equipo Israel"},"content":{"rendered":"<p data-mrf-recirculation=\"Links P\u00e1rrafos\" class=\"ue-c-article__paragraph paragraph ue-c-article--first-letter-highlighted\">La Polic\u00eda Foral <strong>ha citado a declarar a cuatro personas por invadir la carretera<\/strong> al paso del pelot\u00f3n de la Vuelta Ciclista a Espa\u00f1a por Navarra, en el marco de las protestas por la participaci\u00f3n en la prueba de un equipo israel\u00ed.<\/p>\n<p data-mrf-recirculation=\"Links P\u00e1rrafos\" class=\"ue-c-article__paragraph paragraph\">As\u00ed lo ha se\u00f1alado este mi\u00e9rcoles en rueda de prensa la consejera de Derechos Sociales Carmen Maeztu. Las personas citadas, por su parte, han denunciado en un comunicado lo que <strong>califican como una \u00abcriminalizaci\u00f3n de la solidaridad con Palestina\u00bb <\/strong>y aseguran que las actuaciones judiciales suponen \u00abuna persecuci\u00f3n pol\u00edtica impulsada por el Gobierno de Navarra\u00bb.<\/p>\n<p data-mrf-recirculation=\"Links P\u00e1rrafos\" class=\"ue-c-article__paragraph paragraph\">En el escrito, los activistas explican que <strong>se han negado a acudir a las dependencias de la Polic\u00eda Foral<\/strong>, donde estaban citados, al considerar la llamada \u00abuna detenci\u00f3n encubierta\u00bb, y no descartan que puedan ser detenidos \u00aben cualquier momento\u00bb.<\/p>\n<p data-mrf-recirculation=\"Links P\u00e1rrafos\" class=\"ue-c-article__paragraph paragraph\">Los investigados defienden que las acciones desarrolladas <strong>fueron actos de desobediencia civil<\/strong> con el objetivo de \u00abdenunciar el lavado de imagen del sionismo\u00bb y la \u00abcomplicidad institucional\u00bb con el Estado de Israel.<\/p>\n<p data-mrf-recirculation=\"Links P\u00e1rrafos\" class=\"ue-c-article__paragraph paragraph\">En el comunicado suscrito por la plataforma en solidaridad con Palestina &#8216;Palestinarekin Elkartasuna&#8217; se acusa adem\u00e1s a la presidenta del Gobierno de Navarra Mar\u00eda Chivite de <strong>mantener una actitud \u00abhip\u00f3crita\u00bb<\/strong>, al \u00abposar en manifestaciones en solidaridad con Palestina <strong>mientras permite que se procese a quienes act\u00faan en coherencia<\/strong> con esas demandas\u00bb.<\/p>\n<p data-mrf-recirculation=\"Links P\u00e1rrafos\" class=\"ue-c-article__paragraph paragraph\">\u00abBoicotear a Israel no es un delito, es un deber pol\u00edtico y \u00e9tico\u00bb, subrayan los activistas, que <strong>reclaman el archivo inmediato de las causas abiertas y el fin de lo que consideran una \u00abofensiva represiva\u00bb <\/strong>contra la solidaridad con Palestina.<\/p>\n","protected":false},"excerpt":{"rendered":"La Polic\u00eda Foral ha citado a declarar a cuatro personas por invadir la carretera al paso del pelot\u00f3n&hellip;\n","protected":false},"author":2,"featured_media":163136,"comment_status":"","ping_status":"","sticky":false,"template":"","format":"standard","meta":{"footnotes":""},"categories":[273],"tags":[313,312,168,25,24,23,167],"class_list":{"0":"post-163135","1":"post","2":"type-post","3":"status-publish","4":"format-standard","5":"has-post-thumbnail","7":"category-ciclismo","8":"tag-ciclismo","9":"tag-cycling","10":"tag-deportes","11":"tag-es","12":"tag-espana","13":"tag-spain","14":"tag-sports"},"share_on_mastodon":{"url":"","error":""},"_links":{"self":[{"href":"https:\/\/www.europesays.com\/es\/wp-json\/wp\/v2\/posts\/163135","targetHints":{"allow":["GET"]}}],"collection":[{"href":"https:\/\/www.europesays.com\/es\/wp-json\/wp\/v2\/posts"}],"about":[{"href":"https:\/\/www.europesays.com\/es\/wp-json\/wp\/v2\/types\/post"}],"author":[{"embeddable":true,"href":"https:\/\/www.europesays.com\/es\/wp-json\/wp\/v2\/users\/2"}],"replies":[{"embeddable":true,"href":"https:\/\/www.europesays.com\/es\/wp-json\/wp\/v2\/comments?post=163135"}],"version-history":[{"count":0,"href":"https:\/\/www.europesays.com\/es\/wp-json\/wp\/v2\/posts\/163135\/revisions"}],"wp:featuredmedia":[{"embeddable":true,"href":"https:\/\/www.europesays.com\/es\/wp-json\/wp\/v2\/media\/163136"}],"wp:attachment":[{"href":"https:\/\/www.europesays.com\/es\/wp-json\/wp\/v2\/media?parent=163135"}],"wp:term":[{"taxonomy":"category","embeddable":true,"href":"https:\/\/www.europesays.com\/es\/wp-json\/wp\/v2\/categories?post=163135"},{"taxonomy":"post_tag","embeddable":true,"href":"https:\/\/www.europesays.com\/es\/wp-json\/wp\/v2\/tags?post=163135"}],"curies":[{"name":"wp","href":"https:\/\/api.w.org\/{rel}","templated":true}]}}