{"id":163137,"date":"2025-10-08T15:37:09","date_gmt":"2025-10-08T15:37:09","guid":{"rendered":"https:\/\/www.europesays.com\/es\/163137\/"},"modified":"2025-10-08T15:37:09","modified_gmt":"2025-10-08T15:37:09","slug":"marc-marquez-es-el-ayrton-senna-de-motogp","status":"publish","type":"post","link":"https:\/\/www.europesays.com\/es\/163137\/","title":{"rendered":"Marc M\u00e1rquez es el Ayrton Senna de MotoGP"},"content":{"rendered":"\n<ul class=\"bodyList bodyList--unordered\">\n<li class=\"bodyList__item\"><a href=\"https:\/\/www.elconfidencial.com\/deportes\/formula-1\/2025-10-08\/alonso-hamilton-gp-singapur-ferrari_4223877\/\" target=\"_self\" rel=\"nofollow noopener\">La pulla de Lewis Hamilton a Fernando Alonso enmascara (pero no borra) un problema serio<\/a><\/li>\n<li class=\"bodyList__item\"><a href=\"https:\/\/www.elconfidencial.com\/deportes\/formula-1\/2025-10-07\/tsunoda-hadjar-red-bull-formula-1_4223216\/\" target=\"_self\" rel=\"nofollow noopener\">Cuando las barbas de tu vecino veas pelar en Red Bull, pon las de Isack Hadjar a remojar<\/a><\/li>\n<\/ul>\n<p> <strong><a href=\"https:\/\/www.elconfidencial.com\/deportes\/formula-1\/2025-09-23\/carlos-sainz-williams-ferrari-gp-azerbaiyan_4213995\/\" target=\"_self\" rel=\"nofollow noopener\">Carlos Sainz<\/a><\/strong> lleva varias semanas sinti\u00e9ndose m\u00e1s c\u00f3modo con su <strong>Williams <\/strong>a pesar de no estar siendo una temporada f\u00e1cil. En Italia qued\u00f3 und\u00e9cimo, a un paso de los puntos; en <a href=\"https:\/\/www.elconfidencial.com\/deportes\/formula-1\/2025-09-22\/dentro-paddock-carlos-sainz-victoria-williams-baku_4213691\/\" target=\"_self\" rel=\"nofollow noopener\">Azerbaiy\u00e1n <\/a>se subi\u00f3 al podio con un <strong>espectacular <a href=\"https:\/\/www.elconfidencial.com\/deportes\/formula-1\/2025-10-01\/sainz-hamilton-ferrari-willliams-gp-singapur_4219242\/\" target=\"_self\" rel=\"nofollow noopener\">tercer puesto<\/a><\/strong>; y en <strong><a href=\"https:\/\/www.elconfidencial.com\/deportes\/formula-1\/2025-10-04\/alonso-sainz-aston-martin-williams-gp-singapur_4222256\/\" target=\"_self\" rel=\"nofollow noopener\">Singapur <\/a><\/strong>qued\u00f3 10\u00ba, logrando un punto. <\/p>\n<p> Actualmente <strong>suma 32 puntos<\/strong> y es decimosegundo en la clasificaci\u00f3n de pilotos. El <a href=\"https:\/\/www.elconfidencial.com\/deportes\/formula-1\/2025-09-30\/1qrt-carlos-sainz-explica-furgoneta_4219196\/\" target=\"_self\" rel=\"nofollow noopener\">madrile\u00f1o <\/a>fue entrevistado por \u2018El Partidazo de Cope\u2019, donde repas\u00f3 la actualidad de la F\u00f3rmula 1 y habl\u00f3 de ese <a href=\"https:\/\/www.elconfidencial.com\/deportes\/formula-1\/2025-09-22\/sainz-williams-formula-1-gp-azerbaiyan_4213346\/\" target=\"_self\" rel=\"nofollow noopener\">podio en Bak\u00fa<\/a>, un tercer puesto que le supo a gloria despu\u00e9s de un \u201cduro\u201d inicio en Williams. <\/p>\n<p>              <img decoding=\"async\" class=\"inTextNews__img\" alt=\"Foto: 1qrt-carlos-sainz-explica-furgoneta\" src=\"https:\/\/www.europesays.com\/es\/wp-content\/uploads\/2025\/10\/f.elconfidencial.com\/original\/64c\/8ac\/562\/64c8ac562aa1e55b87e6310f2e306340.jpg\"  \/>     <\/p>\n<p>TE PUEDE INTERESAR<\/p>\n<p>      <a class=\"inTextNews__title\" href=\"https:\/\/www.elconfidencial.com\/deportes\/formula-1\/2025-09-30\/1qrt-carlos-sainz-explica-furgoneta_4219196\/\" onclick=\"window.ECCO.emit(&#039;amplitude&#039;, { dataEventName: &#039;click_related_article_module&#039;, data: { related_article_url: &#039;https:\/\/www.elconfidencial.com\/deportes\/formula-1\/2025-09-30\/1qrt-carlos-sainz-explica-furgoneta_4219196\/&#039;, related_article_author: &#039;Miguel N\u00fa\u00f1ez&#039;, related_article_section: &#039;formula-1&#039; } })\" rel=\"nofollow noopener\" target=\"_blank\"> Carlos Sainz explica por fin qu\u00e9 hac\u00eda viajando en furgoneta con Leclerc de copiloto: \u00abCharles, quiero matarte ahora mismo\u00bb <\/a>   <\/p>\n<p>    El Confidencial   <\/p>\n<p> <strong>\u00abLo he celebrado mucho. Ha sido mi podio n\u00famero 28<\/strong>, pero probablemente el m\u00e1s especial, porque llega en un equipo que apost\u00f3 por m\u00ed cuando muchos no lo hac\u00edan. Si llego a ganar una carrera con Williams, habr\u00e1 pocas sensaciones que puedan superar eso\u00bb, confes\u00f3. <\/p>\n<p> <strong>Sainz <\/strong>tambi\u00e9n habl\u00f3 de MotoGP y no dud\u00f3 en alabar a<strong> Marc M\u00e1rquez<\/strong>, compar\u00e1ndolo con una leyenda de la F\u00f3rmula 1. \u00abYa le felicit\u00e9, porque <strong>ha hecho un a\u00f1azo, y el m\u00e9rito que tiene con la remontada<\/strong> que ha hecho en su carrera\u2026 <strong>M\u00e1rquez es el Ayrton Senna de MotoGP\u00bb<\/strong>, afirm\u00f3 el piloto de Williams. \u00abLo que pasa es que ahora, viviendo todo en presente, no nos damos cuenta. El d\u00eda que se retire y pasen los a\u00f1os, todo el mundo<strong> lo recordar\u00e1 como lo m\u00e1s cercano a Senna en F\u00f3rmula 1&#8243;.<\/strong> <\/p>\n<p> Senna consigui\u00f3 tres campeonatos del mundo y se le considera como el piloto con m\u00e1s talento de la historia de la F\u00f3rmula 1. Destacaba por su estilo agresivo y gran carisma. Sainz ensalz\u00f3 lo conseguido por Marc en esta temporada: <strong>\u00abEl m\u00e9rito que tiene lo que ha hecho Marc esta temporada es enorme.<\/strong> Ha sabido levantarse y volver a estar al nivel m\u00e1s alto\u00bb. <\/p>\n","protected":false},"excerpt":{"rendered":"La pulla de Lewis Hamilton a Fernando Alonso enmascara (pero no borra) un problema serio Cuando las barbas&hellip;\n","protected":false},"author":2,"featured_media":163138,"comment_status":"","ping_status":"","sticky":false,"template":"","format":"standard","meta":{"footnotes":""},"categories":[270],"tags":[168,25,24,306,271,272,23,167],"class_list":{"0":"post-163137","1":"post","2":"type-post","3":"status-publish","4":"format-standard","5":"has-post-thumbnail","7":"category-formula-1","8":"tag-deportes","9":"tag-es","10":"tag-espana","11":"tag-f1","12":"tag-formula-1","13":"tag-formula1","14":"tag-spain","15":"tag-sports"},"share_on_mastodon":{"url":"","error":""},"_links":{"self":[{"href":"https:\/\/www.europesays.com\/es\/wp-json\/wp\/v2\/posts\/163137","targetHints":{"allow":["GET"]}}],"collection":[{"href":"https:\/\/www.europesays.com\/es\/wp-json\/wp\/v2\/posts"}],"about":[{"href":"https:\/\/www.europesays.com\/es\/wp-json\/wp\/v2\/types\/post"}],"author":[{"embeddable":true,"href":"https:\/\/www.europesays.com\/es\/wp-json\/wp\/v2\/users\/2"}],"replies":[{"embeddable":true,"href":"https:\/\/www.europesays.com\/es\/wp-json\/wp\/v2\/comments?post=163137"}],"version-history":[{"count":0,"href":"https:\/\/www.europesays.com\/es\/wp-json\/wp\/v2\/posts\/163137\/revisions"}],"wp:featuredmedia":[{"embeddable":true,"href":"https:\/\/www.europesays.com\/es\/wp-json\/wp\/v2\/media\/163138"}],"wp:attachment":[{"href":"https:\/\/www.europesays.com\/es\/wp-json\/wp\/v2\/media?parent=163137"}],"wp:term":[{"taxonomy":"category","embeddable":true,"href":"https:\/\/www.europesays.com\/es\/wp-json\/wp\/v2\/categories?post=163137"},{"taxonomy":"post_tag","embeddable":true,"href":"https:\/\/www.europesays.com\/es\/wp-json\/wp\/v2\/tags?post=163137"}],"curies":[{"name":"wp","href":"https:\/\/api.w.org\/{rel}","templated":true}]}}