{"id":163139,"date":"2025-10-08T15:38:13","date_gmt":"2025-10-08T15:38:13","guid":{"rendered":"https:\/\/www.europesays.com\/es\/163139\/"},"modified":"2025-10-08T15:38:13","modified_gmt":"2025-10-08T15:38:13","slug":"allen-iverson-se-abre-sobre-las-dificultades-y-las-acusaciones-que-sufrio-en-su-carrera","status":"publish","type":"post","link":"https:\/\/www.europesays.com\/es\/163139\/","title":{"rendered":"Allen Iverson se abre sobre las dificultades y las acusaciones que sufri\u00f3 en su carrera"},"content":{"rendered":"<ul class=\"post-meta single-meta\">\n<li class=\"autor\">Redacci\u00f3n<\/li>\n<li class=\"post-date\">08\/10\/2025<\/li>\n<li class=\"post-category\"><a href=\"https:\/\/www.gigantes.com\/nba\/\" title=\"Cortos de NBA\" rel=\"nofollow noopener\" target=\"_blank\">NBA<\/a><\/li>\n<\/ul>\n<p>El legendario <strong>Allen Iverson<\/strong>, una de las figuras m\u00e1s influyentes en la historia de la NBA, ha vuelto a reflexionar sobre las cr\u00edticas, los prejuicios y los malentendidos que marcaron su trayectoria. En una reciente <a href=\"https:\/\/www.youtube.com\/watch?v=RSI3rzqLrAM\" rel=\"nofollow noopener\" target=\"_blank\">entrevista con CBS<\/a>, durante la promoci\u00f3n de su libro \u2018Misunderstood\u2019, el exjugador habl\u00f3 con sinceridad sobre los momentos m\u00e1s duros de su carrera y el impacto de las etiquetas que carg\u00f3 durante a\u00f1os.<\/p>\n<p>Las palabras de Allen Iverson sobre su famosa rueda de prensa<\/p>\n<p>Iverson confes\u00f3 que muchas de las percepciones sobre su car\u00e1cter le dolieron profundamente. \u00abSe han dicho muchas cosas sobre m\u00ed a lo largo de mi carrera. Muchas me duelen\u00bb, admiti\u00f3. \u00abLlamarme mat\u00f3n cuando s\u00e9 que no lo soy, juzgarme por mi apariencia. Creo que fue una de las cosas m\u00e1s dif\u00edciles con las que tuve que lidiar\u00bb.<\/p>\n<p>A pesar de haber sido MVP de la NBA en 2001 y de llevar a los Philadelphia 76ers a las Finales de aquel a\u00f1o, Iverson fue objeto de duras cr\u00edticas por su estilo, su forma de hablar y su aspecto. En 2005, la liga impuso un c\u00f3digo de vestimenta m\u00e1s estricto que prohib\u00eda joyas grandes, durags o ropa urbana, medidas que Iverson siempre interpret\u00f3 como un intento de frenar su influencia cultural.<\/p>\n<p>\u00abEra algo nunca visto en la NBA. Nunca vimos a nadie venir aqu\u00ed vestido as\u00ed, con cadenas de diamantes, relojes y\u2026 trenzas africanas\u00bb, record\u00f3.<br \/>\u00abAhora mismo, todos estos chicos de la NBA tienen personalidades \u00fanicas, y vestirse significa mucho para ellos. Ahora, recibo el reconocimiento por ello por su parte\u00bb.<\/p>\n<blockquote class=\"twitter-tweet\">\n<p dir=\"ltr\" lang=\"nl\">Allen Iverson \ud83d\udc99 Ja Morant <a href=\"https:\/\/t.co\/QkTj5sfoYU\" rel=\"nofollow\">pic.twitter.com\/QkTj5sfoYU<\/a><\/p>\n<p>\u2014 Gigantes del Basket (@GIGANTESbasket) <a href=\"https:\/\/twitter.com\/GIGANTESbasket\/status\/1520517745208696832?ref_src=twsrc%5Etfw\" rel=\"nofollow noopener\" target=\"_blank\">April 30, 2022<\/a><\/p>\n<\/blockquote>\n<p>El base tambi\u00e9n abord\u00f3 uno de los episodios m\u00e1s ic\u00f3nicos y malinterpretados de su carrera: su famosa rueda de prensa de 2002, en la que repiti\u00f3 la palabra \u00abpractice\u00bb (entrenamiento) m\u00e1s de una docena de veces y que se convirti\u00f3 en uno de los momentos m\u00e1s recordados \u2014y parodiados\u2014 en la historia de la NBA.<\/p>\n<p>M\u00e1s | <a href=\"https:\/\/www.gigantes.com\/nba\/allen-iverson-bolera\/\" rel=\"nofollow noopener\" target=\"_blank\">Allen Iverson y el episodio m\u00e1s oscuro de su carrera deportiva<\/a><\/p>\n<p>\u00abNunca he dicho abiertamente que no me gusta entrenar. Esa es la percepci\u00f3n que tuvisteis de esas declaraciones, de esas legendarias declaraciones\u00bb, explic\u00f3 Iverson. \u00abDefinitivamente le veo el humor. Pero si fueras yo, sabr\u00edas lo que estaba pasando en ese momento. No ten\u00eda gracia en aquel entonces, pero estaba muy molesto por aquello de \u2018no entrenar\u2019. No pod\u00eda explicarme mejor\u00bb.<\/p>\n<p>Iverson tambi\u00e9n record\u00f3 el contexto emocional que viv\u00eda entonces: los rumores de traspaso que lo rodeaban y la reciente muerte de su mejor amigo, factores que influyeron en su reacci\u00f3n aquel d\u00eda. \u00abMe llamaron y me dijeron: \u2018No te vas a ir a ning\u00fan lado\u2019. Y yo estaba tan feliz. Pens\u00e9: \u2018Voy a decirle al mundo que no me voy a ning\u00fan lado\u2019. Me preguntaban constantemente sobre los entrenamientos, y simplemente, me descontrol\u00e9\u201d.<\/p>\n<p>El exjugador admiti\u00f3 que sent\u00eda un profundo respeto por los medios, inspir\u00e1ndose en la relaci\u00f3n entre Michael Jordan y Ahmad Rashad, aunque ese d\u00eda la tensi\u00f3n super\u00f3 los l\u00edmites: \u00abSab\u00eda qui\u00e9n era, y sab\u00eda qu\u00e9 era, y simplemente lo perd\u00ed y lo sacaron de contexto. As\u00ed que ahora, tantos a\u00f1os despu\u00e9s, la gente me ve en la calle y todo lo que he logrado en mi vida y en mi carrera. Alguien dice: \u2018Oye, est\u00e1s hablando de entrenar\u2019. As\u00ed es\u00bb .<\/p>\n<p><img decoding=\"async\" src=\"https:\/\/www.europesays.com\/es\/wp-content\/uploads\/2025\/09\/1757969230_426_mtracking.gif\" alt=\"Etiquetas de Mautic\" style=\"display:none;\"\/><\/p>\n<p><a href=\"https:\/\/www.gigantes.com\/tienda\/hemeroteca\/guia-nba-2025-26-no-1-561-octubre-2025\/\" rel=\"nofollow noopener\" target=\"_blank\"><img loading=\"lazy\" decoding=\"async\" class=\"aligncenter wp-image-761455 size-large\" src=\"https:\/\/www.europesays.com\/es\/wp-content\/uploads\/2025\/10\/INSTAGRAM-2-1024x1024.jpg.webp.webp\" alt=\"Gu\u00eda NBA\" width=\"680\" height=\"680\"  \/><\/a><\/p>\n<p>\u00a0<\/p>\n<p>\t\t\t\t\t<img loading=\"lazy\" decoding=\"async\" src=\"https:\/\/www.europesays.com\/es\/wp-content\/uploads\/2025\/09\/1759141930_387_mano.png\" width=\"60\" height=\"60\" alt=\"Deliza hacia abajo\"\/>Sigue deslizando hacia abajo para ver m\u00e1s contenidos<\/p>\n<p>                <script async src=\"https:\/\/platform.twitter.com\/widgets.js\" charset=\"utf-8\"><\/script><\/p>\n","protected":false},"excerpt":{"rendered":"Redacci\u00f3n 08\/10\/2025 NBA El legendario Allen Iverson, una de las figuras m\u00e1s influyentes en la historia de la&hellip;\n","protected":false},"author":2,"featured_media":163140,"comment_status":"","ping_status":"","sticky":false,"template":"","format":"standard","meta":{"footnotes":""},"categories":[269],"tags":[48253,299,298,168,25,24,1725,23,167],"class_list":{"0":"post-163139","1":"post","2":"type-post","3":"status-publish","4":"format-standard","5":"has-post-thumbnail","7":"category-baloncesto","8":"tag-allen-iverson","9":"tag-baloncesto","10":"tag-basketball","11":"tag-deportes","12":"tag-es","13":"tag-espana","14":"tag-nba","15":"tag-spain","16":"tag-sports"},"share_on_mastodon":{"url":"","error":""},"_links":{"self":[{"href":"https:\/\/www.europesays.com\/es\/wp-json\/wp\/v2\/posts\/163139","targetHints":{"allow":["GET"]}}],"collection":[{"href":"https:\/\/www.europesays.com\/es\/wp-json\/wp\/v2\/posts"}],"about":[{"href":"https:\/\/www.europesays.com\/es\/wp-json\/wp\/v2\/types\/post"}],"author":[{"embeddable":true,"href":"https:\/\/www.europesays.com\/es\/wp-json\/wp\/v2\/users\/2"}],"replies":[{"embeddable":true,"href":"https:\/\/www.europesays.com\/es\/wp-json\/wp\/v2\/comments?post=163139"}],"version-history":[{"count":0,"href":"https:\/\/www.europesays.com\/es\/wp-json\/wp\/v2\/posts\/163139\/revisions"}],"wp:featuredmedia":[{"embeddable":true,"href":"https:\/\/www.europesays.com\/es\/wp-json\/wp\/v2\/media\/163140"}],"wp:attachment":[{"href":"https:\/\/www.europesays.com\/es\/wp-json\/wp\/v2\/media?parent=163139"}],"wp:term":[{"taxonomy":"category","embeddable":true,"href":"https:\/\/www.europesays.com\/es\/wp-json\/wp\/v2\/categories?post=163139"},{"taxonomy":"post_tag","embeddable":true,"href":"https:\/\/www.europesays.com\/es\/wp-json\/wp\/v2\/tags?post=163139"}],"curies":[{"name":"wp","href":"https:\/\/api.w.org\/{rel}","templated":true}]}}