{"id":163141,"date":"2025-10-08T15:39:06","date_gmt":"2025-10-08T15:39:06","guid":{"rendered":"https:\/\/www.europesays.com\/es\/163141\/"},"modified":"2025-10-08T15:39:06","modified_gmt":"2025-10-08T15:39:06","slug":"manu-fajardo-suspendido-15-dias-por-sus-protestas-en-el-espanyol","status":"publish","type":"post","link":"https:\/\/www.europesays.com\/es\/163141\/","title":{"rendered":"Manu Fajardo, suspendido 15 d\u00edas por sus protestas en el Espanyol"},"content":{"rendered":"\n<p>M\u00e1s noticias<\/p>\n<p><a class=\"info_masnoticias\" href=\"https:\/\/www.eldesmarque.com\/futbol\/real-betis\/\" rel=\"nofollow noopener\" target=\"_blank\"><br \/>\nM\u00e1s de<br \/>\nM\u00e1s noticias de<br \/>\nReal Betis<br \/>\n<\/a><\/p>\n<p>Es dif\u00edcil muchas veces explicar las sanciones que se producen dentro del mundo del f\u00fatbol, y el partido entre el <a href=\"https:\/\/www.eldesmarque.com\/futbol\/liga-1a-division\/20251005\/espanyol-betis-directo-laliga-ea-sports-goles-mejores-jugadas-ultima-hora-d1rect0_300775721.html\" rel=\"nofollow noopener\" target=\"_blank\">RCD Espanyol y el Real Betis Balompi\u00e9<\/a> acumula ya unas cuantas, y todas relacionadas con el <a href=\"https:\/\/www.eldesmarque.com\/futbol\/real-betis\/20251007\/cta-cataloga-contacto-minimo-penalti-valentin-gomez_300777907.html\" rel=\"nofollow noopener\" target=\"_blank\">pol\u00e9mico penalti<\/a> que se se\u00f1al\u00f3 a Valent\u00edn G\u00f3mez en el \u00faltimo instante. La \u00faltima, la decisi\u00f3n que <strong>el Comit\u00e9 de Disciplina de la Real Federaci\u00f3n Espa\u00f1ola de F\u00fatbol ha tomado con respecto a Manu Fajardo<\/strong>, el director deportivo del equipo verdiblanco.<\/p>\n<p>En el acta redactada <a href=\"https:\/\/www.eldesmarque.com\/futbol\/real-betis\/20251005\/cabreo-galech-apezteguia-faltas-tarjetas-amarillas-acta_300776192.html\" rel=\"nofollow noopener\" target=\"_blank\">por Iosu Galech Apeztegu\u00eda<\/a> el pasado domingo, el colegiado navarro reflejaba que el dirigente b\u00e9tico se hab\u00eda dirigido a \u00e9l al t\u00e9rmino del partido del RCDE Stadium, en actitud \u201cagresiva\u201d y \u201camenazante\u201d. \u00abUna vez finalizado el partido, Manuel Fajardo Mateo, identificado como director deportivo del Real Betis, se dirigi\u00f3 a mi <strong>en actitud agresiva y claramente amenazante<\/strong> llegando a tocarme con su brazo en el hombro en reiteradas ocasiones en los siguientes t\u00e9rminos <strong>\u00ab&#8216;est\u00e1is jugando con el pan de mucha gente'\u00bb.<\/strong> Tuvo que ser sujetado por diferentes miembros de su equipo\u00bb, expon\u00eda el \u00e1rbitro en el acta del partido.<\/p>\n<p>Pues bien, tres d\u00edas m\u00e1s tarde, el Comit\u00e9 de Disciplina de la <strong>RFEF ha emitido una sanci\u00f3n contra Manu Fajardo, que asciende a 15 d\u00edas de suspensi\u00f3n<\/strong>. Una quincena que que se cumplir\u00e1 pr\u00e1cticamente \u00edntegra mientras hay par\u00f3n de selecciones, por lo que el dirigente verdiblanco solo \u2018se perder\u00e1\u2019, por as\u00ed decirlo, el partido ante el Villarreal del fin de semana que viene, ya que en este no hay f\u00fatbol al haber par\u00f3n liguero por los compromisos internacionales.<\/p>\n<p>\u201cManuel Fajardo Mateo \u00abMANUEL FAJARDO MATEO\u00bb (Real Betis Balompi\u00e9 ) 15 d\u00edas de suspensi\u00f3n por Actitudes de menosprecio o desconsideraci\u00f3n hacia los\/as \u00e1rbitros\/as, directivos\/as o autoridades deportivas, con multa\/s accesoria\/as en aplicaci\u00f3n del art\u00edculo 52 CD.. (Art\u00edculo: 124)\u201d, explicaba la RFEF en su escrito. La multa ascender\u00e1 a 350 euros.<\/p>\n<p><img loading=\"lazy\" decoding=\"async\" src=\"https:\/\/www.europesays.com\/es\/wp-content\/uploads\/2025\/10\/whatsapp_image_2025_10_05_at_214051jpeg.jpeg\" width=\"660\" height=\"375\" alt=\"Manu Fajardo protesta al \u00e1rbitro del partido entre el Espanyol y el Betis.\"\/><br \/>\nManu Fajardo protesta al \u00e1rbitro del partido entre el Espanyol y el Betis.<\/p>\n<p><strong>Los art\u00edculos por los que es sancionado Manu Fajardo<\/strong><\/p>\n<p>As\u00ed reza el art\u00edculo 124 del C\u00f3digo Disciplinario de la RFEF: \u201cActitudes de menosprecio o desconsideraci\u00f3n hacia los\/as \u00e1rbitros\/as, directivos\/as o autoridades deportivas. Dirigirse a los\/as \u00e1rbitros\/as, directivos\/as o autoridades deportivas en t\u00e9rminos o con actitudes de menosprecio o de desconsideraci\u00f3n siempre que la acci\u00f3n no constituya falta m\u00e1s grave, se sancionar\u00e1 <strong>con suspensi\u00f3n de dos a tres partidos o por tiempo de hasta un mes<\/strong>\u201d.<\/p>\n<p>El 52, en el apartado 3, comprende las siguientes sanciones econ\u00f3micas: \u201cEn las competiciones de car\u00e1cter profesional, la sanci\u00f3n de amonestaci\u00f3n de directivos, futbolistas, entrenadores y auxiliares, llevar\u00e1 consigo, para el club de que se trate, multa accesoria en cuant\u00eda de 180 euros cuando se trate equipos adscritos a Primera Divisi\u00f3n, y de 90 euros cuando se trate de equipos adscritos a Segunda Divisi\u00f3n. La sanci\u00f3n de suspensi\u00f3n conllevar\u00e1 multa por importe de 350 euros, cuando se trate equipos adscritos a Primera Divisi\u00f3n, y de 200 euros cuando se trate de equipos adscritos a Segunda Divisi\u00f3n, por cada partido o mes que abarque\u201d.<\/p>\n","protected":false},"excerpt":{"rendered":"M\u00e1s noticias M\u00e1s de M\u00e1s noticias de Real Betis Es dif\u00edcil muchas veces explicar las sanciones que se&hellip;\n","protected":false},"author":2,"featured_media":163142,"comment_status":"","ping_status":"","sticky":false,"template":"","format":"standard","meta":{"footnotes":""},"categories":[268],"tags":[168,25,24,280,282,281,23,167],"class_list":{"0":"post-163141","1":"post","2":"type-post","3":"status-publish","4":"format-standard","5":"has-post-thumbnail","7":"category-futbol","8":"tag-deportes","9":"tag-es","10":"tag-espana","11":"tag-football","12":"tag-futbol","13":"tag-soccer","14":"tag-spain","15":"tag-sports"},"share_on_mastodon":{"url":"","error":""},"_links":{"self":[{"href":"https:\/\/www.europesays.com\/es\/wp-json\/wp\/v2\/posts\/163141","targetHints":{"allow":["GET"]}}],"collection":[{"href":"https:\/\/www.europesays.com\/es\/wp-json\/wp\/v2\/posts"}],"about":[{"href":"https:\/\/www.europesays.com\/es\/wp-json\/wp\/v2\/types\/post"}],"author":[{"embeddable":true,"href":"https:\/\/www.europesays.com\/es\/wp-json\/wp\/v2\/users\/2"}],"replies":[{"embeddable":true,"href":"https:\/\/www.europesays.com\/es\/wp-json\/wp\/v2\/comments?post=163141"}],"version-history":[{"count":0,"href":"https:\/\/www.europesays.com\/es\/wp-json\/wp\/v2\/posts\/163141\/revisions"}],"wp:featuredmedia":[{"embeddable":true,"href":"https:\/\/www.europesays.com\/es\/wp-json\/wp\/v2\/media\/163142"}],"wp:attachment":[{"href":"https:\/\/www.europesays.com\/es\/wp-json\/wp\/v2\/media?parent=163141"}],"wp:term":[{"taxonomy":"category","embeddable":true,"href":"https:\/\/www.europesays.com\/es\/wp-json\/wp\/v2\/categories?post=163141"},{"taxonomy":"post_tag","embeddable":true,"href":"https:\/\/www.europesays.com\/es\/wp-json\/wp\/v2\/tags?post=163141"}],"curies":[{"name":"wp","href":"https:\/\/api.w.org\/{rel}","templated":true}]}}