{"id":163154,"date":"2025-10-08T15:46:25","date_gmt":"2025-10-08T15:46:25","guid":{"rendered":"https:\/\/www.europesays.com\/es\/163154\/"},"modified":"2025-10-08T15:46:25","modified_gmt":"2025-10-08T15:46:25","slug":"ilusion-dudas-y-el-debate-eterno-sobre-cornella","status":"publish","type":"post","link":"https:\/\/www.europesays.com\/es\/163154\/","title":{"rendered":"ilusi\u00f3n, dudas y el debate eterno sobre Cornell\u00e0"},"content":{"rendered":"<p data-start=\"273\" data-end=\"588\">La tertulia de este mi\u00e9rcoles en La Grada R\u00e0dio ha sido de esas que dejan mucho jugo. Bajo la direcci\u00f3n de<strong> Francesc Via<\/strong>, el debate reuni\u00f3 a voces muy distintas pero con un mismo denominador com\u00fan: la pasi\u00f3n por el <strong>Espanyol<\/strong>. <strong>Juan Antonio Casanova<\/strong> (JAC), <strong>Arnau Baqu\u00e9, Toni Bermejo<\/strong> y<strong> Pau Grima<\/strong> <strong>\u201cPaueti\u201d<\/strong> pusieron sobre la mesa opiniones, dudas y reflexiones sobre el inminente desembarco de Velocity, el adi\u00f3s de Rastar y la situaci\u00f3n deportiva del equipo. Adem\u00e1s, el programa cont\u00f3 con la entrada en directo de Iv\u00e1n Molero, de AS, que aport\u00f3 su visi\u00f3n de un momento hist\u00f3rico para el club blanquiazul.<\/p>\n<p data-start=\"273\" data-end=\"588\">Precisamente durante la tertulia se confirm\u00f3 que la oficialidad del traspaso de poderes de <strong>Chen Yansheng <\/strong>y <strong>Rastar<\/strong> a <strong>Velocity <\/strong>y<strong> Alan Pace<\/strong> no llegar\u00e1 hasta ma\u00f1ana jueves. Todo est\u00e1 firmado, pero el anuncio se retrasa un d\u00eda m\u00e1s por tr\u00e1mites bancarios.<\/p>\n<p>JAC: \u201cLas sensaciones no dan puntos\u201d<\/p>\n<p data-start=\"632\" data-end=\"1074\">Juan Antonio Casanova, JAC, fue directo al grano a la hora de afrontar el actual momento tanto del equipo como a nivel institucional: \u201cLas sensaciones del equipo no son malas, pero esas no dan puntos. Si la gente ve que no sumamos se preocupar\u00e1, deber\u00edamos sumar seis puntos en los pr\u00f3ximos tres partidos. Respecto al cambio de propiedad, lo que m\u00e1s me interesa en el martes que viene, cuando se expliquen\u201d. Una reflexi\u00f3n que resume bien el sentir de la grada: ilusi\u00f3n por el cambio, pero necesidad de resultados inmediatos.<\/p>\n<p>Arnau Baqu\u00e9: \u201cSe cierra una etapa\u201d<\/p>\n<p data-start=\"1116\" data-end=\"1377\">Arnau Baqu\u00e9 puso el foco en lo que viene en los despachos: \u201cA partir del martes veremos a donde va el proyecto de <strong>Alan Pace<\/strong>. Se cierra una etapa\u201d. Un mensaje claro: lo importante no es solo que <strong>Velocity<\/strong> haya firmado, sino qu\u00e9 modelo aplicar\u00e1 y hacia d\u00f3nde se encamina el club.<\/p>\n<p data-start=\"1116\" data-end=\"1377\"><img fetchpriority=\"high\" decoding=\"async\" class=\"aligncenter size-full wp-image-322444\" src=\"https:\/\/www.europesays.com\/es\/wp-content\/uploads\/2025\/10\/arnau-baque-grada-radio.jpg\" alt=\"\" width=\"1528\" height=\"869\"  \/><\/p>\n<p>Toni Bermejo, optimista con Velocity<\/p>\n<p data-start=\"1421\" data-end=\"1857\">El m\u00e1s optimista fue Toni Bermejo: \u201cCreo que nos va a ir bien con esta nueva propiedad, por primera vez desde que tengo conciencia entra gente profesional, no personalista como Dani o Chen, que no acabaron de la mejor manera aunque R<strong>astar<\/strong> ha dejado el club mejor que lo encontr\u00f3 a nivel institucional y econ\u00f3mico. El<strong> Espanyol<\/strong> es un gran producto, seguro que lo vana a aprovechar, espero que se acaben los vaivenes de los \u00faltimos a\u00f1os\u201d.<\/p>\n<p>Paueti y la voz de la nueva generaci\u00f3n<\/p>\n<p data-start=\"1903\" data-end=\"2098\">Pau Grima, Paueti, tambi\u00e9n se mostr\u00f3 confiado en que con <strong>Velocity<\/strong> llegar\u00e1n buenos tiempos. Una visi\u00f3n fresca de la nueva generaci\u00f3n perica, que pide estabilidad y un futuro s\u00f3lido para el club.<\/p>\n<p>Las preguntas que deben responder<\/p>\n<p data-start=\"2139\" data-end=\"2480\">El propio Via record\u00f3 que \u201cSeguro que el martes quedar\u00e1n muchas cosas por responder, lo b\u00e1sico es qu\u00e9 piensan hacer y c\u00f3mo\u201d. Y ah\u00ed arranc\u00f3 un debate con muchas cuestiones encima de la mesa: desde el \u201cLe preguntar\u00eda qu\u00e9 plan tiene para los pr\u00f3ximos 5 a\u00f1os\u201d de Bermejo hasta el \u201cLe preguntar\u00eda por qu\u00e9 y para qu\u00e9 compran el <strong>Espanyol<\/strong>\u201d de JAC.<\/p>\n<p data-start=\"2482\" data-end=\"2700\">Via lo resumi\u00f3 con crudeza: \u201cEs para ganar dinero, es obvio, no es porque sean pericos de peque\u00f1os. Se podr\u00eda reconvertir en c\u00f3mo piensan ustedes que el<strong> RCDE i<\/strong>ngrese m\u00e1s, y c\u00f3mo piensan ganar dinero con el <strong>Espanyol<\/strong>\u201d.<\/p>\n<p data-start=\"2702\" data-end=\"3018\">Baqu\u00e9 a\u00f1adi\u00f3 otra clave: \u201cMe gustar\u00eda preguntar las prioridades en el sistema multiclub con el <strong>Burnl<\/strong>ey, el multiclub es el futuro, eso est\u00e1 claro, pero plantea algunas dudas\u201d. Y Pau, por su parte, plante\u00f3 la gran inc\u00f3gnita: \u201cYo preguntar\u00eda c\u00f3mo piensan mantener el apoyo social, y hacer que se vaya incrementando\u201d.<\/p>\n<p>Crecer sin perder las esencias<\/p>\n<p data-start=\"3056\" data-end=\"3583\">El debate se calent\u00f3 al entrar en temas de identidad. \u00bfC\u00f3mo crecer sin perder el car\u00e1cter familiar del club? Pau record\u00f3 que \u201cLa \u00faltima temporada en Europa hab\u00eda entradas de 15.000 personas, algo que queda muy lejos, El buen momento no se debe a razones l\u00f3gicas\u201d. Y Bermejo apunt\u00f3: \u201cLa incertidumbre genera adicci\u00f3n, hemos pasado dos temporadas as\u00ed y ha coincidido en que la afici\u00f3n se ha sentido protagonista. Toda la emoci\u00f3n generada ha creado un v\u00ednculo pero ahora que estamos arriba hay que aprovechar para consolidarse\u201d.<\/p>\n<p>El eterno debate de Cornell\u00e0<\/p>\n<p data-start=\"3619\" data-end=\"3940\">JAC abri\u00f3 un mel\u00f3n siempre pol\u00e9mico: \u201c\u00bfno ser\u00eda el momento de aproximarnos a los vecinos de Cornell\u00e0?\u201d. El tema gener\u00f3 discrepancias. Pau fue tajante: \u201cEn la gu\u00eda tur\u00edstica de Cornell\u00e0 ni aparece el <strong>RCDE Stadium<\/strong>, no s\u00e9 si les molestamos pero nos ignoran, que un club como el nuestro no sea la principal atracci\u00f3n tur\u00edstica es rid\u00edculo\u201d.<\/p>\n<p data-start=\"3619\" data-end=\"3940\"><img loading=\"lazy\" decoding=\"async\" class=\"aligncenter size-full wp-image-322445\" src=\"https:\/\/www.europesays.com\/es\/wp-content\/uploads\/2025\/10\/toni-bermejo-grada-radio.jpg\" alt=\"\" width=\"1528\" height=\"869\"  \/><\/p>\n<p data-start=\"3942\" data-end=\"4256\">Via, m\u00e1s pragm\u00e1tico, lanz\u00f3 una propuesta atrevida: \u201cHago una oferta p\u00fablica a quien me escuche: quiero montar un bar del <strong>Espanyol<\/strong> en Cornell\u00e0. Hace tiempo que miro cosas porque no puede ser que no haya ning\u00fan bar del <strong>Espanyol<\/strong>, que sea nuestro. Si hay alguien interesado, que escriba a <a class=\"decorated-link cursor-pointer\" rel=\"noopener\" data-start=\"4227\" data-end=\"4252\">[email\u00a0protected]<\/a>\u201d.<\/p>\n<p>Los jugadores, entre cr\u00edticas y elogios; la inquietante imagen de Puado con muletas<\/p>\n<p data-start=\"4303\" data-end=\"4647\">Tambi\u00e9n hubo tiempo para hablar de jugadores.<strong> Puado<\/strong> fue el centro de muchas reflexiones. Pau lo defendi\u00f3: \u201cY a nivel deportivo ofrece mucho m\u00e1s que cifras: hace m\u00ednimo 10 o 15 participaciones de gol por temporada. Qu\u00e9 le piden, \u00bf22 goles por temporada?\u201d. Bermejo lo sentenci\u00f3: \u201cPara mi es la imagen del Espanyol, representa muy bien el club\u201d.<\/p>\n<p data-start=\"4303\" data-end=\"4647\">Precisamente una imagen, la compartida por el usuario de Instagram RCDE Ambition de un Puado apoy\u00e1ndose en dos muletas, acompa\u00f1ado de su pareja y de miembros de los servicios m\u00e9dicos del club, nos ha puesto a todos en alerta. Como hemos explicado, se ha lesionado en el entreno de hoy y esta tarde ser\u00e1 visitado por el dr. Cugat.<\/p>\n<p data-start=\"4303\" data-end=\"4647\"><img loading=\"lazy\" decoding=\"async\" class=\"aligncenter size-full wp-image-322446\" src=\"https:\/\/www.europesays.com\/es\/wp-content\/uploads\/2025\/10\/puado-lesion.jpg\" alt=\"\" width=\"845\" height=\"833\"  \/><\/p>\n<p data-start=\"4649\" data-end=\"4935\">Se debati\u00f3 tambi\u00e9n sobre Luca Koleosho. Via record\u00f3 ya en pretemporada que lo vio fuera de forma: \u201cLa expectativa con el jugador que march\u00f3 no se corresponde con el jugador que ha vuelto. Y creo que ha de ser recuperable\u201d. Bermejo, sin rodeos: \u201c<strong>Koleosho<\/strong> ha de ir a m\u00e1s, pero me parece una mala versi\u00f3n de Dolan\u201d.<\/p>\n<p>Iv\u00e1n Molero: \u201cHoy es el primer d\u00eda del resto de nuestros d\u00edas\u201d<\/p>\n<p data-start=\"5005\" data-end=\"5536\">La tertulia se cerr\u00f3 con la entrada en directo de Iv\u00e1n Molero, periodista de AS y referente de la informaci\u00f3n perica: \u201cHoy es el primer d\u00eda del resto de nuestros d\u00edas. Por fin ha llegado el momento que llev\u00e1bamos tanto tiempo esperando, m\u00ednimo 5 o 6 a\u00f1os desde que la gesti\u00f3n de Rastar dio un volantazo total, de la \u201cfat\u00eddica\u201d clasificaci\u00f3n para Europa. Es un momento de muchas dudas preparadas para el d\u00eda de la presentaci\u00f3n, pero es un momento positivo porque es dif\u00edcil que el <strong>Espanyol e<\/strong>st\u00e9 peor que en este tiempo en que se mov\u00eda por inercia\u201d.<\/p>\n<p data-start=\"5005\" data-end=\"5536\"><img loading=\"lazy\" decoding=\"async\" class=\"aligncenter size-full wp-image-322452\" src=\"https:\/\/www.europesays.com\/es\/wp-content\/uploads\/2025\/10\/ivan-molero-grada-radio.jpg\" alt=\"\" width=\"1534\" height=\"863\"  \/><\/p>\n","protected":false},"excerpt":{"rendered":"La tertulia de este mi\u00e9rcoles en La Grada R\u00e0dio ha sido de esas que dejan mucho jugo. Bajo&hellip;\n","protected":false},"author":2,"featured_media":163155,"comment_status":"","ping_status":"","sticky":false,"template":"","format":"standard","meta":{"footnotes":""},"categories":[93],"tags":[168,25,24,23,167],"class_list":{"0":"post-163154","1":"post","2":"type-post","3":"status-publish","4":"format-standard","5":"has-post-thumbnail","7":"category-deportes","8":"tag-deportes","9":"tag-es","10":"tag-espana","11":"tag-spain","12":"tag-sports"},"share_on_mastodon":{"url":"","error":""},"_links":{"self":[{"href":"https:\/\/www.europesays.com\/es\/wp-json\/wp\/v2\/posts\/163154","targetHints":{"allow":["GET"]}}],"collection":[{"href":"https:\/\/www.europesays.com\/es\/wp-json\/wp\/v2\/posts"}],"about":[{"href":"https:\/\/www.europesays.com\/es\/wp-json\/wp\/v2\/types\/post"}],"author":[{"embeddable":true,"href":"https:\/\/www.europesays.com\/es\/wp-json\/wp\/v2\/users\/2"}],"replies":[{"embeddable":true,"href":"https:\/\/www.europesays.com\/es\/wp-json\/wp\/v2\/comments?post=163154"}],"version-history":[{"count":0,"href":"https:\/\/www.europesays.com\/es\/wp-json\/wp\/v2\/posts\/163154\/revisions"}],"wp:featuredmedia":[{"embeddable":true,"href":"https:\/\/www.europesays.com\/es\/wp-json\/wp\/v2\/media\/163155"}],"wp:attachment":[{"href":"https:\/\/www.europesays.com\/es\/wp-json\/wp\/v2\/media?parent=163154"}],"wp:term":[{"taxonomy":"category","embeddable":true,"href":"https:\/\/www.europesays.com\/es\/wp-json\/wp\/v2\/categories?post=163154"},{"taxonomy":"post_tag","embeddable":true,"href":"https:\/\/www.europesays.com\/es\/wp-json\/wp\/v2\/tags?post=163154"}],"curies":[{"name":"wp","href":"https:\/\/api.w.org\/{rel}","templated":true}]}}