{"id":163156,"date":"2025-10-08T15:48:09","date_gmt":"2025-10-08T15:48:09","guid":{"rendered":"https:\/\/www.europesays.com\/es\/163156\/"},"modified":"2025-10-08T15:48:09","modified_gmt":"2025-10-08T15:48:09","slug":"una-invitada-de-espejo-publico-acusa-a-susanna-griso-de-expulsarla-del-plato-y-la-presentadora-es-tajante-te-hemos-invitado-para","status":"publish","type":"post","link":"https:\/\/www.europesays.com\/es\/163156\/","title":{"rendered":"Una invitada de &#8216;Espejo p\u00fablico&#8217; acusa a Susanna Griso de expulsarla del plat\u00f3 y la presentadora es tajante: \u00abTe hemos invitado para\u2026\u00bb"},"content":{"rendered":"<p style=\"\">La creadora de contenidos <strong>Ada Lluch<\/strong> acud\u00eda al plat\u00f3 de &#8216;<strong>Espejo P\u00fablico<\/strong>&#8216; (Antena 3) para una entrevista con <strong>Susanna Griso<\/strong>. La conocida como la &#8216;incluencer trumpista&#8217; ha respondido a algunas de las cuestiones que le ha expuesto la presentadora, como d\u00f3nde conoci\u00f3  &#8230; al presidente de los Estados Unidos y de qu\u00e9 manera se desarroll\u00f3 ese cara a cara. Todo parec\u00eda ir con normalidad, Griso daba paso a publicidad, despidiendo a su invitada, sin saber lo que estaba por venir\u2026<\/p>\n<p class=\"voc-p\" style=\"\">Y es que Ada se habr\u00eda marchado del programa sin ganas de hacerlo. Tal y como ha compartido en la <strong>red social X<\/strong>, ya en el taxi de regreso de su intervenci\u00f3n en televisi\u00f3n, ha subido un v\u00eddeo en el que afirmaba lo siguiente: \u00abMe acaban de echar del plat\u00f3 de Espejo P\u00fablico porque les he explicado, con estad\u00edsticas, que Espa\u00f1a no es un pa\u00eds seguro. Llevaba <strong>las estad\u00edsticas<\/strong> conmigo, Susana. Te lo he dicho en directo y despu\u00e9s del programa\u00bb. Este mensaje ha debido tener repercusi\u00f3n entre los m\u00e1s de 300.000 seguidores que tiene en su perfil y r\u00e1pidamente ha llegado a la periodista y presentadora del matinal, que le ha respondido por el mismo canal. <\/p>\n<p class=\"voc-p\" style=\"\">La contestaci\u00f3n de <strong>Susanna Griso<\/strong> ha sido clara: \u00ab\u00bfPor qu\u00e9 dices que te hemos echado? Te hemos despedido porque \u00edbamos a publicidad despu\u00e9s de una entrevista de quince minutos. Y te hemos invitado para una pr\u00f3xima ocasi\u00f3n\u00bb.<\/p>\n<blockquote class=\"twitter-tweet\">\n<p lang=\"es\" dir=\"ltr\">\u00bfPor qu\u00e9 dices que te hemos echado? Te hemos despedido porque \u00edbamos a publicidad despu\u00e9s de una entrevista de quince minutos. Y te hemos invitado para una pr\u00f3xima ocasi\u00f3n. <a href=\"https:\/\/t.co\/kIjr1ShP28\" rel=\"nofollow\">https:\/\/t.co\/kIjr1ShP28<\/a><\/p>\n<p>\u2014 Susanna Griso (@susannagriso) <a href=\"https:\/\/twitter.com\/susannagriso\/status\/1975875167302951330?ref_src=twsrc%5Etfw\" rel=\"nofollow noopener\" target=\"_blank\">October 8, 2025<\/a><\/p><\/blockquote>\n<p class=\"voc-p\" style=\"\">La participaci\u00f3n de la joven <strong>influencer<\/strong> ha generado numerosos comentarios en redes, incluyendo perfiles de personalidades medi\u00e1ticas de Estados Unidos, como se puede comprobar al visitar su cuenta en X. De hecho, hay citas en las que siguen apuntando a que Susanna Griso <strong>habr\u00eda expulsado a Ada Lluch<\/strong> del programa. <\/p>\n<p class=\"voc-p\" style=\"\">La participaci\u00f3n de la influencer catalana, de 26 a\u00f1os, ha generado controversia en la mesa del plat\u00f3 de &#8216;<strong>Espejo P\u00fablico<\/strong>&#8216; por su defensa de <strong>Donald Trump<\/strong> y su identificaci\u00f3n con ideas conservadoras. Entre estas, ha referido que su concepto de \u00abfelicidad implica tener una familia, lo cual implica tener un esposo\u00bb. Tambi\u00e9n ha referido que las personas que son foco y fuente de actos violentos en EE UU son \u00ablas transg\u00e9nero y los inmigrantes ilegales\u00bb. Ha a\u00f1adido, en referencia a que Espa\u00f1a no ser\u00eda un lugar seguro, que \u00abno es lo mismo andar por San Cugat que andar en mi calle en Tortosa o en el Raval. Las mujeres y ni\u00f1os y hombres no est\u00e1n seguros en nuestro pa\u00eds. <\/p>\n<p class=\"voc-p\" style=\"\">Susanna Griso terminaba <strong>la entrevista<\/strong> con estas palabras: \u00abAda, vamos a hacer una cosa. Te voy a retirar la invitaci\u00f3n. Vamos a venir otro d\u00eda con las estad\u00edsticas, t\u00fa las tuyas y nosotros las nuestras\u00bb. Es a esos datos que Ada Lluch ha hecho referencia en su publicaci\u00f3n, refiriendo que llevaba esa informaci\u00f3n y que se lo habr\u00eda hecho saber a la presentadora de &#8216;Espejo P\u00fablico&#8217; en varias ocasiones.<\/p>\n<p><script async src=\"https:\/\/platform.twitter.com\/widgets.js\" charset=\"utf-8\"><\/script><\/p>\n","protected":false},"excerpt":{"rendered":"La creadora de contenidos Ada Lluch acud\u00eda al plat\u00f3 de &#8216;Espejo P\u00fablico&#8216; (Antena 3) para una entrevista con&hellip;\n","protected":false},"author":2,"featured_media":163157,"comment_status":"","ping_status":"","sticky":false,"template":"","format":"standard","meta":{"footnotes":""},"categories":[91],"tags":[6630,146,147,25,24,5174,48254,32231,6060,10783,9721,27834,1421,23,32230,7725],"class_list":{"0":"post-163156","1":"post","2":"type-post","3":"status-publish","4":"format-standard","5":"has-post-thumbnail","7":"category-entretenimiento","8":"tag-acusa","9":"tag-entertainment","10":"tag-entretenimiento","11":"tag-es","12":"tag-espana","13":"tag-espejo","14":"tag-expulsarla","15":"tag-griso","16":"tag-invitada","17":"tag-invitado","18":"tag-plato","19":"tag-presentadora","20":"tag-publico","21":"tag-spain","22":"tag-susanna","23":"tag-tajante"},"share_on_mastodon":{"url":"","error":""},"_links":{"self":[{"href":"https:\/\/www.europesays.com\/es\/wp-json\/wp\/v2\/posts\/163156","targetHints":{"allow":["GET"]}}],"collection":[{"href":"https:\/\/www.europesays.com\/es\/wp-json\/wp\/v2\/posts"}],"about":[{"href":"https:\/\/www.europesays.com\/es\/wp-json\/wp\/v2\/types\/post"}],"author":[{"embeddable":true,"href":"https:\/\/www.europesays.com\/es\/wp-json\/wp\/v2\/users\/2"}],"replies":[{"embeddable":true,"href":"https:\/\/www.europesays.com\/es\/wp-json\/wp\/v2\/comments?post=163156"}],"version-history":[{"count":0,"href":"https:\/\/www.europesays.com\/es\/wp-json\/wp\/v2\/posts\/163156\/revisions"}],"wp:featuredmedia":[{"embeddable":true,"href":"https:\/\/www.europesays.com\/es\/wp-json\/wp\/v2\/media\/163157"}],"wp:attachment":[{"href":"https:\/\/www.europesays.com\/es\/wp-json\/wp\/v2\/media?parent=163156"}],"wp:term":[{"taxonomy":"category","embeddable":true,"href":"https:\/\/www.europesays.com\/es\/wp-json\/wp\/v2\/categories?post=163156"},{"taxonomy":"post_tag","embeddable":true,"href":"https:\/\/www.europesays.com\/es\/wp-json\/wp\/v2\/tags?post=163156"}],"curies":[{"name":"wp","href":"https:\/\/api.w.org\/{rel}","templated":true}]}}