{"id":163170,"date":"2025-10-08T15:55:14","date_gmt":"2025-10-08T15:55:14","guid":{"rendered":"https:\/\/www.europesays.com\/es\/163170\/"},"modified":"2025-10-08T15:55:14","modified_gmt":"2025-10-08T15:55:14","slug":"navalon-y-la-verdad-en-un-festival-avance-taurino","status":"publish","type":"post","link":"https:\/\/www.europesays.com\/es\/163170\/","title":{"rendered":"Naval\u00f3n y la verdad en un festival \u2013 Avance Taurino"},"content":{"rendered":"<p>Los festivales taurinos son fiestas ben\u00e9ficas que incitan a la alegr\u00eda y, en ocasiones, a la frivolidad. Pero tambi\u00e9n son recordatorios de que este arte no admite liviandades. El toro siempre es un toro y no hay enemigo peque\u00f1o. Cada vez que un astado pisa la arena el peligro se convierte en compa\u00f1ero inseparable.<\/p>\n<p>\u00a0<\/p>\n<p>\u00a0<\/p>\n<p><img loading=\"lazy\" decoding=\"async\" class=\"alignleft size-thumbnail wp-image-86891\" src=\"https:\/\/www.europesays.com\/es\/wp-content\/uploads\/2025\/10\/car-bo-150x150.jpg\" alt=\"\" width=\"150\" height=\"150\"\/><\/p>\n<p><strong>Carlos Bueno<\/strong><\/p>\n<p>\u00a0<\/p>\n<p>\u00a0<\/p>\n<p>\u00a0<\/p>\n<p>Un festival taurino es, por definici\u00f3n, un festejo en el que los toreros se visten de corto de manera altruista para colaborar con alguna causa ben\u00e9fica. En este tipo de eventos, los animales salen reglamentariamente afeitados y el ambiente en los tendidos se impregna de un clima festivo y entra\u00f1able. Sin embargo, no conviene olvidar que no existe enemigo peque\u00f1o y que cada vez que un astado pisa la arena, el peligro se convierte en compa\u00f1ero inseparable. La historia lo recuerda con crudeza: Antonio Bienvenida, una de las figuras m\u00e1s grandes de la tauromaquia, perdi\u00f3 la vida tras la cogida de una simple becerra en el campo.<\/p>\n<p>\u00a0<\/p>\n<p>El pasado 28 de septiembre, el joven Samuel Naval\u00f3n fue protagonista de una cogida que devuelve a la realidad esa m\u00e1xima incuestionable. El torero de Ayora participaba en el festival ben\u00e9fico celebrado en Algemes\u00ed a favor de los damnificados por la DANA. Durante su actuaci\u00f3n intent\u00f3 clavar un par de banderillas al quiebro, pero la suerte no se resolvi\u00f3 con fortuna. El novillo le volte\u00f3 y, una vez en el suelo, le prendi\u00f3 por el cuello. El resultado fue una cornada de extrema gravedad: secci\u00f3n del m\u00fasculo esternocleidomastoideo y fractura de la ap\u00f3fisis de una v\u00e9rtebra cervical. Por fortuna se qued\u00f3 a medio cent\u00edmetro de la car\u00f3tida, cuya rotura hubiera resultado fatal.<\/p>\n<p>\u00a0<\/p>\n<p>La r\u00e1pida intervenci\u00f3n en la enfermer\u00eda de Algemes\u00ed permiti\u00f3 estabilizarlo antes de ser trasladado al Hospital de La Ribera, en Alzira, donde permaneci\u00f3 intubado cuatro d\u00edas y otros dos en la UCI. Una vez m\u00e1s, la preparaci\u00f3n m\u00e9dica de las plazas y la cadena sanitaria taurina demostraron ser decisivas para salvar una vida.<\/p>\n<p>\u00a0<\/p>\n<p>Conviene recordar que nunca se podr\u00e1 agradecer lo suficiente la generosidad de los toreros que se juegan la vida en un festival sin recibir otra recompensa que la satisfacci\u00f3n \u00edntima de ayudar. No cobran honorarios, no buscan escalar puestos en el escalaf\u00f3n, simplemente se entregan por solidaridad. Y lo hacen, adem\u00e1s, asumiendo un riesgo demasiadas veces invisible.<\/p>\n<p>\u00a0<\/p>\n<p>El percance de Naval\u00f3n nos recuerda que en el toreo la verdad siempre est\u00e1 presente. No existen tardes menores, ni gestos intrascendentes. Cada muletazo, cada quite y cada par de banderillas se juegan en el filo de la vida. Cada lance, por festivo o ligero que parezca, exige respeto, entrega y m\u00e1xima seriedad. Porque la grandeza de esta profesi\u00f3n se mide, precisamente, en la disposici\u00f3n a darlo todo incluso cuando no hay nada material que ganar.<\/p>\n<p>\u00a0<\/p>\n<p>Los festivales taurinos son, en apariencia, fiestas ben\u00e9ficas. Pero en el fondo son tambi\u00e9n recordatorios de que este arte no admite frivolidades. El toro, aun en un festival, sigue siendo toro. Y el torero, consciente de ello, acude a darlo todo como si de una tarde importante se tratara. Ese compromiso desinteresado es una de las p\u00e1ginas m\u00e1s nobles que a\u00fan se escriben en la tauromaquia. Fuerza Naval\u00f3n, y gracias.<\/p>\n","protected":false},"excerpt":{"rendered":"Los festivales taurinos son fiestas ben\u00e9ficas que incitan a la alegr\u00eda y, en ocasiones, a la frivolidad. Pero&hellip;\n","protected":false},"author":2,"featured_media":163171,"comment_status":"","ping_status":"","sticky":false,"template":"","format":"standard","meta":{"footnotes":""},"categories":[277],"tags":[373,168,25,24,23,167,374],"class_list":{"0":"post-163170","1":"post","2":"type-post","3":"status-publish","4":"format-standard","5":"has-post-thumbnail","7":"category-toreo","8":"tag-bullfighting","9":"tag-deportes","10":"tag-es","11":"tag-espana","12":"tag-spain","13":"tag-sports","14":"tag-toreo"},"share_on_mastodon":{"url":"","error":""},"_links":{"self":[{"href":"https:\/\/www.europesays.com\/es\/wp-json\/wp\/v2\/posts\/163170","targetHints":{"allow":["GET"]}}],"collection":[{"href":"https:\/\/www.europesays.com\/es\/wp-json\/wp\/v2\/posts"}],"about":[{"href":"https:\/\/www.europesays.com\/es\/wp-json\/wp\/v2\/types\/post"}],"author":[{"embeddable":true,"href":"https:\/\/www.europesays.com\/es\/wp-json\/wp\/v2\/users\/2"}],"replies":[{"embeddable":true,"href":"https:\/\/www.europesays.com\/es\/wp-json\/wp\/v2\/comments?post=163170"}],"version-history":[{"count":0,"href":"https:\/\/www.europesays.com\/es\/wp-json\/wp\/v2\/posts\/163170\/revisions"}],"wp:featuredmedia":[{"embeddable":true,"href":"https:\/\/www.europesays.com\/es\/wp-json\/wp\/v2\/media\/163171"}],"wp:attachment":[{"href":"https:\/\/www.europesays.com\/es\/wp-json\/wp\/v2\/media?parent=163170"}],"wp:term":[{"taxonomy":"category","embeddable":true,"href":"https:\/\/www.europesays.com\/es\/wp-json\/wp\/v2\/categories?post=163170"},{"taxonomy":"post_tag","embeddable":true,"href":"https:\/\/www.europesays.com\/es\/wp-json\/wp\/v2\/tags?post=163170"}],"curies":[{"name":"wp","href":"https:\/\/api.w.org\/{rel}","templated":true}]}}