{"id":163176,"date":"2025-10-08T15:59:08","date_gmt":"2025-10-08T15:59:08","guid":{"rendered":"https:\/\/www.europesays.com\/es\/163176\/"},"modified":"2025-10-08T15:59:08","modified_gmt":"2025-10-08T15:59:08","slug":"jonathan-lastra-se-vestira-de-naranja","status":"publish","type":"post","link":"https:\/\/www.europesays.com\/es\/163176\/","title":{"rendered":"Jonathan Lastra se vestir\u00e1 de naranja"},"content":{"rendered":"<p>\n        Con el final de la campa\u00f1a de fondo,<strong> se agita el mercado de fichajes, siempre caprichoso con los tiempos, <\/strong>si bien en los \u00faltimos a\u00f1os se ha ido adelantado esa \u00e9poca que se asemeja a un bazar, a un zoco de intereses cruzados, al parqu\u00e9 burs\u00e1til de comprar y vender, al mercado de futuros de la oferta y la demanda.\u00a0\n<\/p>\n<p class=\"article-body__text \">\n        Sucede, sobre todo,<strong> con los ciclistas de mayor impacto y las formaciones con m\u00e1s rango, que tratan de anticiparse en una carrera loca y desbocada por hacerse con las joyas de m\u00e1s brillo. <\/strong>\n<\/p>\n<p class=\"article-body__text \">\n        En otro escalafones, los procesos se alejan de ese frenes\u00ed. Suelen ser m\u00e1s lentos y las negociaciones se pliegan aun al ritmo del cierre del curso.\u00a0\n<\/p>\n<p class=\"article-body__text \">\n        En ese escenario se sit\u00faa la incorporaci\u00f3n de <strong>Jonathan Lastra <\/strong>al <strong>Euskaltel-Euskadi.<\/strong> A la espera del anuncio oficial, el bilbaino rodar\u00e1 con la formaci\u00f3n naranja la pr\u00f3xima campa\u00f1a.\n<\/p>\n<p class=\"article-body__text \">\n        Lastra, de 32 a\u00f1os, finaliza el contrato de tres a\u00f1os que le un\u00eda al Cofidis, que a su vez dio a conocer la renovaci\u00f3n de<strong> Ion Izagirre<\/strong> un curso m\u00e1s.\n<\/p>\n<p class=\"article-body__text \">\n        Pasar\u00e1 el vizcaino, que compite estos d\u00edas en las cl\u00e1sicas italianas, de la formaci\u00f3n francesa del WorldTour a la estructura vasca para convertirse en uno de los hombres fuertes del equipo.\n<\/p>\n<p class=\"article-body__text \">\n        Antes de enrolarse en el Euskaltel-Euskadi, Lastra rod\u00f3 en el <strong>Cofidis<\/strong> durante tres campa\u00f1as. A la estructura gala lleg\u00f3 despu\u00e9s de siete temporadas en el <strong>Caja Rural<\/strong>.\u00a0\n<\/p>\n<p class=\"article-body__text \">\n        En ese tiempo en la formaci\u00f3n navarra, el vizcaino obtuvo su \u00fanica victoria profesional en la Cl\u00e1ssica Arrabida en Portugal. Fue en 2019. Lastra <strong>acumula varios puestos de honor en distintas pruebas del calendario.\u00a0<\/strong>\n<\/p>\n<p>  <strong>Unai Aznar, otro refuerzo<\/strong><\/p>\n<p class=\"article-body__text \">\n        Lastra ha disputado<strong> siete grandes, con cinco participaciones en la Vuelta y dos en el Giro de Italia. <\/strong>El bilbaino es un refuerzo interesante para la formaci\u00f3n vasca, que no alterar\u00e1 demasiado el actual plantel.\u00a0\n<\/p>\n<p class=\"article-body__text \">\n        Se esperan <strong>cinco llegadas y otras tantas salidas para conformar una plantilla de 20 integrantes<\/strong>. Adem\u00e1s de Lastra, tambi\u00e9n se incorporar\u00e1 <strong>Unai Aznar<\/strong>, que en la actualidad pertenece al <strong>Kern Pharma<\/strong>.\u00a0\n<\/p>\n<p class=\"article-body__text \">\n        El ciclista de Cortes, de 23 a\u00f1os, tras dos cursos a las \u00f3rdenes de Juanjo Oroz, abandonar\u00e1 el equipo con la idea de arraigar en el Euskaltel-Euskadi.\n<\/p>\n<p class=\"article-body__text \">\n        El resto de llegadas ser\u00edan las de <strong>Gari Ugarte<\/strong> y <strong>Aitor Agirre<\/strong>, ambos procedentes del filial de la formaci\u00f3n naranja. Con ellos, tambi\u00e9n estar\u00e1<strong> Axel van der Tuuk, procedente del Metec<\/strong>.\u00a0\n<\/p>\n<p class=\"article-body__text \">\n        Destacadas sus campa\u00f1as aficionadas en el equipo de la <strong>Fundaci\u00f3n Euskadi<\/strong>, tendr\u00e1n una oportunidad con el maillot naranja la pr\u00f3xima campa\u00f1a como profesionales de todo derecho.\n<\/p>\n<p class=\"article-body__text \">\n        Ambos se han incorporado ya como stagieres, el paso previo a la vinculaci\u00f3n profesional. Van der Tuuk es otra de las piezas que se sumar\u00e1n a la plantilla.\n<\/p>\n<p>  <strong>Renovaci\u00f3n de Iker Mintegi<\/strong><\/p>\n<p class=\"article-body__text \">\n        A la espera de la oficializaci\u00f3n de los fichajes, la formaci\u00f3n naranja dio a conocer la renovaci\u00f3n de <strong>Iker Mintegi <\/strong>para las dos pr\u00f3ximas campa\u00f1as.\n<\/p>\n<p class=\"article-body__text \">\n        El de Altsasu debut\u00f3 el pasado curso con la formaci\u00f3n naranja y ha demostrado su adaptaci\u00f3n a la categor\u00eda.\u00a0\n<\/p>\n<blockquote class=\"twitter-tweet\" data-lang=\"es\">\n<p lang=\"eu\" dir=\"ltr\">\ud83c\udd95\ud83c\udd95\ud83c\udd95 Bazen garaia hurrengo urteerako berritasunekin hasteko!<\/p>\n<p>\ud83d\udeb5 Iker Mintegi altsasuarrak bi urte gehiago jarraituko du etxeko taldearekin hazten.<\/p>\n<p>\ud83d\udcaa Borrokalaria eta langilea, taldearen eredu.<\/p>\n<p>\ud83d\udcf2 Informazio guztia: <a href=\"https:\/\/t.co\/SrxFMDhVme\" rel=\"nofollow\">https:\/\/t.co\/SrxFMDhVme<\/a> <a href=\"https:\/\/t.co\/SBdQFh7ser\" rel=\"nofollow\">pic.twitter.com\/SBdQFh7ser<\/a><\/p>\n<p>\u2014 Euskaltel Euskadi Team (@euskaltelteam) <a href=\"https:\/\/twitter.com\/euskaltelteam\/status\/1975863747697594768?ref_src=twsrc%5Etfw\" rel=\"nofollow noopener\" target=\"_blank\">8 de octubre de 2025<\/a><\/p><\/blockquote>\n<p class=\"article-body__text \">\n        \u201cEstoy muy contento por seguir dos a\u00f1os m\u00e1s con el equipo de casa. <strong>De cara a los dos pr\u00f3ximos a\u00f1os tengo la intenci\u00f3n de seguir dando pasos y conseguir los mejores resultados posibles, <\/strong>as\u00ed como buscar mi hueco en la categor\u00eda y en el equipo, disputando carreras y logrando puestos\u201d, expuso Mintegi tras su ampliaci\u00f3n de contrato.\u00a0\n<\/p>\n<p class=\"article-body__text \">\n        La de Mintegi es la primera de las renovaciones del Euskaltel-Euskadi de cara a la pr\u00f3xima campa\u00f1a.\n<\/p>\n<p class=\"article-body__text \">\n        <strong>Jon Agirre, Xabier Berasategi, Mikel Bizkarra, Ander Ganzabal, Paul Hennequin, Txomin Juristi, Jordi L\u00f3pez, Gotzon Mart\u00edn, Louis Sutton y Danny Van der Tuuk <\/strong>tienen contrato en vigor.\u00a0A ellos se les unir\u00e1n Jonathan Lastra y Unai Aznar.\n<\/p>\n<p>            <script async src=\"https:\/\/platform.twitter.com\/widgets.js\" charset=\"utf-8\"><\/script><\/p>\n","protected":false},"excerpt":{"rendered":"Con el final de la campa\u00f1a de fondo, se agita el mercado de fichajes, siempre caprichoso con los&hellip;\n","protected":false},"author":2,"featured_media":163177,"comment_status":"","ping_status":"","sticky":false,"template":"","format":"standard","meta":{"footnotes":""},"categories":[273],"tags":[313,312,168,25,24,13573,21565,13110,23,167,7563],"class_list":{"0":"post-163176","1":"post","2":"type-post","3":"status-publish","4":"format-standard","5":"has-post-thumbnail","7":"category-ciclismo","8":"tag-ciclismo","9":"tag-cycling","10":"tag-deportes","11":"tag-es","12":"tag-espana","13":"tag-jonathan","14":"tag-lastra","15":"tag-naranja","16":"tag-spain","17":"tag-sports","18":"tag-vestira"},"share_on_mastodon":{"url":"","error":""},"_links":{"self":[{"href":"https:\/\/www.europesays.com\/es\/wp-json\/wp\/v2\/posts\/163176","targetHints":{"allow":["GET"]}}],"collection":[{"href":"https:\/\/www.europesays.com\/es\/wp-json\/wp\/v2\/posts"}],"about":[{"href":"https:\/\/www.europesays.com\/es\/wp-json\/wp\/v2\/types\/post"}],"author":[{"embeddable":true,"href":"https:\/\/www.europesays.com\/es\/wp-json\/wp\/v2\/users\/2"}],"replies":[{"embeddable":true,"href":"https:\/\/www.europesays.com\/es\/wp-json\/wp\/v2\/comments?post=163176"}],"version-history":[{"count":0,"href":"https:\/\/www.europesays.com\/es\/wp-json\/wp\/v2\/posts\/163176\/revisions"}],"wp:featuredmedia":[{"embeddable":true,"href":"https:\/\/www.europesays.com\/es\/wp-json\/wp\/v2\/media\/163177"}],"wp:attachment":[{"href":"https:\/\/www.europesays.com\/es\/wp-json\/wp\/v2\/media?parent=163176"}],"wp:term":[{"taxonomy":"category","embeddable":true,"href":"https:\/\/www.europesays.com\/es\/wp-json\/wp\/v2\/categories?post=163176"},{"taxonomy":"post_tag","embeddable":true,"href":"https:\/\/www.europesays.com\/es\/wp-json\/wp\/v2\/tags?post=163176"}],"curies":[{"name":"wp","href":"https:\/\/api.w.org\/{rel}","templated":true}]}}