{"id":163184,"date":"2025-10-08T16:03:10","date_gmt":"2025-10-08T16:03:10","guid":{"rendered":"https:\/\/www.europesays.com\/es\/163184\/"},"modified":"2025-10-08T16:03:10","modified_gmt":"2025-10-08T16:03:10","slug":"hija-de-antonio-banderas-y-melanie-griffith-se-casara-en-valladolid","status":"publish","type":"post","link":"https:\/\/www.europesays.com\/es\/163184\/","title":{"rendered":"Hija de Antonio Banderas y Melanie Griffith se casar\u00e1 en Valladolid"},"content":{"rendered":"<p>Valladolid (EFE).- La hija de Antonio Banderas y Melanie Griffith, Stella del Carmen, de 28 a\u00f1os, y su prometido, Alex Gruszynski, se casar\u00e1n el pr\u00f3ximo d\u00eda 18 en la peque\u00f1a localidad vallisoletana de Sard\u00f3n de Duero, ante 200 invitados.<\/p>\n<p>Una abad\u00eda rom\u00e1nica del siglo XII y cuatro noches y cinco d\u00edas de celebraci\u00f3n son algunos datos del enlace que acoger\u00e1 este pueblo de 607 habitantes y que se llenar\u00e1 de personalidades y estrellas de cine.<\/p>\n<p>Adem\u00e1s de los padres de la novia, est\u00e1 previsto que acudan a la boda la actriz Dakota Johnson (hermanastra de la novia); el padre de esta, el actor Don Johnson, y Tippi Hedren, abuela de Stella del Carmen y protagonista de \u2018Los p\u00e1jaros\u2019 y \u2018Marnie, la ladrona\u2019, musa del director Alfred Hitchcock.<\/p>\n<p><img loading=\"lazy\" data-recalc-dims=\"1\" decoding=\"async\" width=\"900\" height=\"610\" src=\"https:\/\/www.europesays.com\/es\/wp-content\/uploads\/2025\/10\/boda-hija-banderas-valladolid-1.webp\" alt=\"El actor Antonio Banderas y su hija Stella del Carmen.\" class=\"wp-image-2204303\"  \/>El actor Antonio Banderas y su hija Stella del Carmen. EFE\/Javier Etxezarreta<\/p>\n<p>\u201cNos est\u00e1 poniendo en el mapa a nivel de Estados Unidos\u201d, ha manifestado, en declaraciones a EFE, el alcalde del municipio, Jos\u00e9 Antonio Matesanz, acostumbrado a una gran cantidad de eventos por la cercan\u00eda del hotel de cinco estrellas Abad\u00eda Retuerta LeDomaine, donde Gruszynski y Banderas Grifftih se dar\u00e1n el \u2018s\u00ed quiero\u2019.<\/p>\n<p>Hotel con helipuerto<\/p>\n<p>Se trata de un establecimiento hotelero con helipuerto que tambi\u00e9n es una bodega y cuenta con su propia Denominaci\u00f3n de Origen Protegida desde el a\u00f1o 2022.<\/p>\n<p>Los trabajadores tendr\u00e1n restricciones en el uso de sus tel\u00e9fonos m\u00f3viles, aunque la gerencia del hotel vallisoletano no ha querido comentar ning\u00fan detalle sobre el evento.<\/p>\n<p>Matesanz, por su parte, ha explicado que la \u00fanica petici\u00f3n que Abad\u00eda Retuerta ha hecho al Ayuntamiento de Sard\u00f3n -distante unos 30 kil\u00f3metros de la capital vallisoletana- son m\u00e1s contenedores de reciclaje para la gesti\u00f3n de residuos, lo que supondr\u00e1 \u201campliar el servicio de recogida y de limpieza\u201d.<\/p>\n<p>\u00abEs un lugar bonito para poder hacer lo que quieran: la finca es una maravilla, tiene bastantes hect\u00e1reas y es muy bonita, con el convento y la bodega, e imagino que a los invitados que se lo pasar\u00e1n bien\u201d, ha dicho.<\/p>\n<p>Por su parte, el subdelegado del Gobierno en Valladolid, Jacinto Canales, ha explicado a EFE que la Guardia Civil ha recomendado a los organizadores reforzar la seguridad privada del evento, \u201cdej\u00e1ndoles siempre bien claro que es un evento privado y lo que ocurra puertas adentro es responsabilidad de la propiedad\u201d.<\/p>\n<p>Canales ha precisado que la seguridad p\u00fablica de este evento se atender\u00e1 como cualquier otro evento m\u00e1s numeroso de lo habitual en un municipio como Sard\u00f3n de Duero, por lo que se dispondr\u00e1 de un apoyo adicional como una patrulla de tr\u00e1fico que evite problemas en el acceso y de una \u201cfuerza de reserva\u201d, que actuar\u00e1 de manera reactiva si hubiera alg\u00fan problema. <\/p>\n","protected":false},"excerpt":{"rendered":"Valladolid (EFE).- La hija de Antonio Banderas y Melanie Griffith, Stella del Carmen, de 28 a\u00f1os, y su&hellip;\n","protected":false},"author":2,"featured_media":163185,"comment_status":"","ping_status":"","sticky":false,"template":"","format":"standard","meta":{"footnotes":""},"categories":[174],"tags":[255,177,3045,146,147,25,24,256,260,23],"class_list":{"0":"post-163184","1":"post","2":"type-post","3":"status-publish","4":"format-standard","5":"has-post-thumbnail","7":"category-famosos","8":"tag-celebrities","9":"tag-cine","10":"tag-curiosidades","11":"tag-entertainment","12":"tag-entretenimiento","13":"tag-es","14":"tag-espana","15":"tag-famosos","16":"tag-gente","17":"tag-spain"},"share_on_mastodon":{"url":"","error":""},"_links":{"self":[{"href":"https:\/\/www.europesays.com\/es\/wp-json\/wp\/v2\/posts\/163184","targetHints":{"allow":["GET"]}}],"collection":[{"href":"https:\/\/www.europesays.com\/es\/wp-json\/wp\/v2\/posts"}],"about":[{"href":"https:\/\/www.europesays.com\/es\/wp-json\/wp\/v2\/types\/post"}],"author":[{"embeddable":true,"href":"https:\/\/www.europesays.com\/es\/wp-json\/wp\/v2\/users\/2"}],"replies":[{"embeddable":true,"href":"https:\/\/www.europesays.com\/es\/wp-json\/wp\/v2\/comments?post=163184"}],"version-history":[{"count":0,"href":"https:\/\/www.europesays.com\/es\/wp-json\/wp\/v2\/posts\/163184\/revisions"}],"wp:featuredmedia":[{"embeddable":true,"href":"https:\/\/www.europesays.com\/es\/wp-json\/wp\/v2\/media\/163185"}],"wp:attachment":[{"href":"https:\/\/www.europesays.com\/es\/wp-json\/wp\/v2\/media?parent=163184"}],"wp:term":[{"taxonomy":"category","embeddable":true,"href":"https:\/\/www.europesays.com\/es\/wp-json\/wp\/v2\/categories?post=163184"},{"taxonomy":"post_tag","embeddable":true,"href":"https:\/\/www.europesays.com\/es\/wp-json\/wp\/v2\/tags?post=163184"}],"curies":[{"name":"wp","href":"https:\/\/api.w.org\/{rel}","templated":true}]}}