{"id":163186,"date":"2025-10-08T16:04:15","date_gmt":"2025-10-08T16:04:15","guid":{"rendered":"https:\/\/www.europesays.com\/es\/163186\/"},"modified":"2025-10-08T16:04:15","modified_gmt":"2025-10-08T16:04:15","slug":"el-colegio-de-arquitectos-valora-seguir-adelante-en-su-batalla-legal-por-la-proteccion-de-la-vega-nortes","status":"publish","type":"post","link":"https:\/\/www.europesays.com\/es\/163186\/","title":{"rendered":"El Colegio de Arquitectos valora seguir adelante en su batalla legal por la protecci\u00f3n de La Vega &#8211; Nortes"},"content":{"rendered":"<p>El pleno del <strong>Ayuntamiento de Oviedo\/Uvi\u00e9u<\/strong> desestim\u00f3 este martes con los votos de <strong>PP<\/strong> e <strong>IU<\/strong> los recursos de interposici\u00f3n interpuestos por el <strong>Colegio de Arquitectos<\/strong>, <strong>Ecoloxistes n\u00b4Aici\u00f3n d\u00b4Asturies<\/strong> y<strong> Salvemos La Vega<\/strong> contra el convenio urban\u00edstico sobre la f\u00e1brica de <strong>La Vega<\/strong> suscrito por Ayuntamiento, Principado y Ministerio de Defensa. <\/p>\n<p>Tras esta negativa cabe recurrir a los tribunales, una v\u00eda que <strong>Ecoloxistes n\u00b4Aici\u00f3n<\/strong> y<strong> Salvemos La Vega <\/strong>ya han abierto, y que tambi\u00e9n podr\u00eda seguir el <strong>Colegio de Arquitectos<\/strong>, pendiente todav\u00eda de una reuni\u00f3n para fijar posici\u00f3n. <\/p>\n<p>Seg\u00fan fuentes consultadas por <strong>NORTES <\/strong>en el Colegio existe desde el a\u00f1o pasado un compromiso al respecto de continuar la batalla legal para lograr la revisi\u00f3n del convenio. Los arquitectos y arquitectas asturianos se han mostrado desde un primer momento muy cr\u00edticos con un texto que consideraban se extralimitaba en sus funciones al introducir elementos de ordenaci\u00f3n y planificaci\u00f3n en un documento que deb\u00eda ce\u00f1irse a definir las condiciones del traspaso de la f\u00e1brica del Estado al Ayuntamiento.<\/p>\n<p>Otros aspectos que han motivado las alegaciones primero, y el recurso despu\u00e9s, son lo que consideran un excesivo n\u00famero de viviendas en el recinto, as\u00ed como la pretensi\u00f3n de atravesarlo con cuatro carriles de tr\u00e1fico, cuestiones ambas que adem\u00e1s consideran no deber\u00edan dirirmirse ahora sino en una segunda fase.<\/p>\n<p>\u201cEl an\u00e1lisis adecuado de las necesidades de la ciudad deber\u00eda encaminarse a una disminuci\u00f3n de la contaminaci\u00f3n en aras a la lucha contra el cambio clim\u00e1tico, mediante la conservaci\u00f3n y ampliaci\u00f3n de los espacios libres y zonas verdes existentes en el \u00e1mbito y en la zona y, sobre todo, mediante su conexi\u00f3n con el sistema verde de la ciudad de Oviedo y de su entorno, as\u00ed como mediante la implantaci\u00f3n en el \u00e1mbito de sistemas de movilidad sostenible relacionadas con el resto de la ciudad\u201d se\u00f1alaban las alegaciones del Colegio al proyecto del desv\u00edo del tr\u00e1fico a trav\u00e9s de la f\u00e1brica.<\/p>\n<p>Fuentes consultadas por NORTES apuntan a que la argumentaci\u00f3n legal del Colegio es \u201cmuy s\u00f3lida\u201d y que si se decide dar la batalla en los tribunales las posibilidades de ganar son altas dados los errores jur\u00eddicos que contiene el convenio. <\/p>\n","protected":false},"excerpt":{"rendered":"El pleno del Ayuntamiento de Oviedo\/Uvi\u00e9u desestim\u00f3 este martes con los votos de PP e IU los recursos&hellip;\n","protected":false},"author":2,"featured_media":163187,"comment_status":"","ping_status":"","sticky":false,"template":"","format":"standard","meta":{"footnotes":""},"categories":[173],"tags":[35379,229,233,231,230,48260,232,4007,234,48261,146,147,25,24,48262,4785,956,48263,23,35384],"class_list":{"0":"post-163186","1":"post","2":"type-post","3":"status-publish","4":"format-standard","5":"has-post-thumbnail","7":"category-arte-y-diseno","8":"tag-actualidad_cabecera","9":"tag-arte","10":"tag-arte-y-diseno","11":"tag-arts","12":"tag-arts-and-design","13":"tag-colegio-de-arquitectos","14":"tag-design","15":"tag-destacado","16":"tag-diseno","17":"tag-ecoloxistes-naicion","18":"tag-entertainment","19":"tag-entretenimiento","20":"tag-es","21":"tag-espana","22":"tag-iu","23":"tag-la-vega","24":"tag-pp","25":"tag-salvemos-la-vega","26":"tag-spain","27":"tag-temes_cabecera"},"share_on_mastodon":{"url":"","error":""},"_links":{"self":[{"href":"https:\/\/www.europesays.com\/es\/wp-json\/wp\/v2\/posts\/163186","targetHints":{"allow":["GET"]}}],"collection":[{"href":"https:\/\/www.europesays.com\/es\/wp-json\/wp\/v2\/posts"}],"about":[{"href":"https:\/\/www.europesays.com\/es\/wp-json\/wp\/v2\/types\/post"}],"author":[{"embeddable":true,"href":"https:\/\/www.europesays.com\/es\/wp-json\/wp\/v2\/users\/2"}],"replies":[{"embeddable":true,"href":"https:\/\/www.europesays.com\/es\/wp-json\/wp\/v2\/comments?post=163186"}],"version-history":[{"count":0,"href":"https:\/\/www.europesays.com\/es\/wp-json\/wp\/v2\/posts\/163186\/revisions"}],"wp:featuredmedia":[{"embeddable":true,"href":"https:\/\/www.europesays.com\/es\/wp-json\/wp\/v2\/media\/163187"}],"wp:attachment":[{"href":"https:\/\/www.europesays.com\/es\/wp-json\/wp\/v2\/media?parent=163186"}],"wp:term":[{"taxonomy":"category","embeddable":true,"href":"https:\/\/www.europesays.com\/es\/wp-json\/wp\/v2\/categories?post=163186"},{"taxonomy":"post_tag","embeddable":true,"href":"https:\/\/www.europesays.com\/es\/wp-json\/wp\/v2\/tags?post=163186"}],"curies":[{"name":"wp","href":"https:\/\/api.w.org\/{rel}","templated":true}]}}