{"id":163192,"date":"2025-10-08T16:07:12","date_gmt":"2025-10-08T16:07:12","guid":{"rendered":"https:\/\/www.europesays.com\/es\/163192\/"},"modified":"2025-10-08T16:07:12","modified_gmt":"2025-10-08T16:07:12","slug":"airbag-despues-de-river-asi-continua-el-tour-internacional-hasta-fin-de-ano","status":"publish","type":"post","link":"https:\/\/www.europesays.com\/es\/163192\/","title":{"rendered":"Airbag despu\u00e9s de River: as\u00ed contin\u00faa el tour internacional hasta fin de a\u00f1o"},"content":{"rendered":"<p class=\"left paragraph font__body-regular\">La banda de rock argentino <b>Airbag<\/b> volvi\u00f3 a encender el Estadio Monumental de River Plate por <b>tercera vez en el mismo a\u00f1o<\/b>, con <b>entradas totalmente agotadas<\/b>, consolidando su lugar como uno de los grandes referentes del <b>rock nacional<\/b>. M\u00e1s de <b>75.000 personas<\/b> vivieron una noche inolvidable junto a <b>Pato, Guido y Gast\u00f3n Sardelli<\/b>, en un show que quedar\u00e1 grabado para siempre en la historia del rock argentino.<\/p>\n<p>Airbag rompe r\u00e9cords en River: tres shows en un solo a\u00f1o<\/p>\n<p class=\"left paragraph font__body-regular\">Con este nuevo concierto, <b>Airbag se convierte en una de las pocas bandas argentinas<\/b> que logra presentarse <b>tres veces en el Estadio River Plate en un mismo a\u00f1o<\/b>, reafirmando su \u00e9xito rotundo y su conexi\u00f3n \u00fanica con el p\u00fablico.<\/p>\n<p class=\"left paragraph font__body-regular\">Durante m\u00e1s de <b>tres horas de show<\/b>, los hermanos Sardelli desplegaron un <b>setlist impactante<\/b> que recorri\u00f3 todos sus hits, junto a una <b>puesta en escena monumental<\/b> que emocion\u00f3 a sus fans de todas las generaciones. La energ\u00eda, el talento y la potencia del tr\u00edo volvieron a dejar en claro que <b>el rock argentino est\u00e1 m\u00e1s vivo que nunca<\/b>.<\/p>\n<p>Gira \u201cEl Club de la Pelea I\u201d: Airbag suma fechas en Argentina y el mundo<\/p>\n<p class=\"left paragraph font__body-regular\">En el marco de un <b>2025 arrollador<\/b>, Airbag confirm\u00f3 <b>dos nuevas fechas en Argentina<\/b> para cerrar el a\u00f1o a lo grande:<\/p>\n<ul class=\"ul__list list\">\n<li class=\"list__item\"><b>28 de noviembre \u2013 Rosario | Hip\u00f3dromo Rosario<\/b><\/li>\n<li class=\"list__item\"><b>29 de noviembre \u2013 C\u00f3rdoba | Play\u00f3n del Estadio Mario Alberto Kempes<\/b><\/li>\n<\/ul>\n<p class=\"left paragraph font__body-regular\">Estas paradas se suman al <b>tour internacional<\/b> de la banda, que viene llevando su m\u00fasica por todo el mundo con un \u00e9xito rotundo:<\/p>\n<ul class=\"ul__list list\">\n<li class=\"list__item\"><b>11 de octubre \u2013 Asunci\u00f3n | Jockey Club<\/b><\/li>\n<li class=\"list__item\"><b>19 de octubre \u2013 Barcelona | Razzmatazz<\/b><\/li>\n<li class=\"list__item\"><b>26 de octubre \u2013 Madrid | Live Las Ventas<\/b><\/li>\n<li class=\"list__item\"><b>15 de noviembre \u2013 Ciudad de M\u00e9xico | Teatro Metropolitan<\/b><\/li>\n<li class=\"list__item\"><b>21 de noviembre \u2013 Arequipa | Jard\u00edn de la Cerveza<\/b><\/li>\n<li class=\"list__item\"><b>22 de noviembre \u2013 Lima | Costa 21<\/b><\/li>\n<\/ul>\n","protected":false},"excerpt":{"rendered":"La banda de rock argentino Airbag volvi\u00f3 a encender el Estadio Monumental de River Plate por tercera vez&hellip;\n","protected":false},"author":2,"featured_media":163193,"comment_status":"","ping_status":"","sticky":false,"template":"","format":"standard","meta":{"footnotes":""},"categories":[170],"tags":[27783,146,147,25,24,184,185,23],"class_list":{"0":"post-163192","1":"post","2":"type-post","3":"status-publish","4":"format-standard","5":"has-post-thumbnail","7":"category-musica","8":"tag-airbag","9":"tag-entertainment","10":"tag-entretenimiento","11":"tag-es","12":"tag-espana","13":"tag-music","14":"tag-musica","15":"tag-spain"},"share_on_mastodon":{"url":"","error":""},"_links":{"self":[{"href":"https:\/\/www.europesays.com\/es\/wp-json\/wp\/v2\/posts\/163192","targetHints":{"allow":["GET"]}}],"collection":[{"href":"https:\/\/www.europesays.com\/es\/wp-json\/wp\/v2\/posts"}],"about":[{"href":"https:\/\/www.europesays.com\/es\/wp-json\/wp\/v2\/types\/post"}],"author":[{"embeddable":true,"href":"https:\/\/www.europesays.com\/es\/wp-json\/wp\/v2\/users\/2"}],"replies":[{"embeddable":true,"href":"https:\/\/www.europesays.com\/es\/wp-json\/wp\/v2\/comments?post=163192"}],"version-history":[{"count":0,"href":"https:\/\/www.europesays.com\/es\/wp-json\/wp\/v2\/posts\/163192\/revisions"}],"wp:featuredmedia":[{"embeddable":true,"href":"https:\/\/www.europesays.com\/es\/wp-json\/wp\/v2\/media\/163193"}],"wp:attachment":[{"href":"https:\/\/www.europesays.com\/es\/wp-json\/wp\/v2\/media?parent=163192"}],"wp:term":[{"taxonomy":"category","embeddable":true,"href":"https:\/\/www.europesays.com\/es\/wp-json\/wp\/v2\/categories?post=163192"},{"taxonomy":"post_tag","embeddable":true,"href":"https:\/\/www.europesays.com\/es\/wp-json\/wp\/v2\/tags?post=163192"}],"curies":[{"name":"wp","href":"https:\/\/api.w.org\/{rel}","templated":true}]}}