{"id":163200,"date":"2025-10-08T16:11:06","date_gmt":"2025-10-08T16:11:06","guid":{"rendered":"https:\/\/www.europesays.com\/es\/163200\/"},"modified":"2025-10-08T16:11:06","modified_gmt":"2025-10-08T16:11:06","slug":"la-tarde-aqui-y-ahora-la-visita-expres-de-los-reyes-a-belgica-en-nuestra-cronica-social-canal-sur","status":"publish","type":"post","link":"https:\/\/www.europesays.com\/es\/163200\/","title":{"rendered":"La tarde, aqu\u00ed y ahora | La visita expr\u00e9s de los Reyes a B\u00e9lgica, en nuestra cr\u00f3nica social &#8211; Canal Sur"},"content":{"rendered":"<ol>\n<li><a href=\"https:\/\/news.google.com\/rss\/articles\/CBMikAFBVV95cUxNeTdVRGVqNFlZVlE4b1dqcmJfT0RRWjJvV0UtcTVkdUxKSGlMNEdrUjBYdXRyWXdSdkJlQ2M1U19iZ3lsOWpybS1RUVZhd0gzRXlqVWJnM2k0Z2FsSkR3bzIzUWpaUFFJTzlIX1BrWUQ5dGZGdldJQ09xZTgyclE2TmQ5aGxIRks1Vk5NeWF6Q0w?oc=5\" target=\"_blank\" rel=\"nofollow noopener\">La tarde, aqu\u00ed y ahora | La visita expr\u00e9s de los Reyes a B\u00e9lgica, en nuestra cr\u00f3nica social<\/a>&nbsp;&nbsp;Canal Sur<\/li>\n<li><a href=\"https:\/\/news.google.com\/rss\/articles\/CBMiwwFBVV95cUxQSEp4eUMyOHpUYldPN3Z3MlgxZEpTNTRScjJYbUFKUFdNMkdaenFONlR4WkFOTHVNNEhqMm5CUUZJZVBTUFMxeWlkTFJHMXZ6ckdrY0I2QnZZVnRGa0tsalRrQjNENm84YW5scW9mM3lhZjdXU3A5cEFienhPSlk0Tk1lQmZrbjV4S182eXY5THdYYk5JWkk2WlphNURsUlJJWlFXblRtcDlRZ3I1dDRVNlE3cUpfbmF5WDNuYTRaTUV4dzQ?oc=5\" target=\"_blank\" rel=\"nofollow noopener\">Goya inaugura el despliegue del arte espa\u00f1ol en la bienal cultural belga Europalia<\/a>&nbsp;&nbsp;EL PA\u00cdS<\/li>\n<li><a href=\"https:\/\/news.google.com\/rss\/articles\/CBMikwFBVV95cUxQZVBiT1daSlhuaDF5NXc4cUM5WGQyUXc5bnpCemdzOTJXSWNrUWtnRXdEb1U5V3BHUGh0LVUtQU84R21sMmFBUzZjNkdhSjhuYmcwd1c1UG5Mc1o5VkZ5NHFTY0ExRWRXTU5GTkJrS2lZbmNGRjdGLWdRNVk4WDhQSmR4cHpXZVNmcC1mX3M0ZG5PRHM?oc=5\" target=\"_blank\" rel=\"nofollow noopener\">La Reina Letizia rinde homenaje a Giorgio Armani con el look de su viaje a Bruselas<\/a>&nbsp;&nbsp;El Mundo<\/li>\n<li><a href=\"https:\/\/news.google.com\/rss\/articles\/CBMi4gFBVV95cUxPR2d6NDlRcWZmZEdjYUdYQkFyTnBWZ1pBNnhXMmNUWFVoekxOc0JteGNLMUh5RnBNZnZTUlBweVNXMDNaXzBUZ2QyTEVYbUVubzBRbWVrSG01d2pyNXNHeWp4WFB3ZW1NS1pCM3lfWDFGb05QRWMwT08wbDRqNDlnXzB5N2JreDJBbEhFSkdncGFpRU9taTlfQlQ1bl9ydEd3NWxqQWVkV1RyT3NEelVNZ2hkUVg4anlSNTA2NEg0Z09iVkNPSDlzV3Z1NlZSX2l6QjFNTTZ6TVZTanI1NXFTeG1B0gHnAUFVX3lxTE1YWVhDazl0NDFDT2Z0MnRsVGxrWEUybTlGZ2t3eExGYmFidE5HdGRhNUk0ejljYWF2ZkFuYzBLVHNEeU81eWpicUZLMm5QX0w0Y09hSWFiQ0NnZ2VxMk81dE41RXVfQnpEQzc3NXo1LVpzdE5KdGxHQjM2UzFMcmZBUEZvWFlZZS1na2t2b2ZkdldxU3hmaTAyVE5vWnBadmxuMU9EaS0wWlZ5T05TcjZYR1RhUFlQbm1VSHVrVmhOVWpfRUJrbFRnZW5qZ3RfSFhVMGdZM2lldGJIdHJfalE2UjQwZ1p3UQ?oc=5\" target=\"_blank\" rel=\"nofollow noopener\">Las 24 horas de los Reyes en B\u00e9lgica: de la atenci\u00f3n a los detalles de Letizia y Matilde a la comodidad del rey belga con Felipe VI<\/a>&nbsp;&nbsp;Vanitatis<\/li>\n<li><a href=\"https:\/\/news.google.com\/rss\/articles\/CBMipgFBVV95cUxPU1FUWWF0VEVVczl1WEVSZzY1MDAwLVFfSnZIZlNfZDJPa3c1VndvSTlsSEJCLXZKZkxuRVlaZmV1TXNVaG9sZVBwSDN6WDdhT3NNRUI3dnp5ckoyOGFLUkZFSVF0OXY5MmNuTnlSMGF2S2YxWVd3bC1DSXotRGgzNGlzYUZpOC05SnpKUURMY1VMWWhtUEJMZzRtTFhKNkdZN0QwcDZR?oc=5\" target=\"_blank\" rel=\"nofollow noopener\">Los reyes de Espa\u00f1a son recibidos por los reyes belgas antes de inaugurar el festival Europalia<\/a>&nbsp;&nbsp;ABC<\/li>\n<\/ol>\n","protected":false},"excerpt":{"rendered":"La tarde, aqu\u00ed y ahora | La visita expr\u00e9s de los Reyes a B\u00e9lgica, en nuestra cr\u00f3nica social&nbsp;&nbsp;Canal&hellip;\n","protected":false},"author":2,"featured_media":163201,"comment_status":"","ping_status":"","sticky":false,"template":"","format":"standard","meta":{"footnotes":""},"categories":[91],"tags":[5795,48264,146,147,25,24,1148,1026,48265,15804,811,23,19163],"class_list":{"0":"post-163200","1":"post","2":"type-post","3":"status-publish","4":"format-standard","5":"has-post-thumbnail","7":"category-entretenimiento","8":"tag-canal-sur","9":"tag-cronica-social","10":"tag-entertainment","11":"tag-entretenimiento","12":"tag-es","13":"tag-espana","14":"tag-familia-real","15":"tag-infanta-sofia","16":"tag-infantas-cristina-y-elena","17":"tag-la-tarde-aqui-y-ahora","18":"tag-princesa-leonor","19":"tag-spain","20":"tag-victoria-federica"},"share_on_mastodon":{"url":"","error":""},"_links":{"self":[{"href":"https:\/\/www.europesays.com\/es\/wp-json\/wp\/v2\/posts\/163200","targetHints":{"allow":["GET"]}}],"collection":[{"href":"https:\/\/www.europesays.com\/es\/wp-json\/wp\/v2\/posts"}],"about":[{"href":"https:\/\/www.europesays.com\/es\/wp-json\/wp\/v2\/types\/post"}],"author":[{"embeddable":true,"href":"https:\/\/www.europesays.com\/es\/wp-json\/wp\/v2\/users\/2"}],"replies":[{"embeddable":true,"href":"https:\/\/www.europesays.com\/es\/wp-json\/wp\/v2\/comments?post=163200"}],"version-history":[{"count":0,"href":"https:\/\/www.europesays.com\/es\/wp-json\/wp\/v2\/posts\/163200\/revisions"}],"wp:featuredmedia":[{"embeddable":true,"href":"https:\/\/www.europesays.com\/es\/wp-json\/wp\/v2\/media\/163201"}],"wp:attachment":[{"href":"https:\/\/www.europesays.com\/es\/wp-json\/wp\/v2\/media?parent=163200"}],"wp:term":[{"taxonomy":"category","embeddable":true,"href":"https:\/\/www.europesays.com\/es\/wp-json\/wp\/v2\/categories?post=163200"},{"taxonomy":"post_tag","embeddable":true,"href":"https:\/\/www.europesays.com\/es\/wp-json\/wp\/v2\/tags?post=163200"}],"curies":[{"name":"wp","href":"https:\/\/api.w.org\/{rel}","templated":true}]}}