{"id":163212,"date":"2025-10-08T16:17:09","date_gmt":"2025-10-08T16:17:09","guid":{"rendered":"https:\/\/www.europesays.com\/es\/163212\/"},"modified":"2025-10-08T16:17:09","modified_gmt":"2025-10-08T16:17:09","slug":"se-recupera-de-un-fuerte-balonazo-en-la-cara","status":"publish","type":"post","link":"https:\/\/www.europesays.com\/es\/163212\/","title":{"rendered":"se recupera de un fuerte balonazo en la cara"},"content":{"rendered":"<p>\n<strong>Olaia Luzuriaga<\/strong>, meta de <strong>Replasa Beti Onak<\/strong>, no podr\u00e1 acudir esta vez a la llamada de las <strong>Guerreras<\/strong>. La pamplonesa, a\u00fan convaleciente tras los mareos y malestar producidos desde el pasado s\u00e1bado por <strong>un fuerte balonazo que recibi\u00f3 en la cara<\/strong> durante los \u00faltimos segundos del duelo europeo de su equipo ante el <strong>HC Galychanka<\/strong>,\u00a0 no podr\u00e1 jugar con la selecci\u00f3n nacional los dos primeros encuentros de clasificaci\u00f3n para el pr\u00f3ximo Europeo.<\/p>\n<p>El seleccionador nacional <strong>Ambros Mart\u00edn<\/strong> ha hecho oficial este mi\u00e9rcoles 8 por la ma\u00f1ana que la guardameta navarra -ausente tambi\u00e9n en el duelo liguero de su equipo frente a Rocasa Gran Canaria- causa baja en su lista para los duelos de la pr\u00f3xima semana frente a Grecia e Israel y, en su lugar, ha llamado a <strong>Nicole Wiggins<\/strong>, portera del Super Amara Bera Bera.<\/p>\n<p>Luzuriaga, que gracias a su excelente inicio de temporada hab\u00eda logrado debutar ya con la selecci\u00f3n nacional absoluta,<a href=\"https:\/\/www.diariodenavarra.es\/noticias\/deportes\/balonmano\/2025\/10\/07\/olaia-luzuriaga-ingresada-balonazo-cara-662883-1051.html\" rel=\"nofollow noopener\" target=\"_blank\"> sigue recuper\u00e1ndose de las molestias que le ocasion\u00f3 el fuerte golpe recibido en Bilgoraj <\/a>(Polonia) y que le ha llevado a estar unos d\u00edas ingresada mientras se le realizan diversas <strong>pruebas m\u00e9dicas para descartar da\u00f1os<\/strong>.\u00a0 El pasado s\u00e1bado, a falta de 31 segundos del final del <a href=\"\">duelo europeo que el conjunto Villava disput\u00f3 frente al HC Galychanka (24-26)<\/a>, un lanzamiento de la primera l\u00ednea ucraniana <strong>Svitlana Havrysh\u00a0<\/strong> impact\u00f3 <strong>de lleno en el rostro a menos de 4 metros <\/strong>de distancia. Un golpe brutal con el bal\u00f3n alcanzando una tremenda velocidad, accidental y fortuito,\u00a0 tras el que, ya durante el viaje de vuelta del conjunto navarro desde Polonia el pasado domingo, Luzuriaga comenz\u00f3 a sentirse indispuesta y mareada. Una situaci\u00f3n que no mejor\u00f3 y que hizo que la deportista acudiera <strong>a Urgencias, quedando ingresada<\/strong>.<\/p>\n<p>La navarra, junto a su compa\u00f1era de equipo y pivote <strong>Almudena Rodr\u00edguez<\/strong>,  estaba llamada a la concentraci\u00f3n en Sagunto, de este jueves 9 al domingo 12, dentro del Proyecto 2029. Adem\u00e1s, tambi\u00e9n estaba en la lista para los dos encuentros de la <strong>fase clasificatoria del Campeonato de Europa de 2026<\/strong>, el jueves 16 de octubre a las 20:30h en el Pabell\u00f3n Polideportivo Puerto de Sagunto frente a Grecia y el domingo 19 de octubre, a las 17:00h, en el Gopass Arena Bratislava ante Israel. Tambi\u00e9n esa semana, viajando ya el pr\u00f3ximo domingo 12, otras jugadoras del Replasa Beti Onak se incorporar\u00e1n a sus respectivas selecciones nacionales para diferentes actividades de preparaci\u00f3n para el pr\u00f3ximo Mundial. As\u00ed <strong>Maria Grasielly Brasil<\/strong>, primera l\u00ednea,\u00a0 se incorporar\u00e1 al conjunto brasile\u00f1o mientras que a la llamada de Argentina acudir\u00e1n <strong>Mica Casasola<\/strong>, <strong>Ayel\u00e9n Garc\u00eda<\/strong> y <strong>Maca Sans<\/strong>.<\/p>\n","protected":false},"excerpt":{"rendered":"Olaia Luzuriaga, meta de Replasa Beti Onak, no podr\u00e1 acudir esta vez a la llamada de las Guerreras.&hellip;\n","protected":false},"author":2,"featured_media":163213,"comment_status":"","ping_status":"","sticky":false,"template":"","format":"standard","meta":{"footnotes":""},"categories":[278],"tags":[376,168,25,24,375,7532,47873,689,47872,15870,23,167],"class_list":{"0":"post-163212","1":"post","2":"type-post","3":"status-publish","4":"format-standard","5":"has-post-thumbnail","7":"category-balonmano","8":"tag-balonmano","9":"tag-deportes","10":"tag-es","11":"tag-espana","12":"tag-handball","13":"tag-jugar","14":"tag-luzuriaga","15":"tag-no","16":"tag-olaia","17":"tag-podra","18":"tag-spain","19":"tag-sports"},"share_on_mastodon":{"url":"","error":""},"_links":{"self":[{"href":"https:\/\/www.europesays.com\/es\/wp-json\/wp\/v2\/posts\/163212","targetHints":{"allow":["GET"]}}],"collection":[{"href":"https:\/\/www.europesays.com\/es\/wp-json\/wp\/v2\/posts"}],"about":[{"href":"https:\/\/www.europesays.com\/es\/wp-json\/wp\/v2\/types\/post"}],"author":[{"embeddable":true,"href":"https:\/\/www.europesays.com\/es\/wp-json\/wp\/v2\/users\/2"}],"replies":[{"embeddable":true,"href":"https:\/\/www.europesays.com\/es\/wp-json\/wp\/v2\/comments?post=163212"}],"version-history":[{"count":0,"href":"https:\/\/www.europesays.com\/es\/wp-json\/wp\/v2\/posts\/163212\/revisions"}],"wp:featuredmedia":[{"embeddable":true,"href":"https:\/\/www.europesays.com\/es\/wp-json\/wp\/v2\/media\/163213"}],"wp:attachment":[{"href":"https:\/\/www.europesays.com\/es\/wp-json\/wp\/v2\/media?parent=163212"}],"wp:term":[{"taxonomy":"category","embeddable":true,"href":"https:\/\/www.europesays.com\/es\/wp-json\/wp\/v2\/categories?post=163212"},{"taxonomy":"post_tag","embeddable":true,"href":"https:\/\/www.europesays.com\/es\/wp-json\/wp\/v2\/tags?post=163212"}],"curies":[{"name":"wp","href":"https:\/\/api.w.org\/{rel}","templated":true}]}}