{"id":163221,"date":"2025-10-08T16:23:09","date_gmt":"2025-10-08T16:23:09","guid":{"rendered":"https:\/\/www.europesays.com\/es\/163221\/"},"modified":"2025-10-08T16:23:09","modified_gmt":"2025-10-08T16:23:09","slug":"los-desencuentros-en-la-negociacion-entre-george-russell-y-mercedes-que-ponen-incertidumbre-a-su-futuro-en-la-formula-1","status":"publish","type":"post","link":"https:\/\/www.europesays.com\/es\/163221\/","title":{"rendered":"Los desencuentros en la negociaci\u00f3n entre George Russell y Mercedes que ponen incertidumbre a su futuro en la F\u00f3rmula 1"},"content":{"rendered":"<p><img alt=\"Rusell se qued\u00f3 con el\" class=\"global-image\" decoding=\"async\" fetchpriority=\"high\" height=\"1832\" loading=\"eager\" src=\"https:\/\/www.europesays.com\/es\/wp-content\/uploads\/2025\/10\/2BLLXLEHZBGP7C7LYAF77XDF7Y.JPG\" width=\"2854\"\/>Rusell se qued\u00f3 con el primer lugar en el GP de Singapur (Reuters)<\/p>\n<p class=\"paragraph\">El futuro contractual de\u00a0<b>George Russell<\/b>\u00a0con\u00a0<b>Mercedes<\/b>\u00a0sigue siendo incierto mientras avanzan las negociaciones para su permanencia en el equipo m\u00e1s all\u00e1 de la temporada 2025 de\u00a0<b>F\u00f3rmula 1<\/b>. A pesar de las expectativas en el paddock y el impulso por sus recientes \u00e9xitos deportivos,\u00a0<b>el piloto brit\u00e1nico ha rechazado m\u00faltiples ofertas presentadas por Mercedes<\/b>\u00a0con el objetivo de conseguir condiciones m\u00e1s favorables en su nuevo acuerdo, de acuerdo con informaci\u00f3n recogida por\u00a0RacingNews365\u00a0y\u00a0Formula.hu.<\/p>\n<p class=\"paragraph\">Las conversaciones entre\u00a0Russell\u00a0y\u00a0Mercedes\u00a0han quedado marcadas por <b>una serie de desacuerdos sobre temas clave <\/b>como la duraci\u00f3n del contrato, el salario y las obligaciones vinculadas al marketing. En ese contexto, RacingNews365 inform\u00f3 que <b>\u201cRussell ha recibido m\u00faltiples ofertas de Mercedes<\/b>, pero las ha dejado de lado cada vez\u201d. El piloto de King\u2019s Lynn buscar\u00eda no solo una mejora salarial, sino tambi\u00e9n una reducci\u00f3n significativa en los d\u00edas de compromiso comercial que el fabricante exige, situados actualmente en 60 jornadas.<\/p>\n<p class=\"paragraph\">La extensi\u00f3n del contrato de\u00a0<b>Russell<\/b>\u00a0se daba por descontada para el mes de septiembre en el circuito de la\u00a0<b>F1<\/b>, aunque todav\u00eda no existe un anuncio oficial por parte de la escuder\u00eda. Sin embargo, tanto el piloto brit\u00e1nico como la estructura de\u00a0<b>Mercedes<\/b>\u00a0se ver\u00edan obligados a llegar a un entendimiento, ya que <b>el mercado actual no ofrece opciones m\u00e1s s\u00f3lidas <\/b>para ninguna de las partes, y el deseo de continuar juntos permanece intacto.<\/p>\n<p class=\"paragraph\">El jefe de equipo,\u00a0<b>Toto Wolff<\/b>, por su parte se refiri\u00f3 a la situaci\u00f3n luego de la victoria de Russell en el\u00a0Gran Premio de Singapur:<b> \u201cLas cosas buenas tardan un poco\u201d<\/b>, manifest\u00f3 Wolff al ser interrogado sobre el retraso en la renovaci\u00f3n. El dirigente de\u00a0<b>Mercedes<\/b>\u00a0subray\u00f3 que el principal escollo recae en los <b>\u201cdetalles, no en los grandes temas\u201d<\/b>, seg\u00fan\u00a0Sky Alemania. Posteriormente a\u00f1adi\u00f3:<b> \u201cLo anunciaremos pronto\u201d.<\/b><\/p>\n<p><img alt=\"Toto Wolff se refiri\u00f3 al\" class=\"global-image\" decoding=\"async\" fetchpriority=\"low\" height=\"4147\" loading=\"lazy\" src=\"https:\/\/www.europesays.com\/es\/wp-content\/uploads\/2025\/10\/YCSVLSH5SNDWLBBQR3CBRUCJKI.jpg\" width=\"6374\"\/>Toto Wolff se refiri\u00f3 al presente de Russell (Reuters)<\/p>\n<p class=\"paragraph\">Del otro lado,\u00a0<b>George Russell<\/b>\u00a0reconoci\u00f3 ante periodistas que <b>\u201clas cosas hay que hacerlas bien\u201d<\/b>, enfatizando la relevancia del momento que atraviesa en su trayectoria profesional: \u201cCreo que para cualquier piloto, cuando llegas a cierto punto de tu carrera, las cosas deben hacerse correctamente. <b>Cada vez que renuevas un contrato, es el m\u00e1s importante de tu vida<\/b>, y hay que hacerlo con cuidado. No hay nada de qu\u00e9 preocuparse; se har\u00e1 cuando se tenga que hacer\u201d, declar\u00f3 el brit\u00e1nico en palabras recogidas por Motorsport.<\/p>\n<p class=\"paragraph\">La posici\u00f3n de Russell se ve fortalecida por sus recientes resultados en pista. Tras obtener <a rel=\"noopener noreferrer nofollow\" href=\"https:\/\/www.infobae.com\/deportes\/2025\/10\/05\/franco-colapinto-largara-desde-el-puesto-16-el-gran-premio-de-singapur-de-la-formula-1-todo-lo-que-hay-que-saber\/\" target=\"_blank\" title=\"https:\/\/www.infobae.com\/deportes\/2025\/10\/05\/franco-colapinto-largara-desde-el-puesto-16-el-gran-premio-de-singapur-de-la-formula-1-todo-lo-que-hay-que-saber\/\"><b>su segunda victoria de la temporada en\u00a0<\/b><\/a><a rel=\"noopener noreferrer nofollow\" href=\"https:\/\/www.infobae.com\/deportes\/2025\/10\/05\/franco-colapinto-largara-desde-el-puesto-16-el-gran-premio-de-singapur-de-la-formula-1-todo-lo-que-hay-que-saber\/\" target=\"_blank\" title=\"https:\/\/www.infobae.com\/deportes\/2025\/10\/05\/franco-colapinto-largara-desde-el-puesto-16-el-gran-premio-de-singapur-de-la-formula-1-todo-lo-que-hay-que-saber\/\"><b>Singapur<\/b><\/a>\u00a0y lograr otros cinco podios en 2025, el piloto ocupa la cuarta posici\u00f3n del campeonato<b>. \u201cHa estado formidable este a\u00f1o\u201d<\/b>, valor\u00f3\u00a0<b>Toto Wolff<\/b>\u00a0en declaraciones a la prensa tras el triunfo en Marina Bay. \u201cNo he visto errores. Ha habido fines de semana en los que \u00e9l mismo dijo: \u2018Podr\u00eda haber hecho m\u00e1s, no fue una buena carrera\u2019. Pero eso le pasa a cualquier piloto\u201d.<\/p>\n<p class=\"paragraph\">El trasfondo de la negociaci\u00f3n sugiere que <b>la escuder\u00eda no est\u00e1 dispuesta a ceder tanto como en ocasiones anteriores,<\/b> cuando accedi\u00f3 a concesiones amplias para asegurar la continuidad de\u00a0Lewis Hamilton, siete veces campe\u00f3n mundial. En el caso de Russell, la principal novedad residir\u00eda en su insistencia por reducir los compromisos de marketing y la posibilidad de incluir<b> una \u201ccl\u00e1usula de renovaci\u00f3n autom\u00e1tica\u201d <\/b>en el contrato, sujeta a que supere a su pr\u00f3ximo compa\u00f1ero, el joven piloto italiano\u00a0<b>Kimi Antonelli<\/b>, en la temporada siguiente.<\/p>\n<p class=\"paragraph\">Si bien no hay una fecha concreta para el anuncio oficial, todo apunta a que la escuder\u00eda presentar\u00e1 simult\u00e1neamente a su dupla de pilotos para la pr\u00f3xima era de la\u00a0<b>F\u00f3rmula 1<\/b>, con\u00a0<b>Russell<\/b>\u00a0y\u00a0<b>Antonelli<\/b>\u00a0como protagonistas. En tanto se define el acuerdo, la atenci\u00f3n permanece fija en la evoluci\u00f3n de este proceso, que promete definir la estrategia y liderazgo de la formaci\u00f3n de\u00a0<b>Brackley<\/b>\u00a0en la m\u00e1xima categor\u00eda.<\/p>\n","protected":false},"excerpt":{"rendered":"Rusell se qued\u00f3 con el primer lugar en el GP de Singapur (Reuters) El futuro contractual de\u00a0George Russell\u00a0con\u00a0Mercedes\u00a0sigue&hellip;\n","protected":false},"author":2,"featured_media":163222,"comment_status":"","ping_status":"","sticky":false,"template":"","format":"standard","meta":{"footnotes":""},"categories":[270],"tags":[4820,168,25,24,306,271,272,3019,23,3020,167],"class_list":{"0":"post-163221","1":"post","2":"type-post","3":"status-publish","4":"format-standard","5":"has-post-thumbnail","7":"category-formula-1","8":"tag-asia-pacific","9":"tag-deportes","10":"tag-es","11":"tag-espana","12":"tag-f1","13":"tag-formula-1","14":"tag-formula1","15":"tag-motor-racing","16":"tag-spain","17":"tag-sport","18":"tag-sports"},"share_on_mastodon":{"url":"","error":""},"_links":{"self":[{"href":"https:\/\/www.europesays.com\/es\/wp-json\/wp\/v2\/posts\/163221","targetHints":{"allow":["GET"]}}],"collection":[{"href":"https:\/\/www.europesays.com\/es\/wp-json\/wp\/v2\/posts"}],"about":[{"href":"https:\/\/www.europesays.com\/es\/wp-json\/wp\/v2\/types\/post"}],"author":[{"embeddable":true,"href":"https:\/\/www.europesays.com\/es\/wp-json\/wp\/v2\/users\/2"}],"replies":[{"embeddable":true,"href":"https:\/\/www.europesays.com\/es\/wp-json\/wp\/v2\/comments?post=163221"}],"version-history":[{"count":0,"href":"https:\/\/www.europesays.com\/es\/wp-json\/wp\/v2\/posts\/163221\/revisions"}],"wp:featuredmedia":[{"embeddable":true,"href":"https:\/\/www.europesays.com\/es\/wp-json\/wp\/v2\/media\/163222"}],"wp:attachment":[{"href":"https:\/\/www.europesays.com\/es\/wp-json\/wp\/v2\/media?parent=163221"}],"wp:term":[{"taxonomy":"category","embeddable":true,"href":"https:\/\/www.europesays.com\/es\/wp-json\/wp\/v2\/categories?post=163221"},{"taxonomy":"post_tag","embeddable":true,"href":"https:\/\/www.europesays.com\/es\/wp-json\/wp\/v2\/tags?post=163221"}],"curies":[{"name":"wp","href":"https:\/\/api.w.org\/{rel}","templated":true}]}}