{"id":163226,"date":"2025-10-08T16:26:09","date_gmt":"2025-10-08T16:26:09","guid":{"rendered":"https:\/\/www.europesays.com\/es\/163226\/"},"modified":"2025-10-08T16:26:09","modified_gmt":"2025-10-08T16:26:09","slug":"la-reina-sofia-coincide-con-la-infanta-elena-en-los-premios-de-la-fundacion-mapfre","status":"publish","type":"post","link":"https:\/\/www.europesays.com\/es\/163226\/","title":{"rendered":"La reina Sof\u00eda coincide con la infanta Elena en los premios de la Fundaci\u00f3n Mapfre"},"content":{"rendered":"<p id=\"e79z2Q0A4v\" data-wc=\"78\"><strong>La reina Sof\u00eda\u00a0<\/strong>ha presidido este mi\u00e9rcoles la entrega de los Premios Sociales de la <strong>Fundaci\u00f3n Mapfre 2025,\u00a0<\/strong>donde ha coincidido con su hija, la<strong>\u00a0infanta Elena,<\/strong> quien trabaja desde hace a\u00f1os como directora de proyectos sociales y culturales en la Fundaci\u00f3n Mapfre. Es la primera vez en los \u00faltimos doce meses en que madre e hija coinciden en un acto p\u00fablico, despu\u00e9s de que precisamente<a class=\"hm-link ho-link\" href=\"https:\/\/www.hola.com\/realeza\/20241008722800\/reina-sofia-infanta-elena-nuria-espert-premios-mapfre\/\" data-mrf-recirculation=\"article-body-link\" rel=\"nofollow noopener\" target=\"_blank\">\u00a0en 2024 por estas mismas fechas ambas coincidieran en estos mismos galardones.<\/a><\/p>\n<p> <img src=\"https:\/\/www.europesays.com\/es\/wp-content\/uploads\/2025\/10\/e7aa4118b7a7-dlu592706027.jpg\"   width=\"682\" height=\"1024\" loading=\"lazy\" decoding=\"async\" alt=\"La infanta Elena y la reina Sof\u00eda en los premios de la fundaci\u00f3n Mapfre\" fetchpriority=\"auto\" class=\"image ho-image\"\/>\u00a9 GTRES<\/p>\n<p id=\"e3ONOXHz-t1\" data-wc=\"57\">Estos galardones se han entregado en el Real Casino de Madrid y distinguen a las personas e instituciones que han realizado actuaciones destacada<strong>s en beneficio de la sociedad en los \u00e1mbitos cient\u00edfico, cultural y social.\u00a0<\/strong>Este a\u00f1o se han recibido un total de 1.125 candidaturas, procedentes de varios pa\u00edses, casi un 10% m\u00e1s que la edici\u00f3n anterior.\u00a0<\/p>\n<p> <img src=\"https:\/\/www.europesays.com\/es\/wp-content\/uploads\/2025\/10\/a9a7a376bae6-dlu592706034.jpg\"   width=\"1024\" height=\"682\" loading=\"lazy\" decoding=\"async\" alt=\"La infanta Elena y la reina Sof\u00eda en los premios de la fundaci\u00f3n Mapfre de 2025\" fetchpriority=\"auto\" class=\"image ho-image\"\/>\u00a9 GTRES<\/p>\n<p> <img src=\"https:\/\/www.europesays.com\/es\/wp-content\/uploads\/2025\/10\/35eea19e2c82-dlu592706032.jpg\"   width=\"682\" height=\"1024\" loading=\"lazy\" decoding=\"async\" alt=\"La infanta Elena en los Premios de la Fundaci\u00f3n Mapfre\" fetchpriority=\"auto\" class=\"image ho-image\"\/>\u00a9 GTRES<\/p>\n<p id=\"eoLiJtm7Vx\" data-wc=\"67\">Do\u00f1a Sof\u00eda ha acudido con una chaqueta roja, mientras que su hija lo ha hecho con una naranja. Tambi\u00e9n se encontraban entre los asistentes <strong>Alicia Koplowitz,<\/strong> reconocida fil\u00e1ntropa y coleccionista de arte que se ha convertido en una de las grandes mecenas de nuestro pa\u00eds, as\u00ed como <strong>Ronaldo Nazario,<\/strong> muy volcado en la educaci\u00f3n a trav\u00e9s del deporte tanto en Brasil como en otros pa\u00edses de Iberoam\u00e9rica.\u00a0<\/p>\n<p> <img src=\"https:\/\/www.europesays.com\/es\/wp-content\/uploads\/2025\/10\/46719b486bcf-dlu592706010.jpg\"   width=\"1024\" height=\"682\" loading=\"lazy\" decoding=\"async\" alt=\"La reina Sof\u00eda preside los premios de la Fundaci\u00f3n Mapfre 2025\" fetchpriority=\"auto\" class=\"image ho-image\"\/>\u00a9 GTRES<\/p>\n<p id=\"e5KYHKi3zk\" data-wc=\"112\">El premio A toda una vida profesional Jos\u00e9 Manuel Mart\u00ednez Mart\u00ednez ha sido para <strong>Joao Carlos Martins<\/strong>, pianista y director orquesta en reconocimiento a su excepcional trayectoria art\u00edstica, su resiliencia y su compromiso con la transformaci\u00f3n social a trav\u00e9s de la m\u00fasica. A pesar de sufrir m\u00faltiples lesiones, enfermedades neurol\u00f3gicas y un asalto con violencia que lo apartaron del piano durante m\u00e1s de dos d\u00e9cadas, Martins consigui\u00f3 volver a tocar en 2019 gracias a unos guantes bi\u00f3nicos. <strong>Est\u00e1 considerado uno de los m\u00e1s grandes int\u00e9rpretes de Bach<\/strong>. En 2006 cre\u00f3 la Fundaci\u00f3n Bachiana, que promueve el acceso a la cultura y la educaci\u00f3n musical de calidad en Brasiol, especialmente entre j\u00f3venes vulnerables.\u00a0<\/p>\n<p> <img src=\"https:\/\/www.europesays.com\/es\/wp-content\/uploads\/2025\/10\/c54821fd6734-dlu592706002.jpg\"   width=\"1024\" height=\"682\" loading=\"lazy\" decoding=\"async\" alt=\"LA REINA SOF\u00cdA PRESIDE LOS PREMIOS DE LAFUNDACI\u00d3N MAPFRE\" fetchpriority=\"auto\" class=\"image ho-image\"\/>\u00a9 GTRES<\/p>\n<p> <img src=\"https:\/\/www.europesays.com\/es\/wp-content\/uploads\/2025\/10\/9f597e67ee21-dlu592706004.jpg\"   width=\"1024\" height=\"682\" loading=\"lazy\" decoding=\"async\" alt=\"LA REINA SOF\u00cdA PRESIDE LOS PREMIOS DE LAFUNDACI\u00d3N MAPFRE\" fetchpriority=\"auto\" class=\"image ho-image\"\/>\u00a9 GTRES<\/p>\n<p id=\"eA4maTMdL0O\" data-wc=\"47\">El premio\u00a0Mejor proyecto por su impacto Social ha sido para<strong>\u00a0100 mil pisos para juga<\/strong>r, una iniciativa de H\u00e1bitat para la Humanidad Internacional y la Federaci\u00f3n Interamericana del Cemento, que busca reemplazar suelos de tierra por hormig\u00f3n en 100.000 viviendas de Am\u00e9rica Latina y el Caribe.\u00a0<\/p>\n<p> <img src=\"https:\/\/www.europesays.com\/es\/wp-content\/uploads\/2025\/10\/a908770de0f7-europapress7012312infantaelenaentregapremiossocialesfundacionmapfre2025.jpg\"   width=\"1024\" height=\"682\" loading=\"lazy\" decoding=\"async\" alt=\"La infanta Elena en la entrega de los Premios Sociales de la Fundaci\u00f3n Mapfre 2025\" fetchpriority=\"auto\" class=\"image ho-image\"\/>\u00a9 Europa Press<\/p>\n<p id=\"edBNwdg39r\" data-wc=\"147\">El premio Mejor Entidad por su Trayectoria Social<strong>\u00a0<\/strong>a la <strong>Confederaci\u00f3n Internacional de la Sociedad de San Vicente de Pa\u00fal<\/strong> (SSVP), que lleva casi dos siglos apoyando a las personas m\u00e1s vulnerables. Fundada en Par\u00eds en 1833 por un grupo de estudiantes universitarios, la SSVP cuenta hoy con m\u00e1s de dos millones de voluntarios en 155 territorios, que desarrollan m\u00e1s de 2.500 proyectos y ayuda cada a\u00f1o a 30 millones de personas en situaci\u00f3n de vulnerabilidad. La organizaci\u00f3n act\u00faa en \u00e1reas como vivienda, salud, educaci\u00f3n, empleo y emergencias. Destacan la construcci\u00f3n de hogares dignos en pa\u00edses como Suazilandia, programas para personas mayores en Chile o proyectos intergeneracionales en Malasia. En el \u00e1mbito sanitario, ofrece atenci\u00f3n m\u00e9dica en hospitales, cl\u00ednicas y unidades m\u00f3viles en pa\u00edses como Brasil, L\u00edbano o Egipto. Tambi\u00e9n promueve la educaci\u00f3n con centros escolares y campa\u00f1as, as\u00ed como programas de emprendimiento, microcr\u00e9ditos y proyectos sostenibles.<\/p>\n<p> <img src=\"https:\/\/www.europesays.com\/es\/wp-content\/uploads\/2025\/10\/bf939db3cf86-europapress7012298ronaldoentregapremiossocialesfundacionmapfre2025real.jpg\"   width=\"1024\" height=\"682\" loading=\"lazy\" decoding=\"async\" alt=\"Ronaldo Nazario durante la entrega de los Premios Fundaci\u00f3n Mapfre 2025\" fetchpriority=\"auto\" class=\"image ho-image\"\/>\u00a9 Europa Press<\/p>\n<p id=\"ecWMCTKrNm\" data-wc=\"158\"><strong>El premio\u00a0Internacional de Seguros Julio Castelo Matr\u00e1n<\/strong> para <strong>Alejandro Izuzquiza<\/strong>, por su investigaci\u00f3n La colaboraci\u00f3n p\u00fablico-privada en el sistema asegurados espa\u00f1ol: el Consorcio de Compensaci\u00f3n de Seguros (CCS) y la gesti\u00f3n de las indemnizaciones en el seguro de riesgos extraordinarios, que analiza el papel del CCS en la gesti\u00f3n de cat\u00e1strofes, demostrando la eficacia del modelo espa\u00f1ol en la atenci\u00f3n a miles de damnificados. En su an\u00e1lisis, Izuzquiza destaca al CCS como un ejemplo \u00fanico en el mundo de colaboraci\u00f3n efectiva entre sector p\u00fablico y privado en contextos de riesgos extraordinarios (terremotos, inundaciones, erupciones volc\u00e1nicas, terrorismo\u2026), donde la respuesta aseguradora debe ser coordinada y r\u00e1pida. Casos como la DANA de octubre de 2024 en la Comunidad Valenciana, la erupci\u00f3n de La Palma en 2021, el terremoto de Lorca en 2011 o los atentados terroristas del 11-M de 2004, evidencian c\u00f3mo este modelo permite una gesti\u00f3n \u00e1gil y eficaz, evitando esperas, desinformaci\u00f3n y conflictos de competencia entre aseguradoras.<\/p>\n<p> <img src=\"https:\/\/www.europesays.com\/es\/wp-content\/uploads\/2025\/10\/110d02eaf1f9-dlu592706015.jpg\"   width=\"1024\" height=\"682\" loading=\"lazy\" decoding=\"async\" alt=\"LA REINA SOF\u00cdA PRESIDE LOS PREMIOS DE LA FUNDACI\u00d3N MAPFRE\" fetchpriority=\"auto\" class=\"image ho-image\"\/>\u00a9 GTRES<\/p>\n<p id=\"ef8t0RVT7UG\" data-wc=\"83\">Como dec\u00edamos, la reina Sof\u00eda y su hija mayor coincidieron en este mismo acto hace un a\u00f1o. No es la primera vez que do\u00f1a Sof\u00eda coincide con alguno de sus hijos en alg\u00fan acto oficial. <a class=\"hm-link ho-link\" href=\"https:\/\/www.hola.com\/realeza\/casa_espanola\/20250718845108\/felipe-vi-y-la-reina-sofia-se-reencuentran-en-una-emotiva-audiencia-tras-nueve-meses-sin-apariciones-conjuntas\/\" data-mrf-recirculation=\"article-body-link\" rel=\"nofollow noopener\" target=\"_blank\">El pasado julio, el rey Felipe VI, en compa\u00f1\u00eda de su madre,\u00a0<\/a>recibi\u00f3 al Comit\u00e9 Ejecutivo de la Federaci\u00f3n Espa\u00f1ola de Bancos de Alimentos (FESBAL) con motivo de su 30\u00ba aniversario, con la que <a class=\"hm-link ho-link\" href=\"https:\/\/www.hola.com\/realeza\/casa_espanola\/20241025725853\/ceremonia-premios-princesa-de-asturias-2024\/\" data-mrf-recirculation=\"article-body-link\" rel=\"nofollow noopener\" target=\"_blank\">no coincid\u00eda en un acto institucional p\u00fablico desde los pasados Premios Princesa de Asturias.\u00a0<\/a><\/p>\n","protected":false},"excerpt":{"rendered":"La reina Sof\u00eda\u00a0ha presidido este mi\u00e9rcoles la entrega de los Premios Sociales de la Fundaci\u00f3n Mapfre 2025,\u00a0donde ha&hellip;\n","protected":false},"author":2,"featured_media":163227,"comment_status":"","ping_status":"","sticky":false,"template":"","format":"standard","meta":{"footnotes":""},"categories":[174],"tags":[255,146,147,25,24,256,38716,1027,1029,11789,23],"class_list":{"0":"post-163226","1":"post","2":"type-post","3":"status-publish","4":"format-standard","5":"has-post-thumbnail","7":"category-famosos","8":"tag-celebrities","9":"tag-entertainment","10":"tag-entretenimiento","11":"tag-es","12":"tag-espana","13":"tag-famosos","14":"tag-infanta-elena","15":"tag-realeza","16":"tag-realeza-espanola","17":"tag-reina-sofia","18":"tag-spain"},"share_on_mastodon":{"url":"","error":""},"_links":{"self":[{"href":"https:\/\/www.europesays.com\/es\/wp-json\/wp\/v2\/posts\/163226","targetHints":{"allow":["GET"]}}],"collection":[{"href":"https:\/\/www.europesays.com\/es\/wp-json\/wp\/v2\/posts"}],"about":[{"href":"https:\/\/www.europesays.com\/es\/wp-json\/wp\/v2\/types\/post"}],"author":[{"embeddable":true,"href":"https:\/\/www.europesays.com\/es\/wp-json\/wp\/v2\/users\/2"}],"replies":[{"embeddable":true,"href":"https:\/\/www.europesays.com\/es\/wp-json\/wp\/v2\/comments?post=163226"}],"version-history":[{"count":0,"href":"https:\/\/www.europesays.com\/es\/wp-json\/wp\/v2\/posts\/163226\/revisions"}],"wp:featuredmedia":[{"embeddable":true,"href":"https:\/\/www.europesays.com\/es\/wp-json\/wp\/v2\/media\/163227"}],"wp:attachment":[{"href":"https:\/\/www.europesays.com\/es\/wp-json\/wp\/v2\/media?parent=163226"}],"wp:term":[{"taxonomy":"category","embeddable":true,"href":"https:\/\/www.europesays.com\/es\/wp-json\/wp\/v2\/categories?post=163226"},{"taxonomy":"post_tag","embeddable":true,"href":"https:\/\/www.europesays.com\/es\/wp-json\/wp\/v2\/tags?post=163226"}],"curies":[{"name":"wp","href":"https:\/\/api.w.org\/{rel}","templated":true}]}}