{"id":163228,"date":"2025-10-08T16:27:18","date_gmt":"2025-10-08T16:27:18","guid":{"rendered":"https:\/\/www.europesays.com\/es\/163228\/"},"modified":"2025-10-08T16:27:18","modified_gmt":"2025-10-08T16:27:18","slug":"cristina-iglesias-transforma-la-pedrera-en-un-paisaje-de-agua-metal-y-suenos","status":"publish","type":"post","link":"https:\/\/www.europesays.com\/es\/163228\/","title":{"rendered":"Cristina Iglesias transforma La Pedrera en un paisaje de agua, metal y sue\u00f1os"},"content":{"rendered":"<p class=\"ft-text ft-helper-closenews\"><strong>La Pedrera ha presentado hoy \u2018Cristina Iglesias. Pasajes\u2019, la primera monogr\u00e1fica de la escultora en Barcelona. <\/strong>La exposici\u00f3n cuenta con una treintena de obras de una de las artistas con m\u00e1s prestigio de la escultura contempor\u00e1nea. Iglesias es adem\u00e1s una de las tres figuras seleccionadas, junto a Miquel Barcel\u00f3 y el mexicano Javier Mar\u00edn, para presentar <strong>una propuesta para la fachada de la Gloria de la Sagrada Familia, la \u00faltima gran fase de la construcci\u00f3n del templo religioso de Gaud\u00ed.<\/strong> Iglesias es la autora de las puertas monumentales del Museo del Prado, en Madrid. La exposici\u00f3n en la Pedrera, otra de las obras insignes de Gaud\u00ed, abre un di\u00e1logo hasta ahora in\u00e9dito entre el arquitecto catal\u00e1n y la escultora vasca.<\/p>\n<p class=\"ft-text\">La muestra de La Pedrera es un recorrido inmersivo a trav\u00e9s de las obras de Iglesias, con el prop\u00f3sito de que el visitante observe los espacios y se sumerja en ellos. James Lingwood, comisario de la exposici\u00f3n, ha explicado que el recorrido nos invita al movimiento. Con relaci\u00f3n a este sentimiento, la exposici\u00f3n no es un repaso cronol\u00f3gico de la obra de Iglesias, sino que se<strong> va hacia delante y hacia atr\u00e1s en el tiempo. <\/strong><\/p>\n<p class=\"ft-text\">La artista pens\u00f3 esta exhibici\u00f3n para que fuera un di\u00e1logo con el edificio de Gaud\u00ed. <strong>La mayor\u00eda de los techos son los originales, y las piezas expuestas van en sinton\u00eda con las columnas de las salas. La artista ha comentado que esto est\u00e1 en di\u00e1logo con la idea de la metamorfosis<\/strong>, ya que las piezas nuevas son variaciones de otras, y refleja el pensamiento de que \u201cla vida es una metamorfosis\u201d.<\/p>\n<p><img decoding=\"async\" src=\"https:\/\/www.europesays.com\/es\/wp-content\/uploads\/2025\/10\/0a2d6b27-e340-4349-a751-d7a1738ad519_alta-libre-aspect-ratio_default_0.jpg\" width=\"1200\" height=\"800\" alt=\"La artista Cristina Iglesias junto a algunas de sus obras durante la inauguraci\u00f3n de su primera exposici\u00f3n monogr\u00e1fica en La Pedrera, en Barcelona, el 8 de octubre de 2025.\" class=\"ft-helper-img-rd\" loading=\"lazy\" hasdataaida=\"true\"\/><\/p>\n<p class=\"ft-helper-fontColor-quaternary ft-helper-fontSize-body-S ft-helper-spacer-t-xxs\">La artista Cristina Iglesias junto a algunas de sus obras durante la inauguraci\u00f3n de su primera exposici\u00f3n monogr\u00e1fica en La Pedrera, en Barcelona, el 8 de octubre de 2025.  \/ FERRAN NADEU<\/p>\n<p class=\"ft-text\">Gran parte de las piezas son un regreso al mundo vegetal, donde las esculturas se pueden ver desde fuera, o se pueden ver desde el interior para que la obra rodee el cuerpo del visitante. Lingwood ha enlazado esto con el cuerpo humano: <strong>\u201cCreo que se da una metamorfosis entre el mundo vegetal, el de las plantas, y el cuerpo. El sistema de las ra\u00edces y las ramas se entrelazan entre s\u00ed y tiene relaci\u00f3n con los tejidos capilares, las venas y las neuronas. Tenemos el juego de estar dentro y fuera\u201d.<\/strong><\/p>\n<p><img decoding=\"async\" src=\"https:\/\/www.europesays.com\/es\/wp-content\/uploads\/2025\/10\/6f353d49-3cd7-40dd-aab3-fec2b8ac63bd_alta-libre-aspect-ratio_default_0.jpg\" width=\"1200\" height=\"800\" alt=\"Vista general de la exposici\u00f3n dedicada a Cristina Iglesias en La Pedrera, la primera muestra monogr\u00e1fica sobre la artista en Barcelona, el 8 de octubre de 2025.\" class=\"ft-helper-img-rd\" loading=\"lazy\" hasdataaida=\"true\"\/><\/p>\n<p class=\"ft-helper-fontColor-quaternary ft-helper-fontSize-body-S ft-helper-spacer-t-xxs\">Vista general de la exposici\u00f3n dedicada a Cristina Iglesias en La Pedrera, la primera muestra monogr\u00e1fica sobre la artista en Barcelona, el 8 de octubre de 2025.  \/ FERRAN NADEU<\/p>\n<p class=\"ft-text\">En la exposici\u00f3n hay mucha evocaci\u00f3n a la vegetaci\u00f3n, pero la artista tambi\u00e9n juega con otros mundos, como el lunar, como en las <strong>obras inspiradas en meteoritos lunares: \u201cEs una met\u00e1fora para hablar de ese otro mundo, porque no solo existe el nuestro. Los meteoritos son los contenedores de los oc\u00e9anos y son un signo de vida\u201d<\/strong>. Todo y que la roca es metal, Iglesias ha explicado que es el agua quien le da un sentido de conexi\u00f3n con lo subterr\u00e1neo, y muestra \u201cla vida que hay debajo de lo que pisamos y construimos. El agua es regenerativa\u201d.<\/p>\n<p><img decoding=\"async\" src=\"https:\/\/www.europesays.com\/es\/wp-content\/uploads\/2025\/10\/54060caa-cc29-420b-95d1-98ee173b0f10_alta-libre-aspect-ratio_default_0.jpg\" width=\"1200\" height=\"800\" alt=\"Vista general de la exposici\u00f3n dedicada a Cristina Iglesias en La Pedrera, la primera muestra monogr\u00e1fica sobre la artista en Barcelona, el 8 de octubre de 2025.\" class=\"ft-helper-img-rd\" loading=\"lazy\" hasdataaida=\"true\"\/><\/p>\n<p class=\"ft-helper-fontColor-quaternary ft-helper-fontSize-body-S ft-helper-spacer-t-xxs\">Vista general de la exposici\u00f3n dedicada a Cristina Iglesias en La Pedrera, la primera muestra monogr\u00e1fica sobre la artista en Barcelona, el 8 de octubre de 2025.  \/ FERRAN NADEU<\/p>\n<p class=\"ft-text\">El tema del agua sigue presente en el caso de las fuentes y los pozos, donde el agua se desborda y luego vuelve a subir. La artista ha comentado que representan \u201cla idea de velar y revelar\u201d, y que por eso el agua hace juegos \u00f3pticos.<\/p>\n<p class=\"ft-text\">Tanto la artista como el comisario han destacado la obra \u2018Turbulencias\u2019, la cual evoca a un torbellino o un v\u00f3rtice, pero que, a diferencia de los pozos, el torbellino se encuentra en la pared. Esta decisi\u00f3n est\u00e1 hecha con la intenci\u00f3n de que, en vez de mirar hacia abajo, se tenga que mirar al centro, al \u201cojo de la tormenta\u201d, el cual est\u00e1 a la altura de los ojos del visitante.<strong> \u201cUno podr\u00eda verse absorbido al centro de la tormenta, al igual que dentro de la mente tenemos turbulencias\u201d, ha afirmado Lingwood.<\/strong><\/p>\n<p><img decoding=\"async\" src=\"https:\/\/www.europesays.com\/es\/wp-content\/uploads\/2025\/10\/31b5f506-f836-4c13-b42f-ce4ef94066df_alta-libre-aspect-ratio_default_0.jpg\" width=\"1200\" height=\"800\" alt=\"Vista general de la exposici\u00f3n dedicada a Cristina Iglesias en La Pedrera, la primera muestra monogr\u00e1fica sobre la artista en Barcelona, el 8 de octubre de 2025.\" class=\"ft-helper-img-rd\" loading=\"lazy\" hasdataaida=\"true\"\/><\/p>\n<p class=\"ft-helper-fontColor-quaternary ft-helper-fontSize-body-S ft-helper-spacer-t-xxs\">Vista general de la exposici\u00f3n dedicada a Cristina Iglesias en La Pedrera, la primera muestra monogr\u00e1fica sobre la artista en Barcelona, el 8 de octubre de 2025.  \/ FERRAN NADEU<\/p>\n<p class=\"ft-text\">Hacia el final del recorrido, se encuentra la obra \u2018El Pabell\u00f3n de los Sue\u00f1os\u2019, una escultura hecha con celos\u00edas donde el visitante puede entrar y sumergirse en ella. Iglesias ha comentado que, al igual que en toda la exposici\u00f3n, quiere hablar de un mundo y de un planeta imaginario. La escultura es una elipsis y cuando entras en ella, se crea \u201cuna atmosfera que te afecta a los sentidos\u201d.<\/p>\n<p class=\"ft-text\">El 28 de octubre se presentar\u00e1 en el Auditorio un documental hecho por el cineasta David Trueba, que vendr\u00e1 y, junto a Cristina Iglesias, ense\u00f1aran cual fue el proceso creativo de la exposici\u00f3n. La exposici\u00f3n estar\u00e1 disponible en La Pedrera hasta el 25 de enero de 2026.<\/p>\n<p><img decoding=\"async\" src=\"https:\/\/www.europesays.com\/es\/wp-content\/uploads\/2025\/10\/b4f37974-907e-47f5-a8de-c4f40f86e71a_alta-libre-aspect-ratio_default_0.jpg\" width=\"1200\" height=\"800\" alt=\"Vista general de la exposici\u00f3n dedicada a Cristina Iglesias en La Pedrera, la primera muestra monogr\u00e1fica sobre la artista en Barcelona, el 8 de octubre de 2025.\" class=\"ft-helper-img-rd\" loading=\"lazy\" hasdataaida=\"true\"\/><\/p>\n<p class=\"ft-helper-fontColor-quaternary ft-helper-fontSize-body-S ft-helper-spacer-t-xxs\">Vista general de la exposici\u00f3n dedicada a Cristina Iglesias en La Pedrera, la primera muestra monogr\u00e1fica sobre la artista en Barcelona, el 8 de octubre de 2025.  \/ FERRAN NADEU<\/p>\n<p data-close=\"closedContent\" class=\"subscribeHideForDisplay\">Suscr\u00edbete para seguir leyendo<\/p>\n","protected":false},"excerpt":{"rendered":"La Pedrera ha presentado hoy \u2018Cristina Iglesias. Pasajes\u2019, la primera monogr\u00e1fica de la escultora en Barcelona. La exposici\u00f3n&hellip;\n","protected":false},"author":2,"featured_media":163229,"comment_status":"","ping_status":"","sticky":false,"template":"","format":"standard","meta":{"footnotes":""},"categories":[173],"tags":[229,233,231,230,25799,232,234,146,147,25,24,48267,23],"class_list":{"0":"post-163228","1":"post","2":"type-post","3":"status-publish","4":"format-standard","5":"has-post-thumbnail","7":"category-arte-y-diseno","8":"tag-arte","9":"tag-arte-y-diseno","10":"tag-arts","11":"tag-arts-and-design","12":"tag-cristina-iglesias","13":"tag-design","14":"tag-diseno","15":"tag-entertainment","16":"tag-entretenimiento","17":"tag-es","18":"tag-espana","19":"tag-la-pedrera","20":"tag-spain"},"share_on_mastodon":{"url":"","error":""},"_links":{"self":[{"href":"https:\/\/www.europesays.com\/es\/wp-json\/wp\/v2\/posts\/163228","targetHints":{"allow":["GET"]}}],"collection":[{"href":"https:\/\/www.europesays.com\/es\/wp-json\/wp\/v2\/posts"}],"about":[{"href":"https:\/\/www.europesays.com\/es\/wp-json\/wp\/v2\/types\/post"}],"author":[{"embeddable":true,"href":"https:\/\/www.europesays.com\/es\/wp-json\/wp\/v2\/users\/2"}],"replies":[{"embeddable":true,"href":"https:\/\/www.europesays.com\/es\/wp-json\/wp\/v2\/comments?post=163228"}],"version-history":[{"count":0,"href":"https:\/\/www.europesays.com\/es\/wp-json\/wp\/v2\/posts\/163228\/revisions"}],"wp:featuredmedia":[{"embeddable":true,"href":"https:\/\/www.europesays.com\/es\/wp-json\/wp\/v2\/media\/163229"}],"wp:attachment":[{"href":"https:\/\/www.europesays.com\/es\/wp-json\/wp\/v2\/media?parent=163228"}],"wp:term":[{"taxonomy":"category","embeddable":true,"href":"https:\/\/www.europesays.com\/es\/wp-json\/wp\/v2\/categories?post=163228"},{"taxonomy":"post_tag","embeddable":true,"href":"https:\/\/www.europesays.com\/es\/wp-json\/wp\/v2\/tags?post=163228"}],"curies":[{"name":"wp","href":"https:\/\/api.w.org\/{rel}","templated":true}]}}