{"id":163247,"date":"2025-10-08T16:37:09","date_gmt":"2025-10-08T16:37:09","guid":{"rendered":"https:\/\/www.europesays.com\/es\/163247\/"},"modified":"2025-10-08T16:37:09","modified_gmt":"2025-10-08T16:37:09","slug":"alemania-busca-la-ayuda-de-israel-y-ucrania-en-la-defensa-ante-los-drones-rusos-internacional","status":"publish","type":"post","link":"https:\/\/www.europesays.com\/es\/163247\/","title":{"rendered":"Alemania busca la ayuda de Israel y Ucrania en la defensa ante los drones rusos | Internacional"},"content":{"rendered":"<p class=\"\"><a href=\"https:\/\/elpais.com\/internacional\/2025-09-27\/alemania-reforzara-sus-defensas-tras-detectar-un-enjambre-de-drones-en-la-frontera-con-dinamarca.html\" target=\"_self\" rel=\"nofollow noopener\" title=\"https:\/\/elpais.com\/internacional\/2025-09-27\/alemania-reforzara-sus-defensas-tras-detectar-un-enjambre-de-drones-en-la-frontera-con-dinamarca.html\">Las alarmas han saltado en Alemania<\/a> por los repetidos avistamientos de drones supuestamente rusos, y la evidencia de que las fuerzas del orden no estaban preparadas. El Gobierno del democristiano Friedrich Merz anunci\u00f3 este mi\u00e9rcoles que, para mejorar su tecnolog\u00eda en este terreno, est\u00e1 buscando la ayuda de Israel y Ucrania.<\/p>\n<p class=\"\">Merz tambi\u00e9n quiere permitir que la Bundeswehr pueda derribar estos aparatos no tripulados. Es una propuesta delicada, porque la Constituci\u00f3n restringe severamente las posibilidades de intervenci\u00f3n del ej\u00e9rcito federal dentro del territorio alem\u00e1n.<\/p>\n<p class=\"\">La coalici\u00f3n de democristianos y socialdem\u00f3cratas prepara dos iniciativas para reforzar la defensa contra los drones: una nueva ley de la polic\u00eda federal y una ley de seguridad a\u00e9rea. La primera lleg\u00f3 este mi\u00e9rcoles al Consejo de Ministros y, entre otros puntos, prev\u00e9 la creaci\u00f3n de una unidad dedicada a la investigaci\u00f3n y desarrollo en la defensa antidrones.<\/p>\n<p class=\"\">El Gobierno alem\u00e1n considera que la innovaci\u00f3n es veloc\u00edsima, que la tecnolog\u00eda evoluciona en \u201ccosa de unas semanas\u201d, seg\u00fan el ministro del Interior, Alexander Dobrindt, y que Alemania no puede permitirse perder el tren. Para evitarlo, ha iniciado \u201cintercambios intensivos\u201d con Israel y Ucrania, pa\u00edses que a la vez son aliados y, por su contexto b\u00e9lico, son punteros en la defensa antidrones.<\/p>\n<p class=\"\">Los incidentes se acumulan. A principios de septiembre, Polonia derrib\u00f3 varios drones que hab\u00edan entrado en su espacio a\u00e9reo. Las incursiones se repitieron d\u00edas despu\u00e9s en Rumania. Y en Estonia se detectaron aviones de guerra rusos MiG-31.<\/p>\n<p class=\"\">En los d\u00edas siguientes, se avistaron nuevos drones en Dinamarca y, m\u00e1s tarde, sobre infraestructuras cr\u00edticas \u2014bases militares, una central el\u00e9ctrica, una sede gubernamental\u2014 en el norte de Alemania, cerca de la frontera con Dinamarca. El 2 y el 3 de octubre,<a href=\"https:\/\/elpais.com\/internacional\/2025-10-03\/alemania-cierra-temporalmente-el-aeropuerto-de-munich-ante-el-avistamiento-de-drones.html\" target=\"_self\" rel=\"nofollow noopener\" title=\"https:\/\/elpais.com\/internacional\/2025-10-03\/alemania-cierra-temporalmente-el-aeropuerto-de-munich-ante-el-avistamiento-de-drones.html\"> el aeropuerto de M\u00fanich, el segundo del pa\u00eds, interrumpi\u00f3 dos noches seguidas los vuelos al detectarse la presencia de aparatos voladores.<\/a><\/p>\n<p class=\"\">\u201cSospechamos que [el presidente ruso, Vlad\u00edmir] Putin est\u00e1 detr\u00e1s de la mayor\u00eda de los vuelos de drones\u201d, afirm\u00f3 Merz el domingo en una entrevista con la cadena p\u00fablica ARD. \u201cNo estamos en guerra\u201d, dijo, \u201cpero ya no estamos en paz, tampoco\u201d.<\/p>\n<p class=\"\">Alemania es el pa\u00eds europeo que m\u00e1s ayuda presta a Kiev y tambi\u00e9n el principal apoyo occidental del Gobierno israel\u00ed, despu\u00e9s de Estados Unidos. <a href=\"https:\/\/elpais.com\/internacional\/2025-08-08\/reino-unido-critica-la-decision-de-israel-de-intensificar-la-ofensiva-en-gaza-y-pide-a-netanyahu-que-la-reconsidere.html\" target=\"_self\" rel=\"nofollow noopener\" title=\"https:\/\/elpais.com\/internacional\/2025-08-08\/reino-unido-critica-la-decision-de-israel-de-intensificar-la-ofensiva-en-gaza-y-pide-a-netanyahu-que-la-reconsidere.html\">En agosto, Merz suspendi\u00f3 las exportaciones a Israel de armamento que pudiera ser utilizado en Gaza<\/a>. Esta fue una decisi\u00f3n pol\u00e9mica en su pa\u00eds, pero no exclu\u00eda la cooperaci\u00f3n, intensa desde los a\u00f1os 50, en otras materias, incluida la militar.<\/p>\n<p>Centro de coordinaci\u00f3n<\/p>\n<p class=\"\">La nueva ley de la polic\u00eda federal facilitar\u00e1 el derribo de drones que representen un peligro inminente. La propuesta tambi\u00e9n contempla la creaci\u00f3n de un centro de coordinaci\u00f3n entre la polic\u00eda federal y las polic\u00edas regionales. <\/p>\n<p class=\"\">Hoy la polic\u00eda federal es competente para la protecci\u00f3n de instalaciones ferroviarias, aeropuertos, mientras que la polic\u00eda regional se encarga del resto. La cuesti\u00f3n de fondo es qui\u00e9n dispara, bajo qu\u00e9 circunstancias y con qu\u00e9 tecnolog\u00eda. <\/p>\n<p class=\"\">Hay, en esta discusi\u00f3n, algo t\u00edpicamente alem\u00e1n. Porque afecta el federalismo y el reparto de competencias entre los distintos niveles del poder. Y porque al mismo tiempo obliga a armonizar los diferentes sectores de la coalici\u00f3n gubernamental, cada uno con su lectura sobre lo que permite la Constituci\u00f3n.<\/p>\n<p class=\"\">El debate sobre el papel de la Bundeswehr en la lucha contra los drones es incipiente, y no se ha resuelto con la ley de la polic\u00eda federal. Se incluir\u00e1 en la segunda iniciativa, la ley de seguridad a\u00e9rea, que todav\u00eda no ha llegado al Consejo de Ministros.<\/p>\n<p class=\"\">El ej\u00e9rcito federal tiene ahora competencias limitadas en la protecci\u00f3n de Alemania ante posibles ataques de drones dentro del territorio alem\u00e1n (otra cosa son los drones que lleguen desde fronteras exteriores). <\/p>\n<p class=\"\">La Ley Fundamental de 1949 establece que la misi\u00f3n de las Fuerzas Armadas es la defensa del pa\u00eds. Solo pueden desplegarse en el interior en casos excepcionales, como cat\u00e1strofes naturales, accidentes especialmente grave, o ante un \u201cpeligro inminente para la existencia o el orden liberal-democr\u00e1tico de la Federaci\u00f3n o de un Estado federado\u201d.<\/p>\n<p class=\"\"><a href=\"https:\/\/elpais.com\/internacional\/2025-05-08\/trump-guerras-ultras-el-fin-de-ii-guerra-mundial-en-europa-adquiere-otro-significado-80-anos-despues.html\" target=\"_self\" rel=\"nofollow noopener\" title=\"https:\/\/elpais.com\/internacional\/2025-05-08\/trump-guerras-ultras-el-fin-de-ii-guerra-mundial-en-europa-adquiere-otro-significado-80-anos-despues.html\">Por la experiencia, hasta el final de la II Guerra Mundial en 1945,<\/a> de las Fuerzas Armadas actuando en el territorio alem\u00e1n contra los propios ciudadanos, Alemania extrema el cuidado cada vez que se trata de ampliar el \u00e1mbito de actuaci\u00f3n de la Bundeswehr. De ah\u00ed que se haya abierto un debate sobre la flexibilidad de la Constituci\u00f3n, debate que se reproduce dentro de la coalici\u00f3n. <\/p>\n<p class=\"\">El ministro Dobrindt y los democristianos quieren autorizar al ej\u00e9rcito a derribar drones sin necesidad de modificar la Ley Fundamental, lo que, adem\u00e1s, requerir\u00eda una mayor\u00eda cualificada dif\u00edcil de alcanzar con la actual correlaci\u00f3n de fuerzas. Su argumento es que la Bundeswehr posee una capacidad para derribar los drones militares m\u00e1s sofisticados de los que carece la polic\u00eda regional y federal, y que una modificaci\u00f3n legislativa bastar\u00eda para permitir a los militares \u201cayudar\u201d a los polic\u00edas cuando lo necesiten.<\/p>\n<p class=\"\">Los socialdem\u00f3cratas, con la ministra Justicia, Stefanie Hubig, al frente, son reticentes y prefieren que sea la polic\u00eda la que asuma la protecci\u00f3n del interior del territorio, <a href=\"https:\/\/www.faz.net\/aktuell\/politik\/inland\/warum-die-bundeswehr-keine-drohnen-abschiessen-darf-und-was-die-koalition-aendern-will-110720705.html\" target=\"_self\" rel=\"nofollow noopener\" title=\"https:\/\/www.faz.net\/aktuell\/politik\/inland\/warum-die-bundeswehr-keine-drohnen-abschiessen-darf-und-was-die-koalition-aendern-will-110720705.html\">seg\u00fan el diario Frankfurter Allgemeine Zeitung.<\/a> Algunos expertos se\u00f1alan las dificultades log\u00edsticas que supondr\u00eda movilizar a los militares para estas tareas, y los riesgos para la poblaci\u00f3n que supondr\u00eda derribar, en una zona urbana como las proximidades de un aeropuerto, un aparato de un ej\u00e9rcito enemigo.<\/p>\n<p class=\"\">Al contrario que en Polonia, no han derribado ning\u00fan dron tras los avistamientos recientes en el aeropuerto de M\u00fanich o en otros pa\u00edses de Europa occidental. Y las autoridades, aunque sospechan de Mosc\u00fa, han sido cautas a la hora de sacar conclusiones definitivas. Pero todos debaten ahora como protegerse mejor: dentro del territorio europeo y tambi\u00e9n en las fronteras exteriores. El rearme contra los drones ha empezado.<\/p>\n","protected":false},"excerpt":{"rendered":"Las alarmas han saltado en Alemania por los repetidos avistamientos de drones supuestamente rusos, y la evidencia de&hellip;\n","protected":false},"author":2,"featured_media":163248,"comment_status":"","ping_status":"","sticky":false,"template":"","format":"standard","meta":{"footnotes":""},"categories":[42],"tags":[1161,1660,8738,17,18,70,71,72,11298,1616,700,13,14,1661,69,7082,11,61,62,63,64,19,20,9,10,15,16,1613,1614,12,7081,21,22,1617,65,66,67],"class_list":{"0":"post-163247","1":"post","2":"type-post","3":"status-publish","4":"format-standard","5":"has-post-thumbnail","7":"category-internacional","8":"tag-aeropuertos","9":"tag-alemania","10":"tag-ataques-militares","11":"tag-breaking-news","12":"tag-breakingnews","13":"tag-conflictos","14":"tag-conflictos-armados","15":"tag-conflictos-internacionales","16":"tag-constitucion","17":"tag-defensa","18":"tag-europa","19":"tag-featured-news","20":"tag-featurednews","21":"tag-friedrich-merz","22":"tag-guerra","23":"tag-guerra-de-rusia-en-ucrania","24":"tag-headlines","25":"tag-internacional","26":"tag-international","27":"tag-international-news","28":"tag-internationalnews","29":"tag-latest-news","30":"tag-latestnews","31":"tag-news","32":"tag-noticias","33":"tag-noticias-destacadas","34":"tag-noticiasdestacadas","35":"tag-otan","36":"tag-rusia","37":"tag-titulares","38":"tag-ucrania","39":"tag-ultimas-noticias","40":"tag-ultimasnoticias","41":"tag-union-europea","42":"tag-world","43":"tag-world-news","44":"tag-worldnews"},"share_on_mastodon":{"url":"","error":""},"_links":{"self":[{"href":"https:\/\/www.europesays.com\/es\/wp-json\/wp\/v2\/posts\/163247","targetHints":{"allow":["GET"]}}],"collection":[{"href":"https:\/\/www.europesays.com\/es\/wp-json\/wp\/v2\/posts"}],"about":[{"href":"https:\/\/www.europesays.com\/es\/wp-json\/wp\/v2\/types\/post"}],"author":[{"embeddable":true,"href":"https:\/\/www.europesays.com\/es\/wp-json\/wp\/v2\/users\/2"}],"replies":[{"embeddable":true,"href":"https:\/\/www.europesays.com\/es\/wp-json\/wp\/v2\/comments?post=163247"}],"version-history":[{"count":0,"href":"https:\/\/www.europesays.com\/es\/wp-json\/wp\/v2\/posts\/163247\/revisions"}],"wp:featuredmedia":[{"embeddable":true,"href":"https:\/\/www.europesays.com\/es\/wp-json\/wp\/v2\/media\/163248"}],"wp:attachment":[{"href":"https:\/\/www.europesays.com\/es\/wp-json\/wp\/v2\/media?parent=163247"}],"wp:term":[{"taxonomy":"category","embeddable":true,"href":"https:\/\/www.europesays.com\/es\/wp-json\/wp\/v2\/categories?post=163247"},{"taxonomy":"post_tag","embeddable":true,"href":"https:\/\/www.europesays.com\/es\/wp-json\/wp\/v2\/tags?post=163247"}],"curies":[{"name":"wp","href":"https:\/\/api.w.org\/{rel}","templated":true}]}}