{"id":163251,"date":"2025-10-08T16:39:05","date_gmt":"2025-10-08T16:39:05","guid":{"rendered":"https:\/\/www.europesays.com\/es\/163251\/"},"modified":"2025-10-08T16:39:05","modified_gmt":"2025-10-08T16:39:05","slug":"noticia-upv-la-gva-y-las-universidades-publicas-valencianas-firman-el-marco-presupuestario-para-disponer-de-un-plan-de-financiacion-plurianual-2026-2029-en-su-elaboracion-ha-participado-activamente","status":"publish","type":"post","link":"https:\/\/www.europesays.com\/es\/163251\/","title":{"rendered":"Noticia UPV: La GVA y las universidades p\u00fablicas valencianas firman el Marco Presupuestario para disponer de un Plan de Financiaci\u00f3n Plurianual 2026-2029. En su elaboraci\u00f3n ha participado activamente la UPV y recoge gran parte de sus reivindicaciones"},"content":{"rendered":"<p>\n            La GVA y las universidades p\u00fablicas valencianas firman el Marco Presupuestario para disponer de un Plan de Financiaci\u00f3n Plurianual 2026-2029. En su elaboraci\u00f3n ha participado activamente la UPV y recoge gran parte de sus reivindicaciones<br \/>\n            [ 08\/10\/2025 ]\n        <\/p>\n<p>            <img decoding=\"async\" src=\"https:\/\/www.europesays.com\/es\/wp-content\/uploads\/2025\/10\/int_plan_plurianual_universidades_2025.jpg\" alt=\"\" title=\"\" class=\"foto-not\"\/><\/p>\n<p class=\"texto_baseGN3\">Tras casi tres a\u00f1os de negociaci\u00f3n, la Generalitat y las cinco universidades p\u00fablicas valencianas han firmado el Marco Presupuestario para que las universidades p\u00fablicas valencianas dispongan de un Plan de Financiaci\u00f3n Plurianual 2026-2029. El Plan, en cuya elaboraci\u00f3n ha participado activamente la UPV, recoge el planteamiento  de la Universitat Polit\u00e8cnica de Val\u00e8ncia de respaldar la financiaci\u00f3n universitaria con los resultados docentes, de investigaci\u00f3n y de transferencia de conocimiento a la sociedad.<\/p>\n<p class=\"texto_baseGN3\">La UPV recibir\u00e1 en 2026 un total de 287,7 millones de euros y garantiza su estabilidad financiera de futuro para poder desarrollar y planificar, como primera tecnol\u00f3gica de Espa\u00f1a, avances en sus proyectos de excelencia e internacionalizaci\u00f3n.<\/p>\n<p class=\"texto_baseGN3\">La Universitat Polit\u00e8cnica de Val\u00e8ncia valora muy positivamente este nuevo marco presupuestario a medio plazo que llega despu\u00e9s de 15 a\u00f1os en los que las universidades p\u00fablicas valencianas sufrieron severos ajustes presupuestarios tras la crisis financiera. El anterior plan plurianual de financiaci\u00f3n data de 2010 pero la crisis econ\u00f3mica lo dej\u00f3 sin aplicaci\u00f3n.<\/p>\n<p class=\"texto_baseGN3\">El rector Jos\u00e9 E. Capilla se ha mostrado muy satisfecho con este acuerdo que lleva negoci\u00e1ndose desde 2022 y que \u201cnos da una seguridad jur\u00eddica y financiera esencial para poder desarrollarnos, avanzar y planificar\u00bb y ha recordado la situaci\u00f3 de infrafinanciaci\u00f3n de la Comunitat valenciana que \u00abviene de lejos y que hemos de estar recordando para que se corrija de una vez por todas\u00bb. <\/p>\n<p class=\"texto_baseGN3\">El rector de la UPV ha remarcado tambi\u00e9n que la estabilidad financiera \u00abnos permitir\u00e1 hacer frente al relevo generacional, que es uno de los grav\u00edsimos problemas que tenemos\u00bb. Jos\u00e9 E. Capilla ha querido dar su agradecimiento al equipo econ\u00f3mico de la UPV \u00abque ha participado activamente en la elaboraci\u00f3n de este Acuerdo por su esfuerzo y su dedicaci\u00f3n, velando por la defensa de los intereses de la UPV y del conjunto del sistema universitario valenciano. Sin ellos, esto no hubiera sido posible\u201d.<\/p>\n<p>Una financiaci\u00f3n auton\u00f3mica a las universidades de m\u00e1s de 1.000 millones <\/p>\n<p class=\"texto_baseGN3\">Este nuevo modelo presupuestario va a permitir que las universidades p\u00fablicas valencianas conozcan cu\u00e1l ser\u00e1 su nivel de financiaci\u00f3n auton\u00f3mica para los pr\u00f3ximos cuatro a\u00f1os y dispongan de certidumbre para desarrollar su planificaci\u00f3n estrat\u00e9gica a medio plazo.  <\/p>\n<p class=\"texto_baseGN3\">Gracias a este acuerdo, la financiaci\u00f3n auton\u00f3mica de las universidades p\u00fablicas valencianas alcanzar\u00e1 los 1.034 millones para el pr\u00f3ximo a\u00f1o 2026.<\/p>\n<p class=\"texto_baseGN3\">Este acuerdo viene a dar respuesta a las pautas que se establecen en la Ley Org\u00e1nica de Universidades (LOSU), que se\u00f1ala que los presupuestos de las universidades se encuadrar\u00e1n en un marco presupuestario a medio plazo con referencia expresa a la elaboraci\u00f3n de programas plurianuales.<\/p>\n<p>Un programa plurianual con 4 anexos que clarifican el sistema de financiaci\u00f3n <\/p>\n<p class=\"texto_baseGN3\">El acuerdo, firmado por el presidente de la Generalitat, Carlos Maz\u00f3n, y los rectores y rectoras de las cinco universidades p\u00fablicas valencianas- Universitat Polit\u00e8cnica de Val\u00e8ncia, Universitat de Val\u00e8ncia, Universitat Jaume I, Universidad de Alicante y Universidad Miguel Hern\u00e1ndez- dispone de cuatro anexos muy importantes que, en palabras del gerente de la Universitat Polit\u00e8cnica de Val\u00e8ncia, Jes\u00fas Mar\u00ed, \u201cpermiten, en primer lugar, actualizar el modelo de informaci\u00f3n para el c\u00e1lculo de la financiaci\u00f3n resultante del Plan Plurianual de Financiaci\u00f3n 2010-17; en segundo lugar, detallar los componentes de los costes de las normativa estatal y auton\u00f3mica; en tercer lugar, estimar el aumento de los costes vegetativos y, en cuarto lugar, fijar el proyecto de presupuestos del Sistema Universitario P\u00fablico Valenciano para el ejercicio 2026, con el acuerdo un\u00e1nime de las cinco universidades p\u00fablicas valencianas y la Generalitat\u201d.<\/p>\n<p class=\"texto_baseGN3\">Finalmente, el acuerdo contempla tambi\u00e9n la posibilidad de desarrollar en el futuro una mayor financiaci\u00f3n auton\u00f3mica adicional ligada al cumplimiento de objetivos. Una financiaci\u00f3n que se realizar\u00e1 con criterios objetivos y transparentes. Previamente a su desarrollo y durante la duraci\u00f3n del presente acuerdo, las universidades podr\u00e1n proponer objetivos de mejora y se podr\u00e1 implantar en los pr\u00f3ximos a\u00f1os si las condiciones de la financiaci\u00f3n auton\u00f3mica lo permiten.<\/p>\n","protected":false},"excerpt":{"rendered":"La GVA y las universidades p\u00fablicas valencianas firman el Marco Presupuestario para disponer de un Plan de Financiaci\u00f3n&hellip;\n","protected":false},"author":2,"featured_media":163252,"comment_status":"","ping_status":"","sticky":false,"template":"","format":"standard","meta":{"footnotes":""},"categories":[5],"tags":[17,18,25,24,13680,13,14,48274,11,14989,19,20,9,7080,10,15,16,23,12,21,22,13799],"class_list":{"0":"post-163251","1":"post","2":"type-post","3":"status-publish","4":"format-standard","5":"has-post-thumbnail","7":"category-titulares","8":"tag-breaking-news","9":"tag-breakingnews","10":"tag-es","11":"tag-espana","12":"tag-estabilidad","13":"tag-featured-news","14":"tag-featurednews","15":"tag-financiera","16":"tag-headlines","17":"tag-horizonte","18":"tag-latest-news","19":"tag-latestnews","20":"tag-news","21":"tag-noticia","22":"tag-noticias","23":"tag-noticias-destacadas","24":"tag-noticiasdestacadas","25":"tag-spain","26":"tag-titulares","27":"tag-ultimas-noticias","28":"tag-ultimasnoticias","29":"tag-upv"},"share_on_mastodon":{"url":"","error":""},"_links":{"self":[{"href":"https:\/\/www.europesays.com\/es\/wp-json\/wp\/v2\/posts\/163251","targetHints":{"allow":["GET"]}}],"collection":[{"href":"https:\/\/www.europesays.com\/es\/wp-json\/wp\/v2\/posts"}],"about":[{"href":"https:\/\/www.europesays.com\/es\/wp-json\/wp\/v2\/types\/post"}],"author":[{"embeddable":true,"href":"https:\/\/www.europesays.com\/es\/wp-json\/wp\/v2\/users\/2"}],"replies":[{"embeddable":true,"href":"https:\/\/www.europesays.com\/es\/wp-json\/wp\/v2\/comments?post=163251"}],"version-history":[{"count":0,"href":"https:\/\/www.europesays.com\/es\/wp-json\/wp\/v2\/posts\/163251\/revisions"}],"wp:featuredmedia":[{"embeddable":true,"href":"https:\/\/www.europesays.com\/es\/wp-json\/wp\/v2\/media\/163252"}],"wp:attachment":[{"href":"https:\/\/www.europesays.com\/es\/wp-json\/wp\/v2\/media?parent=163251"}],"wp:term":[{"taxonomy":"category","embeddable":true,"href":"https:\/\/www.europesays.com\/es\/wp-json\/wp\/v2\/categories?post=163251"},{"taxonomy":"post_tag","embeddable":true,"href":"https:\/\/www.europesays.com\/es\/wp-json\/wp\/v2\/tags?post=163251"}],"curies":[{"name":"wp","href":"https:\/\/api.w.org\/{rel}","templated":true}]}}