{"id":163263,"date":"2025-10-08T16:46:08","date_gmt":"2025-10-08T16:46:08","guid":{"rendered":"https:\/\/www.europesays.com\/es\/163263\/"},"modified":"2025-10-08T16:46:08","modified_gmt":"2025-10-08T16:46:08","slug":"piastri-suena-en-ferrari-para-2027-donde-se-uniria-a-sudamericano","status":"publish","type":"post","link":"https:\/\/www.europesays.com\/es\/163263\/","title":{"rendered":"Piastri suena en Ferrari para 2027 donde se unir\u00eda a sudamericano"},"content":{"rendered":"<p>                                <img decoding=\"async\" class=\"imagen-icon\" src=\"https:\/\/www.europesays.com\/es\/wp-content\/uploads\/2025\/07\/icon.png\"\/><br \/>\n                                 VER RESUMEN<\/p>\n<p>                                    Resumen generado con una herramienta de Inteligencia Artificial desarrollada por BioBioChile y revisado por el autor de\u00a0este art\u00edculo.<\/p>\n<p>Ferrari vive una temporada discreta en F\u00f3rmula 1, alej\u00e1ndose de los l\u00edderes Piastri y Norris de McLaren y perdiendo la batalla por el segundo lugar. Con los fichajes cerrados para 2026, la Scuderia ya piensa en el 2027 y apunta a Oscar Piastri de McLaren, seg\u00fan el medio suizo Blick. Adem\u00e1s, se menciona que Leclerc y Hamilton podr\u00edan estar en su \u00faltima temporada y que Ferrari tiene en mente a un sudamericano, posiblemente Bortoleto. <\/p>\n<p><strong>Ferrari est\u00e1 teniendo una discreta temporada en F\u00f3rmula 1<\/strong>, lejos los dominantes Piastri y Norris de McLaren y perdiendo la batalla por el segundo lugar ante Mercedes y Red Bull.<\/p>\n<p>Con el periodo de fichajes cerrado para 2026, la scuderia ya piensa para el 2027 y la vista est\u00e1 puesta en el l\u00edder del campeonato mundial, <strong>precisamente el australiano Oscar Piastri, de McLaren.<\/strong><\/p>\n<p>As\u00ed lo asegura el medio especializado suizo <a href=\"https:\/\/www.blick.ch\/\" rel=\"noopener nofollow\" target=\"_blank\">Blick<\/a>, a trav\u00e9s del comentarista y especialista en F\u00f3rmula 1, Roger Benoit.<\/p>\n<p>\u201cEn McLaren, todo est\u00e1 claro. Norris y Piastri se quedan.<strong> Pero el australiano ya tiene la vista puesta en Ferrari<\/strong> para 2027\u2033, revel\u00f3 el periodista. <\/p>\n<p>Profundizando en el equipo de Maranello, asegura que \u201cLeclerc y Hamilton est\u00e9n entrando en su \u00faltima temporada\u201d. Agregan que en ese caso, y para hacerle compa\u00f1\u00eda a Piastri, \u2018Il Cavallino Rampante\u2019 tiene en mente a un sudamericano.<\/p>\n<p>\u201cLos alemanes (Audi) comenzar\u00e1n su aventura en el GP en Hinwil con el veterano H\u00fclkenberg y la estrella emergente Bortoleto. <strong>Pero el brasile\u00f1o est\u00e1 en la lista de deseos de Ferrari para 2027<\/strong>. No es de extra\u00f1ar\u201d, asegura el medio suizo.<\/p>\n<blockquote class=\"instagram-media\" data-instgrm-captioned=\"\" data-instgrm-permalink=\"https:\/\/www.instagram.com\/p\/DPinTpODi-z\/?utm_source=ig_embed&amp;utm_campaign=loading\" data-instgrm-version=\"14\" style=\" background:#FFF; border:0; border-radius:3px; box-shadow:0 0 1px 0 rgba(0,0,0,0.5),0 1px 10px 0 rgba(0,0,0,0.15); margin: 1px; max-width:540px; min-width:326px; padding:0; width:99.375%; width:-webkit-calc(100% - 2px); width:calc(100% - 2px);\">\n<\/blockquote>\n<p>Red Bull se abre a cambios tras la opaca temporada de Tsunoda<\/p>\n<p>No solo en Ferrari ya se respiran aires de cambio, sino que en la otrora dominante Red Bull -y en su compa\u00f1era Racing Bulls- tambi\u00e9n inici\u00f3 la danza de nombres.<\/p>\n<p>Seg\u00fan el citado medio, <strong>Max Verstappen y Isack Hadjar est\u00e1n listos para el equipo A<\/strong>, mientras que e Yuki Tsunoda, Liam Lawson y Arvid Lindblad \u201cest\u00e1n disponibles para el equipo hermano\u201d. <\/p>\n<p>En tanto que tambi\u00e9n consideran a la estrella de la F2, <strong>Alex Dunne<\/strong>, irland\u00e9s que a\u00fan no tiene una superlicencia.<\/p>\n<p>              <script async src=\"\/\/www.instagram.com\/embed.js\"><\/script><\/p>\n","protected":false},"excerpt":{"rendered":"VER RESUMEN Resumen generado con una herramienta de Inteligencia Artificial desarrollada por BioBioChile y revisado por el autor&hellip;\n","protected":false},"author":2,"featured_media":163264,"comment_status":"","ping_status":"","sticky":false,"template":"","format":"standard","meta":{"footnotes":""},"categories":[270],"tags":[48275,26373,2198,48276,13699,168,25,24,306,2091,271,272,3688,20050,48277,2109,13354,11597,48278,2099,2704,1228,4816,2106,2422,212,48279,23,167,21843,48280,48281,11598,2105],"class_list":{"0":"post-163263","1":"post","2":"type-post","3":"status-publish","4":"format-standard","5":"has-post-thumbnail","7":"category-formula-1","8":"tag-alex-dunne","9":"tag-arvid-lindblad","10":"tag-audi","11":"tag-blick","12":"tag-bortoleto","13":"tag-deportes","14":"tag-es","15":"tag-espana","16":"tag-f1","17":"tag-ferrari","18":"tag-formula-1","19":"tag-formula1","20":"tag-hamilton","21":"tag-hulkenberg","22":"tag-il-cavallino-rampante","23":"tag-isack-hadjar","24":"tag-leclerc","25":"tag-liam-lawson","26":"tag-maranello","27":"tag-max-verstappen","28":"tag-mclaren","29":"tag-mercedes","30":"tag-norris","31":"tag-oscar-piastri","32":"tag-piastri","33":"tag-red-bull","34":"tag-roger-benoit","35":"tag-spain","36":"tag-sports","37":"tag-sudamericano","38":"tag-superlicencia","39":"tag-temporada-discreta","40":"tag-tsunoda","41":"tag-yuki-tsunoda"},"share_on_mastodon":{"url":"","error":""},"_links":{"self":[{"href":"https:\/\/www.europesays.com\/es\/wp-json\/wp\/v2\/posts\/163263","targetHints":{"allow":["GET"]}}],"collection":[{"href":"https:\/\/www.europesays.com\/es\/wp-json\/wp\/v2\/posts"}],"about":[{"href":"https:\/\/www.europesays.com\/es\/wp-json\/wp\/v2\/types\/post"}],"author":[{"embeddable":true,"href":"https:\/\/www.europesays.com\/es\/wp-json\/wp\/v2\/users\/2"}],"replies":[{"embeddable":true,"href":"https:\/\/www.europesays.com\/es\/wp-json\/wp\/v2\/comments?post=163263"}],"version-history":[{"count":0,"href":"https:\/\/www.europesays.com\/es\/wp-json\/wp\/v2\/posts\/163263\/revisions"}],"wp:featuredmedia":[{"embeddable":true,"href":"https:\/\/www.europesays.com\/es\/wp-json\/wp\/v2\/media\/163264"}],"wp:attachment":[{"href":"https:\/\/www.europesays.com\/es\/wp-json\/wp\/v2\/media?parent=163263"}],"wp:term":[{"taxonomy":"category","embeddable":true,"href":"https:\/\/www.europesays.com\/es\/wp-json\/wp\/v2\/categories?post=163263"},{"taxonomy":"post_tag","embeddable":true,"href":"https:\/\/www.europesays.com\/es\/wp-json\/wp\/v2\/tags?post=163263"}],"curies":[{"name":"wp","href":"https:\/\/api.w.org\/{rel}","templated":true}]}}