{"id":163269,"date":"2025-10-08T16:49:12","date_gmt":"2025-10-08T16:49:12","guid":{"rendered":"https:\/\/www.europesays.com\/es\/163269\/"},"modified":"2025-10-08T16:49:12","modified_gmt":"2025-10-08T16:49:12","slug":"me-halaga-que-me-tengan-en-consideracion-para-protagonizar-una-portada","status":"publish","type":"post","link":"https:\/\/www.europesays.com\/es\/163269\/","title":{"rendered":"Me halaga que me tengan en consideraci\u00f3n para protagonizar una portada"},"content":{"rendered":"<p data-journey-content=\"true\" data-node-id=\"3\" class=\"css-6wxqfj emevuu60\"><strong data-node-id=\"3.0\">Diez Minutos<\/strong> ha salido este mi\u00e9rcoles al quiosco con <a href=\"https:\/\/www.diezminutos.es\/famosos-corazon\/famosos-espanoles\/a68871041\/alejandra-rubio-carlo-costanzia-fotos-hijo-playa-malaga\/\" target=\"_blank\" data-vars-ga-outbound-link=\"https:\/\/www.diezminutos.es\/famosos-corazon\/famosos-espanoles\/a68871041\/alejandra-rubio-carlo-costanzia-fotos-hijo-playa-malaga\/\" data-vars-ga-ux-element=\"Hyperlink\" data-vars-ga-call-to-action=\"las fotos en exclusiva m\u00e1s tiernas y familiares\" data-node-id=\"3.2\" class=\"body-link css-177bzfx emevuu60\" rel=\"nofollow noopener\">las fotos en <strong data-node-id=\"3.2.1\">exclusiva <\/strong>m\u00e1s tiernas y familiares<\/a> de <a href=\"https:\/\/www.diezminutos.es\/alejandra-rubio\/\" target=\"_blank\" data-vars-ga-outbound-link=\"https:\/\/www.diezminutos.es\/alejandra-rubio\/\" data-vars-ga-ux-element=\"Hyperlink\" data-vars-ga-call-to-action=\"Alejandra Rubio\" data-node-id=\"3.4\" class=\"body-link css-177bzfx emevuu60\" rel=\"nofollow noopener\">Alejandra Rubio<\/a>. La colaboradora protagoniza nuestra portada con las <strong data-node-id=\"3.6\">im\u00e1genes m\u00e1s tiernas de su escapada a M\u00e1laga con su chico, Carlo Costanzia, y su beb\u00e9, Carlo Jr.<\/strong> La hija de <a href=\"https:\/\/www.diezminutos.es\/terelu-campos\/\" target=\"_blank\" data-vars-ga-outbound-link=\"https:\/\/www.diezminutos.es\/terelu-campos\/\" data-vars-ga-ux-element=\"Hyperlink\" data-vars-ga-call-to-action=\"Terelu Campos\" data-node-id=\"3.8\" class=\"body-link css-177bzfx emevuu60\" rel=\"nofollow noopener\">Terelu Campos<\/a> ha reaccionando a las fotos, reconociendo que no pueden ser m\u00e1s bonitas: \u00ab<strong data-node-id=\"3.10\">Me halaga que me tengan en consideraci\u00f3n para protagonizar una portada<\/strong>\u00ab, ha dicho contundente en &#8216;<a href=\"https:\/\/www.diezminutos.es\/vamos-a-ver\/\" target=\"_blank\" data-vars-ga-outbound-link=\"https:\/\/www.diezminutos.es\/vamos-a-ver\/\" data-vars-ga-ux-element=\"Hyperlink\" data-vars-ga-call-to-action=\"Vamos a ver\" data-node-id=\"3.12\" class=\"body-link css-177bzfx emevuu60\" rel=\"nofollow noopener\">Vamos a ver<\/a>&#8216;. Y es que el reportaje publicado por Diez Minutos muestra las fotos m\u00e1s cari\u00f1osas y tiernas de Alejandra y Carlo con su hijo.<\/p>\n<p><img draggable=\"true\" alt=\"alejandra rubio reacciona en vamos a ver, de telecinco, a las fotos publicadas en diez minutos con carlo costanzia y su hijo en la playa de malaga\" title=\"Alejandra Rubio reacciona en Vamos a ver, de Telecinco, a las fotos publicadas en Diez Minutos con Carlo Costanzia y su hijo en la playa de Malaga\" loading=\"lazy\" width=\"3000\" height=\"1686\" decoding=\"async\" data-nimg=\"1\" style=\"color:transparent;width:100%;height:auto;\"   src=\"https:\/\/www.europesays.com\/es\/wp-content\/uploads\/2025\/10\/alejandra-rubio-reacciona-fotos-portada-diez-minutos-hijo-malaga-68e6706de9d65.jpg\" class=\"css-0 e1g79fud0\"\/><\/p>\n<p>Mediaset<\/p>\n<p data-journey-content=\"true\" data-node-id=\"7\" class=\"css-6wxqfj emevuu60\">\u00abYo estoy bien. <strong data-node-id=\"7.1\">Creo que se ha malinterpretado lo que Carlo quer\u00eda decir <\/strong>(quien public\u00f3 en redes su desacuerdo con la portada). Yo no me voy a enfadar por esto, porque las fotos son preciosas, aunque me gustar\u00eda tenerlas a m\u00ed y no que las tuviese la revista.<strong data-node-id=\"7.3\"> Me halaga que me tengan en consideraci\u00f3n para <a href=\"https:\/\/www.diezminutos.es\/famosos-corazon\/famosos-espanoles\/a68878408\/portada-diez-minutos-fotos-alejandra-rubio-carlo-costanzia-drama-raquel-mosquera\/\" target=\"_blank\" data-vars-ga-outbound-link=\"https:\/\/www.diezminutos.es\/famosos-corazon\/famosos-espanoles\/a68878408\/portada-diez-minutos-fotos-alejandra-rubio-carlo-costanzia-drama-raquel-mosquera\/\" data-vars-ga-ux-element=\"Hyperlink\" data-vars-ga-call-to-action=\"protagonizar una portada\" data-node-id=\"7.3.1\" class=\"body-link css-177bzfx emevuu60\" rel=\"nofollow noopener\">protagonizar una portada<\/a>, eso significa que van las cosas bien<\/strong>. Preferir\u00eda que se hubiesen quedado en la intimidad, pero tambi\u00e9n te digo: <strong data-node-id=\"7.5\">no nos enteramos, nadie nos molest\u00f3, y nadie molest\u00f3 al ni\u00f1o, que es lo que me importa<\/strong>\u00ab, ha a\u00f1adido.<\/p>\n<p><img draggable=\"true\" alt=\"alejandra rubio con su hijo carlo en brazos en malaga\" title=\"Portada Diez Minutos 3869 Alejandra Rubio y Carlo Costanzia con su hijo en Malaga\" loading=\"lazy\" width=\"3000\" height=\"4091\" decoding=\"async\" data-nimg=\"1\" style=\"color:transparent;width:100%;height:auto;\"   src=\"https:\/\/www.europesays.com\/es\/wp-content\/uploads\/2025\/10\/portada-diez-minutos-3869-alejandra-rubio-carlo-hijo-malaga-68e4dbb0d26bb.jpg\" class=\"css-0 e1g79fud0\"\/><\/p>\n<p>Hearst<\/p>\n<p>Alejandra Rubio, contenta con el tratamiento dado a su hijo en las fotos<\/p>\n<p data-journey-content=\"true\" data-node-id=\"11\" class=\"css-6wxqfj emevuu60\">La propia Alejandra, tras ver que <strong data-node-id=\"11.1\">las fotos estaban perfectamente pixeladas<\/strong> y se ha <strong data-node-id=\"11.3\">respetado la privacidad de su hijo<\/strong>, ha querido romper una lanza a favor de los medios que tratan el tema con respeto.<\/p>\n<p data-journey-content=\"true\" data-node-id=\"15\" class=\"css-6wxqfj emevuu60\">\u00ab<strong data-node-id=\"15.1\">En este caso est\u00e1bamos pasando un d\u00eda en familia y ya est\u00e1<\/strong>\u00ab, ha dicho tambi\u00e9n en el programa. \u00abSi me hab\u00e9is visto enfadada en alg\u00fan momento ha sido porque el tema de que mi hijo se d\u00e9 cuenta de que hay c\u00e1maras es lo que a m\u00ed me choca\u00bb, ha a\u00f1adido tambi\u00e9n, pero en esta ocasi\u00f3n ha dejado claro que, viendo el tratamiento que se ha dado a las im\u00e1genes, <strong data-node-id=\"15.3\">no le preocupaba la publicaci\u00f3n<\/strong>.<\/p>\n<p><img draggable=\"true\" alt=\"alejandra rubio con gafas en el plato de vamos a ver\" title=\"Alejandra Rubio con gafas en el plato de Vamos a ver\" loading=\"lazy\" width=\"3000\" height=\"1867\" decoding=\"async\" data-nimg=\"1\" style=\"color:transparent;width:100%;height:auto;\"   src=\"https:\/\/www.europesays.com\/es\/wp-content\/uploads\/2025\/10\/alejandra-rubio-vamos-a-ver-68e67c6372d9b.jpg\" class=\"css-0 e1g79fud0\"\/><\/p>\n<p>Mediaset<\/p>\n<p><img src=\"https:\/\/www.europesays.com\/es\/wp-content\/uploads\/2025\/10\/1759942152_48_efed3e56-411c-4c5f-aad1-8194ce4fe362_1700500172.file\" alt=\"Headshot of Redacci\u00f3n Diez Minutos\" title=\"Headshot of Redacci\u00f3n Diez Minutos\" width=\"100%\" height=\"100%\" decoding=\"async\" loading=\"lazy\" class=\"css-o0wq4v ev8dhu53\"\/><\/p>\n<p>\u00a0En Diez Minutos somos especialistas en cubrir todas las noticias del coraz\u00f3n y de la monarqu\u00eda para acercarte a las vidas de todos esos personajes a los que admiras.<\/p>\n<p>Descubre con nosotros la \u00faltima hora de los famosos nacionales e internacionales m\u00e1s relevantes: sus pol\u00e9micas, sus historias amorosas y familiares y sus proyectos profesionales con nuestras entrevistas, videos y reportajes. Tambi\u00e9n te mostramos el d\u00eda a d\u00eda de la realeza, cont\u00e1ndote con especial detalle la vida personal y familiar de nuestros Reyes: Felipe VI y Letizia y sus hijas Leonor y Sof\u00eda.<\/p>\n<p>Diez Minutos es mucho m\u00e1s que cr\u00f3nica social. Queremos hacerte la vida m\u00e1s f\u00e1cil y cuidar de ti. Por eso, publicamos una amplia selecci\u00f3n de contenidos pr\u00e1cticos para ayudarte en tu econom\u00eda dom\u00e9stica, en la decoraci\u00f3n de tu casa o en tu bienestar f\u00edsico y emocional. Tambi\u00e9n encontrar\u00e1s todo tipo de noticias y reportajes sobre el embarazo y la maternidad para facilitarte este proceso de la vida.<\/p>\n<p>La cocina es otra parte fundamental de esta gu\u00eda pr\u00e1ctica con la mejor selecci\u00f3n de recetas y consejos para llevar una dieta saludable y variada. Y todo ello sin olvidarnos de los contenidos de moda y belleza que te har\u00e1n estar a la \u00faltima en las tendencias del momento con numerosas propuestas, ofertas y novedades.<\/p>\n<p>Te lo contamos todo con la misma rigurosidad y cercan\u00eda con la que te llevamos acompa\u00f1ando desde hace 72 a\u00f1os, cuando un 1 de septiembre de 1951 la revista vio la luz por primera vez. Muchas cosas han cambiado en lo que se refiere a la parte t\u00e9cnica, pero lo que te aseguramos es que el equipo que forma esta redacci\u00f3n realiza su trabajo con entusiasmo y entrega pensando en cada uno de vosotros para que encontr\u00e9is aqu\u00ed el sitio ideal donde disfrutar de la vida.<\/p>\n<p>El equipo digital de Diez Minutos est\u00e1 formado por:<\/p>\n<p><a href=\"https:\/\/www.diezminutos.es\/author\/15369\/rosa-prieto\/\" rel=\"nofollow noopener\" target=\"_blank\">Rosa Prieto:<\/a> Directora digital.<\/p>\n<p><a href=\"https:\/\/www.diezminutos.es\/author\/18095\/silvia-criado\/\" rel=\"nofollow noopener\" target=\"_blank\">Silvia Criado:<\/a> Jefa de secci\u00f3n digital.<\/p>\n<p><a href=\"https:\/\/www.diezminutos.es\/author\/16262\/magdalena-pinero\/\" rel=\"nofollow noopener\" target=\"_blank\">Magdalena Pi\u00f1ero:<\/a> redactora digital.\u00a0<\/p>\n<p><a href=\"https:\/\/www.diezminutos.es\/author\/16270\/daniel-reyes\/\" rel=\"nofollow noopener\" target=\"_blank\">Daniel Reyes:<\/a> redactor digital.<\/p>\n<p><a href=\"https:\/\/www.diezminutos.es\/author\/221934\/ignacio-herruzo\/\" rel=\"nofollow noopener\" target=\"_blank\">Ignacio Herruzo<\/a>: redactor digital.<\/p>\n<p><a href=\"https:\/\/www.diezminutos.es\/author\/740003\/nora-camara\/\" rel=\"nofollow noopener\" target=\"_blank\">Nora C\u00e1mara<\/a>: redactora digital.\u00a0<\/p>\n","protected":false},"excerpt":{"rendered":"Diez Minutos ha salido este mi\u00e9rcoles al quiosco con las fotos en exclusiva m\u00e1s tiernas y familiares de&hellip;\n","protected":false},"author":2,"featured_media":163270,"comment_status":"","ping_status":"","sticky":false,"template":"","format":"standard","meta":{"footnotes":""},"categories":[174],"tags":[255,253,146,147,25,24,256,23],"class_list":{"0":"post-163269","1":"post","2":"type-post","3":"status-publish","4":"format-standard","5":"has-post-thumbnail","7":"category-famosos","8":"tag-celebrities","9":"tag-discover","10":"tag-entertainment","11":"tag-entretenimiento","12":"tag-es","13":"tag-espana","14":"tag-famosos","15":"tag-spain"},"share_on_mastodon":{"url":"","error":""},"_links":{"self":[{"href":"https:\/\/www.europesays.com\/es\/wp-json\/wp\/v2\/posts\/163269","targetHints":{"allow":["GET"]}}],"collection":[{"href":"https:\/\/www.europesays.com\/es\/wp-json\/wp\/v2\/posts"}],"about":[{"href":"https:\/\/www.europesays.com\/es\/wp-json\/wp\/v2\/types\/post"}],"author":[{"embeddable":true,"href":"https:\/\/www.europesays.com\/es\/wp-json\/wp\/v2\/users\/2"}],"replies":[{"embeddable":true,"href":"https:\/\/www.europesays.com\/es\/wp-json\/wp\/v2\/comments?post=163269"}],"version-history":[{"count":0,"href":"https:\/\/www.europesays.com\/es\/wp-json\/wp\/v2\/posts\/163269\/revisions"}],"wp:featuredmedia":[{"embeddable":true,"href":"https:\/\/www.europesays.com\/es\/wp-json\/wp\/v2\/media\/163270"}],"wp:attachment":[{"href":"https:\/\/www.europesays.com\/es\/wp-json\/wp\/v2\/media?parent=163269"}],"wp:term":[{"taxonomy":"category","embeddable":true,"href":"https:\/\/www.europesays.com\/es\/wp-json\/wp\/v2\/categories?post=163269"},{"taxonomy":"post_tag","embeddable":true,"href":"https:\/\/www.europesays.com\/es\/wp-json\/wp\/v2\/tags?post=163269"}],"curies":[{"name":"wp","href":"https:\/\/api.w.org\/{rel}","templated":true}]}}