{"id":163275,"date":"2025-10-08T16:53:09","date_gmt":"2025-10-08T16:53:09","guid":{"rendered":"https:\/\/www.europesays.com\/es\/163275\/"},"modified":"2025-10-08T16:53:09","modified_gmt":"2025-10-08T16:53:09","slug":"video-en-directo-de-floor-jansen-gira-sudamericana-de-forbidden-con-vio","status":"publish","type":"post","link":"https:\/\/www.europesays.com\/es\/163275\/","title":{"rendered":"V\u00eddeo en directo de Floor Jansen. Gira sudamericana de FORBIDDEN con VIO"},"content":{"rendered":"<p>\u00a0<\/p>\n<p style=\"text-align: center;\"><strong><a href=\"#Floor_Jansen\">V\u00eddeo en directo de Floor Jansen<\/a> \u2013 <a href=\"#FORBIDDEN\">Gira sudamericana de FORBIDDEN con VIO \u2013 LENCE<\/a> \u2013 <a href=\"#VIDA\">Gira espa\u00f1ola de V.I.D.A.<\/a><\/strong><\/p>\n<p>A continuaci\u00f3n pod\u00e9is ver un nuevo v\u00eddeo en directo de <a href=\"https:\/\/www.floorjansen.com\/\" target=\"_blank\" rel=\"noopener nofollow\"><strong>Floor Jansen<\/strong><\/a> grabado en la \u00faltima edici\u00f3n del festival de Wacken el pasado mes de agosto en el que interpreta el tema de NIGHTWISH \u201cNemo\u201d.<\/p>\n<p>La cantante est\u00e1 preparando su <a href=\"https:\/\/www.rafabasa.com\/2025\/06\/10\/floor-jansen-doble-esfera-steve-zetro-souza\/#Floor_Jansen\" rel=\"nofollow noopener\" target=\"_blank\">pr\u00f3ximo trabajo<\/a>.<\/p>\n<p><img fetchpriority=\"high\" decoding=\"async\" src=\"https:\/\/www.europesays.com\/es\/wp-content\/uploads\/2025\/10\/floor_jansen2022_2.jpg\" alt=\"floor\" width=\"400\" height=\"500\"\/><\/p>\n<p>Jansen sac\u00f3 el 24 de marzo de 2023 su debut en solitario \u00abParagon\u201d.<\/p>\n<p>Todos los detalles en esta <a href=\"https:\/\/www.rafabasa.com\/2022\/12\/12\/manowar-floor-jansen-prong\/#Floor_Jansen\" target=\"_blank\" rel=\"noopener nofollow\">noticia<\/a> y los singles aparecidos en <a href=\"https:\/\/www.rafabasa.com\/2023\/03\/22\/floor-jansen-nita-strauss-predatory-void\/#Floor_Jansen\" target=\"_blank\" rel=\"noopener nofollow\">esta<\/a>.<\/p>\n<p>\u00a0<\/p>\n<p>\u00a0<\/p>\n<p>\u00a0<\/p>\n<p><strong>FORBIDDEN<\/strong> han anunciado las siguientes fechas en Sudam\u00e9rica en las que estar\u00e1n acompa\u00f1ados por VIO \u2013 LENCE y VENOM INC. Estas son las citas:<\/p>\n<p>Febrero<\/p>\n<ul>\n<li>3 Capital Music, Bogot\u00e1, Colombia<\/li>\n<li>4 CC Teatro Legu\u00eda, Lima, Per\u00fa<\/li>\n<li>6 Coliseo, Santiago, Chile<\/li>\n<li>7 Teatrito, Buenos Aires, Argentina<\/li>\n<li>8 Burning House, S\u00e3o Paulo, Brasil<\/li>\n<\/ul>\n<p>La banda ha estrenado ya <a href=\"https:\/\/www.rafabasa.com\/2025\/10\/02\/saxon-forbidden-royal-hunt\/#FORBIDDEN\" rel=\"nofollow noopener\" target=\"_blank\">dos singles<\/a>.<\/p>\n<p>La banda est\u00e1 ya ultimando su <a href=\"https:\/\/www.rafabasa.com\/2025\/04\/20\/savatage-therion-forbidden\/#FORBIDDEN\" target=\"_blank\" rel=\"noopener nofollow\">pr\u00f3ximo disco<\/a> para sacarlo en principio este 2025.<\/p>\n<p>Los americanos sacaron su disco de regreso \u00abOmega Wave\u00bb el 22 de octubre de 2010 v\u00eda Nuclear Blast Records.<\/p>\n<p>Ten\u00e9is todos los detalles en esta <a href=\"https:\/\/www.rafabasa.com\/2010\/10\/judas-priest-%E2%80%93-helloween-%E2%80%93-trivium-%E2%80%93-forbidden-%E2%80%93-firewind-%E2%80%93-death-angel-%E2%80%93-anathe\/\" target=\"_blank\" rel=\"noopener nofollow\">noticia anterior<\/a>.<\/p>\n<p>\u00a0<\/p>\n<p>Los argentinos <strong>V.I.D.A <\/strong>(V\u00edctimas Inocentes de Argentina) han anunciado las siguientes fechas en nuestro pa\u00eds:<\/p>\n<ul>\n<li>D\u00eda 9 de octubre \u2013 Sala La Deskomunal \u2013 BARCELONA<\/li>\n<li>D\u00eda 10 de octubre \u2013 Sala Lo Submarino Reus \u2013 TARRAGONA<\/li>\n<li>D\u00eda 11 de octubre \u2013 Ejecutores Fest \u2013 MURCIA<\/li>\n<li>D\u00eda 12 de octubre \u2013 Sala Godfather Rock Club MADRID<\/li>\n<\/ul>\n<p>Su tercer y \u00faltimo trabajo \u201cMemorias\u201d vio la luz en 2021.<\/p>\n<p>M\u00e1s sobre el grupo en su <a href=\"https:\/\/www.facebook.com\/VictimasInocentesDeArgentinaVIDA\/\" rel=\"nofollow noopener\" target=\"_blank\">Facebook<\/a>.<\/p>\n<p>\u00a0<\/p>\n<p align=\"center\"><strong>Sigue el\u00a0<a href=\"https:\/\/whatsapp.com\/channel\/0029VaCprxVBA1f555USvT2O\" target=\"_blank\" rel=\"nofollow noopener\">Canal de RAFABASA.COM en WhatsApp<\/a>, donde encontrar\u00e1s todas nuestras novedades al instante<\/strong><\/p>\n<p>\u00a0<\/p>\n<p>\u00a0<\/p>\n<p>\u00a0<\/p>\n<p>\u00a0<\/p>\n","protected":false},"excerpt":{"rendered":"\u00a0 V\u00eddeo en directo de Floor Jansen \u2013 Gira sudamericana de FORBIDDEN con VIO \u2013 LENCE \u2013 Gira&hellip;\n","protected":false},"author":2,"featured_media":163276,"comment_status":"","ping_status":"","sticky":false,"template":"","format":"standard","meta":{"footnotes":""},"categories":[170],"tags":[146,147,25,24,48282,46268,184,185,23,48283],"class_list":{"0":"post-163275","1":"post","2":"type-post","3":"status-publish","4":"format-standard","5":"has-post-thumbnail","7":"category-musica","8":"tag-entertainment","9":"tag-entretenimiento","10":"tag-es","11":"tag-espana","12":"tag-floor-jansen","13":"tag-forbidden","14":"tag-music","15":"tag-musica","16":"tag-spain","17":"tag-v-i-d-a"},"share_on_mastodon":{"url":"","error":""},"_links":{"self":[{"href":"https:\/\/www.europesays.com\/es\/wp-json\/wp\/v2\/posts\/163275","targetHints":{"allow":["GET"]}}],"collection":[{"href":"https:\/\/www.europesays.com\/es\/wp-json\/wp\/v2\/posts"}],"about":[{"href":"https:\/\/www.europesays.com\/es\/wp-json\/wp\/v2\/types\/post"}],"author":[{"embeddable":true,"href":"https:\/\/www.europesays.com\/es\/wp-json\/wp\/v2\/users\/2"}],"replies":[{"embeddable":true,"href":"https:\/\/www.europesays.com\/es\/wp-json\/wp\/v2\/comments?post=163275"}],"version-history":[{"count":0,"href":"https:\/\/www.europesays.com\/es\/wp-json\/wp\/v2\/posts\/163275\/revisions"}],"wp:featuredmedia":[{"embeddable":true,"href":"https:\/\/www.europesays.com\/es\/wp-json\/wp\/v2\/media\/163276"}],"wp:attachment":[{"href":"https:\/\/www.europesays.com\/es\/wp-json\/wp\/v2\/media?parent=163275"}],"wp:term":[{"taxonomy":"category","embeddable":true,"href":"https:\/\/www.europesays.com\/es\/wp-json\/wp\/v2\/categories?post=163275"},{"taxonomy":"post_tag","embeddable":true,"href":"https:\/\/www.europesays.com\/es\/wp-json\/wp\/v2\/tags?post=163275"}],"curies":[{"name":"wp","href":"https:\/\/api.w.org\/{rel}","templated":true}]}}