{"id":163290,"date":"2025-10-08T17:01:09","date_gmt":"2025-10-08T17:01:09","guid":{"rendered":"https:\/\/www.europesays.com\/es\/163290\/"},"modified":"2025-10-08T17:01:09","modified_gmt":"2025-10-08T17:01:09","slug":"moussa-jorge-diallo-y-laura-los-cuatro-trabajadores-sepultados-bajo-los-escombros-en-pleno-centro-de-madrid-noticias-de-madrid","status":"publish","type":"post","link":"https:\/\/www.europesays.com\/es\/163290\/","title":{"rendered":"Moussa, Jorge, Diallo y Laura, los cuatro trabajadores sepultados bajo los escombros en pleno centro de Madrid | Noticias de Madrid"},"content":{"rendered":"<p class=\"\">A las nueve y media de la ma\u00f1ana de este mi\u00e9rcoles, en una esquina frente a una decena de periodistas, un grupo de hombres observaba en silencio c\u00f3mo un hombre de uniforme y casco, el jefe de guardia de los Bomberos de Madrid, contaba ante los micr\u00f3fonos las \u00faltimas noticias sobre lo que hab\u00eda sucedido ah\u00ed hac\u00eda solo unas horas. A las tres de la madrugada hab\u00edan rescatado el \u00faltimo cad\u00e1ver de los escombros del <a href=\"https:\/\/elpais.com\/espana\/madrid\/2025-10-08\/cuatro-fallecidos-en-el-derrumbe-de-un-edificio-en-obras-en-el-centro-de-madrid.html\" target=\"_blank\" rel=\"noreferrer nofollow noopener\" title=\"https:\/\/elpais.com\/espana\/madrid\/2025-10-08\/cuatro-fallecidos-en-el-derrumbe-de-un-edificio-en-obras-en-el-centro-de-madrid.html\">edificio derrumbado en la calle de las Hileras<\/a>, escuchaba este grupo en un segundo plano. Uno de ellos, vestido con sudadera azul y gorra negra, hermano de uno de los cuatro fallecidos, estaba asistiendo en directo a la primera explicaci\u00f3n que ten\u00eda de Moussa Dembele (Mali, 40 a\u00f1os) desde que le avisaron de su muerte. \u201cNo sabemos d\u00f3nde est\u00e1. No sabemos nada\u201d, declaraba a EL PA\u00cdS un sobrino del maliense fallecido. Los restos de este trabajador y de los otros tres, hab\u00edan sido trasladados al Instituto de Medicina Legal. Solo dos, Laura Rodr\u00edguez (espa\u00f1ola) y Diallo Mamad\u00fan (guineano) hab\u00edan sido identificados 24 horas despu\u00e9s del <a href=\"https:\/\/elpais.com\/espana\/madrid\/2025-10-08\/cuatro-cuerpos-bajo-toneladas-de-escombros-recuperados-los-cuerpos-de-los-fallecidos-en-el-derrumbe-del-edificio-en-obras-del-centro-de-madrid.html\" target=\"_blank\" rel=\"noreferrer nofollow noopener\" title=\"https:\/\/elpais.com\/espana\/madrid\/2025-10-08\/cuatro-cuerpos-bajo-toneladas-de-escombros-recuperados-los-cuerpos-de-los-fallecidos-en-el-derrumbe-del-edificio-en-obras-del-centro-de-madrid.html\">colapso de un edificio en pleno centro de Madrid<\/a>.<\/p>\n<p>M\u00e1s informaci\u00f3n<\/p>\n<p class=\"\">Moussa Dembele ten\u00eda 40 a\u00f1os y cinco hijos, ha apuntado Daniel Anka, el responsable de la empresa responsable de las obras en este edificio de la <a href=\"https:\/\/elpais.com\/espana\/madrid\/2025-10-08\/ayuso-y-almeida-frente-al-espejo-de-mazon-asi-gestionaron-los-politicos-de-madrid-la-crisis-por-el-derrumbe-del-edificio-de-la-calle-de-las-hileras.html\" target=\"_blank\" rel=\"noreferrer nofollow noopener\" title=\"https:\/\/elpais.com\/espana\/madrid\/2025-10-08\/ayuso-y-almeida-frente-al-espejo-de-mazon-asi-gestionaron-los-politicos-de-madrid-la-crisis-por-el-derrumbe-del-edificio-de-la-calle-de-las-hileras.html\">calle de las Hileras, n\u00famero 4<\/a>, en el centro de la capital de Espa\u00f1a. Su mujer ha recibido la noticia desde Mali, contaba un amigo de Dembele a este diario. Y ante la ausencia de informaci\u00f3n en las primeras horas de este mi\u00e9rcoles sobre el paradero de sus restos, se hab\u00eda juntado un grupo de una treintena de malienses para acompa\u00f1ar a los familiares m\u00e1s directos: un hermano, un t\u00edo y un sobrino del fallecido. <\/p>\n<p class=\"\">\u201cLlevaba ya varios a\u00f1os aqu\u00ed trabajando con nosotros\u201d, ha contado Anka, cuyo apellido es el mismo que el nombre de la empresa que lo ten\u00eda contratado.<\/p>\n<p class=\"\">Otra de las fallecidas es Laura Rodr\u00edguez Sab\u00edn, que era la jefa de producci\u00f3n de la obra. Ten\u00eda unos 30 a\u00f1os, seg\u00fan sus compa\u00f1eros, y llevaba trabajando en la empresa Rehbilita cuatro a\u00f1os y cuatro meses, seg\u00fan muestra su perfil de LinkedIn, donde se presenta como arquitecta. Antes estuvo empleada en otras empresas, ya que ejerc\u00eda su profesi\u00f3n desde 2018.<\/p>\n<p>Personal de emergencias trabajando en la zona el derrumbe, este martes.Foto: Claudio \u00c1lvarez<\/p>\n<p class=\"\">Los trabajadores de la obra la recordaban \u201ctodos los d\u00edas en la oficina de la primera planta\u201d, donde al parecer estaba ubicado su despacho en el interior del edificio siniestrado. En el momento del derrumbe, seg\u00fan explicaron los obreros, hab\u00eda ido al ba\u00f1o, como otras dos de las personas que quedaron atrapadas con el desplome del forjado. <\/p>\n<p class=\"\">Laura hab\u00eda sido estudiante de Arquitectura en la Universidad Polit\u00e9cnica, seg\u00fan puede verse en sus redes sociales, y form\u00f3 parte del equipo de Rugby femenino. En la empresa se mostraban este mi\u00e9rcoles apesadumbrados por su repentina muerte. <\/p>\n<p class=\"\">Diallo Mamad\u00fan, a quien sus compa\u00f1eros se refirieron en un primer momento como Alfa, es el \u00fanico trabajador inmigrante que ha sido identificado en el Instituto de Medicina Legal. Desde la empresa confirman que se trata de otro de los operarios de las obras en el edificio, donde ese lunes trabajaban alrededor de unas 40 personas, y que es de Guinea. <\/p>\n<p class=\"\">Finalmente, Jorge G.V.P. era de Quito (Ecuador)\u2014el consulado ha confirmado su identidad, pero no ha difundido sus apellidos ni su edad\u2014. As\u00ed como Moussa Dembele, era tambi\u00e9n alba\u00f1il y su cad\u00e1ver no ha sido identificado todav\u00eda, seg\u00fan han confirmado fuentes forenses a este peri\u00f3dico. <\/p>\n<p class=\"\">Desde el consulado de Ecuador informan de que ten\u00eda residencia legal en Espa\u00f1a. Su familia, que tambi\u00e9n vive en Espa\u00f1a, a\u00fan no les ha transmitido si lo van a querer repatriar. En caso de hacerlo, si se resuelve que su muerte es producto de un accidente laboral, ser\u00eda la empresa quien se encargar\u00eda de trasladar el cuerpo. La embajadora Wilma Andrade est\u00e1 en contacto con los familiares para ofrecerles \u201ctodo apoyo posible en estos dif\u00edciles momentos\u201d.<\/p>\n","protected":false},"excerpt":{"rendered":"A las nueve y media de la ma\u00f1ana de este mi\u00e9rcoles, en una esquina frente a una decena&hellip;\n","protected":false},"author":2,"featured_media":163291,"comment_status":"","ping_status":"","sticky":false,"template":"","format":"standard","meta":{"footnotes":""},"categories":[8],"tags":[17,18,1467,47821,25,24,13,14,11,13084,3516,19,20,205,9,10,15,16,32057,48285,23,12,21,22,431],"class_list":{"0":"post-163290","1":"post","2":"type-post","3":"status-publish","4":"format-standard","5":"has-post-thumbnail","7":"category-espana","8":"tag-breaking-news","9":"tag-breakingnews","10":"tag-comunidad-de-madrid","11":"tag-derrumbamiento-edificios","12":"tag-es","13":"tag-espana","14":"tag-featured-news","15":"tag-featurednews","16":"tag-headlines","17":"tag-hoteles","18":"tag-jose-luis-martinez-almeida","19":"tag-latest-news","20":"tag-latestnews","21":"tag-madrid","22":"tag-news","23":"tag-noticias","24":"tag-noticias-destacadas","25":"tag-noticiasdestacadas","26":"tag-obras-reforma","27":"tag-obras-rehabilitacion","28":"tag-spain","29":"tag-titulares","30":"tag-ultimas-noticias","31":"tag-ultimasnoticias","32":"tag-victimas"},"share_on_mastodon":{"url":"","error":""},"_links":{"self":[{"href":"https:\/\/www.europesays.com\/es\/wp-json\/wp\/v2\/posts\/163290","targetHints":{"allow":["GET"]}}],"collection":[{"href":"https:\/\/www.europesays.com\/es\/wp-json\/wp\/v2\/posts"}],"about":[{"href":"https:\/\/www.europesays.com\/es\/wp-json\/wp\/v2\/types\/post"}],"author":[{"embeddable":true,"href":"https:\/\/www.europesays.com\/es\/wp-json\/wp\/v2\/users\/2"}],"replies":[{"embeddable":true,"href":"https:\/\/www.europesays.com\/es\/wp-json\/wp\/v2\/comments?post=163290"}],"version-history":[{"count":0,"href":"https:\/\/www.europesays.com\/es\/wp-json\/wp\/v2\/posts\/163290\/revisions"}],"wp:featuredmedia":[{"embeddable":true,"href":"https:\/\/www.europesays.com\/es\/wp-json\/wp\/v2\/media\/163291"}],"wp:attachment":[{"href":"https:\/\/www.europesays.com\/es\/wp-json\/wp\/v2\/media?parent=163290"}],"wp:term":[{"taxonomy":"category","embeddable":true,"href":"https:\/\/www.europesays.com\/es\/wp-json\/wp\/v2\/categories?post=163290"},{"taxonomy":"post_tag","embeddable":true,"href":"https:\/\/www.europesays.com\/es\/wp-json\/wp\/v2\/tags?post=163290"}],"curies":[{"name":"wp","href":"https:\/\/api.w.org\/{rel}","templated":true}]}}