{"id":163298,"date":"2025-10-08T17:05:19","date_gmt":"2025-10-08T17:05:19","guid":{"rendered":"https:\/\/www.europesays.com\/es\/163298\/"},"modified":"2025-10-08T17:05:19","modified_gmt":"2025-10-08T17:05:19","slug":"noquea-a-miocic-y-anuncia-su-continuidad-relevo","status":"publish","type":"post","link":"https:\/\/www.europesays.com\/es\/163298\/","title":{"rendered":"noquea a Miocic y anuncia su continuidad\n| Relevo"},"content":{"rendered":"<p class=\"paragraph\" data-mrf-recirculation=\"Links art\u00edculo\"><strong>La UFC no dud\u00f3 en esperar un a\u00f1o para que Jon Jones y Stipe Miocic pelear\u00e1n<\/strong> en el centro del mundo. El Madison Square Garden de New York deb\u00eda haber acogido este pleito en noviembre de 2023, pero <a class=\"link\" data-voc-vtm-id=\"in-text-traffic\" href=\"https:\/\/www.relevo.com\/mma\/ufc\/jones-lesion-aspinall-pavlovich-disputaran-20231025072850-nt.html\" target=\"_self\" rel=\"nofollow noopener\">una lesi\u00f3n de Jones dinamit\u00f3 todo<\/a>. Por el contexto, el duelo de leyendas estaba descafeinado, pero la empresa sabia que los focos se pondr\u00edan sobre su jaula y as\u00ed fue. <strong>El aspirante no peleaba desde marzo de 2021<\/strong>, aunque eso quedar\u00e1 en segundo plano tras la exhibici\u00f3n de Jones. Uno de los mejores de todos los tiempos brill\u00f3 de nuevo.<\/p>\n<p class=\"paragraph\" data-mrf-recirculation=\"Links art\u00edculo\"><strong>Jones retuvo su corona por KO en el tercer asalto<\/strong>. Una patada giratoria destroz\u00f3 a Miocic y con los pu\u00f1os le remat\u00f3. Su superioridad se vio reafirmada en esa acci\u00f3n. Bones hab\u00eda sido muy superior. <strong>El inicio del pleito fue un abuso<\/strong>. Despu\u00e9s de conectar varios golpes clar\u00edsimos y evitar los que le ven\u00edan, el campe\u00f3n logr\u00f3 un llamativo derribo y empez\u00f3 a castigar con sus codos. Quedaba claro el gui\u00f3n que iba a verse.<\/p>\n<p class=\"paragraph\" data-mrf-recirculation=\"Links art\u00edculo\">En el segundo Jones contemporiz\u00f3.<strong> Prefiri\u00f3 bajar las revoluciones para as\u00ed ser mas certero<\/strong>. Miocic ah\u00ed tuvo sus manos, no hay que olvidar quien ha sido, pero la pelea estaba decantada para un \u00fanico lado. Todo acab\u00f3 en el tercero, en la parte final, tras seguir el castigo. El final ser\u00e1 recordado, pero tambi\u00e9n la exhibici\u00f3n del campe\u00f3n. <\/p>\n<p class=\"paragraph\" data-mrf-recirculation=\"Links art\u00edculo\">Una vez con el t\u00edtulo ce\u00f1ido de nuevo en su cintura, tocaba conocer la mayor intriga de la noche. \u00bfQu\u00e9 iba a hacer con su futuro? Seguir\u00e1. <strong>Con 37 a\u00f1os todav\u00eda le queda cuerda<\/strong>. En la previa habl\u00f3 de pelear contra Pereira o Hill, pero la UFC debe hacer justicia y la pelea es ante Tom Aspinall, <a class=\"link\" data-voc-vtm-id=\"in-text-traffic\" href=\"https:\/\/www.relevo.com\/mma\/ufc\/belal-muhammad-gana-edwards-romper-20240728071951-nt.html\" target=\"_self\" rel=\"nofollow noopener\">campe\u00f3n interino del pesado<\/a> y quien estaba viendo el UFC 309 desde bien cerca. Con las palabras de Jones, Aspinall miraba con recelo. Es consciente de que con Bones todo puede pasar y los tiempos acostumbran a alargarse en exceso. De momento, <strong>no se cerr\u00f3 a nada sobre el oct\u00e1gono.<\/strong><\/p>\n<p class=\"paragraph\" data-mrf-recirculation=\"Links art\u00edculo\">Por su parte, <strong>Miocic cumpli\u00f3 con lo esperado y anunci\u00f3 su retiro a los 42 a\u00f1os.<\/strong> Lo del Garden fue un premio por los servicios prestados. Ven\u00eda en descenso y el par\u00f3n hacia presagiar el final, aun as\u00ed dio la cara como la leyenda que ha sido.<\/p>\n","protected":false},"excerpt":{"rendered":"La UFC no dud\u00f3 en esperar un a\u00f1o para que Jon Jones y Stipe Miocic pelear\u00e1n en el&hellip;\n","protected":false},"author":2,"featured_media":163299,"comment_status":"","ping_status":"","sticky":false,"template":"","format":"standard","meta":{"footnotes":""},"categories":[276],"tags":[4187,16866,168,25,24,9275,48286,42075,3954,23,167,159,343],"class_list":{"0":"post-163298","1":"post","2":"type-post","3":"status-publish","4":"format-standard","5":"has-post-thumbnail","7":"category-ufc","8":"tag-anuncia","9":"tag-continuidad","10":"tag-deportes","11":"tag-es","12":"tag-espana","13":"tag-jones","14":"tag-miocic","15":"tag-noquea","16":"tag-pasa","17":"tag-spain","18":"tag-sports","19":"tag-tiempo","20":"tag-ufc"},"share_on_mastodon":{"url":"","error":""},"_links":{"self":[{"href":"https:\/\/www.europesays.com\/es\/wp-json\/wp\/v2\/posts\/163298","targetHints":{"allow":["GET"]}}],"collection":[{"href":"https:\/\/www.europesays.com\/es\/wp-json\/wp\/v2\/posts"}],"about":[{"href":"https:\/\/www.europesays.com\/es\/wp-json\/wp\/v2\/types\/post"}],"author":[{"embeddable":true,"href":"https:\/\/www.europesays.com\/es\/wp-json\/wp\/v2\/users\/2"}],"replies":[{"embeddable":true,"href":"https:\/\/www.europesays.com\/es\/wp-json\/wp\/v2\/comments?post=163298"}],"version-history":[{"count":0,"href":"https:\/\/www.europesays.com\/es\/wp-json\/wp\/v2\/posts\/163298\/revisions"}],"wp:featuredmedia":[{"embeddable":true,"href":"https:\/\/www.europesays.com\/es\/wp-json\/wp\/v2\/media\/163299"}],"wp:attachment":[{"href":"https:\/\/www.europesays.com\/es\/wp-json\/wp\/v2\/media?parent=163298"}],"wp:term":[{"taxonomy":"category","embeddable":true,"href":"https:\/\/www.europesays.com\/es\/wp-json\/wp\/v2\/categories?post=163298"},{"taxonomy":"post_tag","embeddable":true,"href":"https:\/\/www.europesays.com\/es\/wp-json\/wp\/v2\/tags?post=163298"}],"curies":[{"name":"wp","href":"https:\/\/api.w.org\/{rel}","templated":true}]}}