{"id":163304,"date":"2025-10-08T17:09:12","date_gmt":"2025-10-08T17:09:12","guid":{"rendered":"https:\/\/www.europesays.com\/es\/163304\/"},"modified":"2025-10-08T17:09:12","modified_gmt":"2025-10-08T17:09:12","slug":"leclerc-podria-salir-de-ferrari-este-seria-su-reemplazo","status":"publish","type":"post","link":"https:\/\/www.europesays.com\/es\/163304\/","title":{"rendered":"Leclerc podr\u00eda salir de Ferrari: este ser\u00eda su reemplazo"},"content":{"rendered":"<p data-testid=\"paragraph\" class=\"mb-[20px] md:mb-[30px] break-word\">El caos se adue\u00f1\u00f3 de <strong><a href=\"https:\/\/bolavip.com\/mx\/tema\/ferrari\" target=\"_blank\" rel=\"noreferrer noopener nofollow\" class=\"break-word font-articleLinkText text-articleLinkText hover:text-articleLinkTextHover hover:bg-articleLinkTextHoverBg cursor-pointer border-solid border-b-articleLinkTextHover\">Ferrari<\/a> <\/strong>luego del Gran Premio de Singapur 2025. <strong><a href=\"https:\/\/bolavip.com\/mx\/tema\/charles-leclerc\" target=\"_blank\" rel=\"noreferrer noopener nofollow\" class=\"break-word font-articleLinkText text-articleLinkText hover:text-articleLinkTextHover hover:bg-articleLinkTextHoverBg cursor-pointer border-solid border-b-articleLinkTextHover\">Charles Leclerc<\/a><\/strong> se mostr\u00f3 cr\u00edtico tanto con el coche como con las estrategias de esta temporada y esto hiri\u00f3 susceptibilidades puertas adentro seg\u00fan Corriere dello Sport. Adem\u00e1s, este mismo medio inform\u00f3 que <strong>Fred Vasseur tuvo una tensa discusi\u00f3n con uno de los ingenieros m\u00e1s importantes<\/strong> y el ambiente es malo de cara a la recta final del curso.<\/p>\n<p data-testid=\"paragraph\" class=\"mb-[20px] md:mb-[30px] break-word\">Por si fuera poco, ahora entr\u00f3 en escena el agente de Leclerc, Nicholas Todt. En declaraciones recogidas por Straits Times, manifest\u00f3: <strong>\u201cHa disputado muchas temporadas con Ferrari y necesita ya un coche ganador\u201d<\/strong>. Acto seguido, anticip\u00f3 un <strong>\u201cmercado de fichajes muy intenso\u201d<\/strong> luego de la temporada 2026.<\/p>\n<p data-testid=\"paragraph\" class=\"mb-[20px] md:mb-[30px] break-word\">Por \u00faltimo, otro medio italiano de renombre como lo es La Gazzetta dello Sport public\u00f3 sobre la situaci\u00f3n: \u201c<strong>La paciencia del so\u00f1ador Leclerc podr\u00eda agotarse pronto<\/strong>. Vasseur sigue negando la evidencia de los decepcionantes resultados. En cambio, Leclerc ha parecido la voz m\u00e1s realista del equipo en las \u00faltimas semanas. Las relaciones dentro del equipo son tensas entre los distintos departamentos de la \u2018Gestione Sportiva&#8217;\u201d.<\/p>\n<p><img decoding=\"async\" src=\"https:\/\/www.europesays.com\/es\/wp-content\/uploads\/2025\/10\/BMX_20251008_BMX_370060_GettyImages-2238732072-1024x683_a7ed7bcb.webp&#038;width=1024&#038;height=683.webp\" width=\"1024\" height=\"683\" alt=\"Charles Leclerc est\u00e1 frustrado en Ferrari (GETTY IMAGES)\" class=\"h-auto\" loading=\"lazy\"\/><\/p>\n<p class=\"text-center mt-5 text-[14px] leading-[20px] font-normal\">Charles Leclerc est\u00e1 frustrado en Ferrari (GETTY IMAGES)<\/p>\n<p>\u00bfA d\u00f3nde podr\u00eda ir Charles Leclerc y qui\u00e9n ser\u00eda su reemplazo en Ferrari?<\/p>\n<p data-testid=\"paragraph\" class=\"mb-[20px] md:mb-[30px] break-word\">Los primeros rumores colocan a <strong>Leclerc en el radar de Aston Martin y Mercedes<\/strong> para la temporada 2027. Mientras tanto, seg\u00fan Blick, <strong>el piloto que podr\u00eda ocupar la butaca que dejar\u00eda vacante Charles en Ferrari ser\u00eda <a href=\"https:\/\/bolavip.com\/mx\/tema\/oscar-piastri\" target=\"_blank\" rel=\"noreferrer noopener nofollow\" class=\"break-word font-articleLinkText text-articleLinkText hover:text-articleLinkTextHover hover:bg-articleLinkTextHoverBg cursor-pointer border-solid border-b-articleLinkTextHover\">Oscar Piastri<\/a><\/strong>, actual l\u00edder del Mundial con la escuder\u00eda McLaren.<\/p>\n<p><a title=\"\u00bfQu\u00e9 necesita Max Verstappen para quitarle a McLaren el Mundial de Pilotos 2025 de la F1?\" href=\"https:\/\/bolavip.com\/mx\/f1\/que-necesita-max-verstappen-para-quitarle-a-mclaren-el-mundial-de-pilotos-2025-de-la-f1\" target=\"_self\" rel=\"nofollow noopener\" class=\"article-also-read-embed\"><img decoding=\"async\" class=\"aspect-square max-w-[100px] m-[10px] md:m-0\" src=\"https:\/\/www.europesays.com\/es\/wp-content\/uploads\/2025\/10\/1759943352_106_image\" alt=\"\u00bfQu\u00e9 necesita Max Verstappen para quitarle a McLaren el Mundial de Pilotos 2025 de la F1?\" width=\"200\" height=\"200\" loading=\"lazy\"\/><\/p>\n<p class=\"font-secondary my-[13px] uppercase text-alsoReadSeeAlso bg-alsoReadSeeAlsoBackground alsoReadSeeAlso w-fit\">ver tambi\u00e9n<\/p>\n<p class=\"w-full line-clamp-3 md:line-clamp-2 text-alsoReadEmbedTitle font-primary alsoReadLink\">\u00bfQu\u00e9 necesita Max Verstappen para quitarle a McLaren el Mundial de Pilotos 2025 de la F1?<\/p>\n<p><\/a>La tabla del Mundial de Pilotos 2025 de la F1:<\/p>\n<ol class=\"list-decimal ps-10 mb-[20px] md:mb-[30px]\">\n<li class=\"break-word\"><strong>Oscar Piastri<\/strong> (McLaren) \u2013 336<\/li>\n<li class=\"break-word\"><strong>Lando Norris<\/strong> (McLaren) \u2013 314<\/li>\n<li class=\"break-word\"><strong>Max Verstappen<\/strong> (Red Bull) \u2013 273<\/li>\n<li class=\"break-word\"><strong>George Russell<\/strong> (Mercedes) \u2013 237<\/li>\n<li class=\"break-word\"><strong>Charles Leclerc<\/strong> (Ferrari) \u2013 173<\/li>\n<li class=\"break-word\"><strong>Lewis Hamilton<\/strong> (Ferrari) \u2013 125<\/li>\n<li class=\"break-word\"><strong>Kimi Antonelli<\/strong> (Mercedes) \u2013 88<\/li>\n<li class=\"break-word\"><strong>Alex Albon<\/strong> (Williams) \u2013 70<\/li>\n<li class=\"break-word\"><strong>Isack Hadjar<\/strong> (Racing Bulls) \u2013 39<\/li>\n<li class=\"break-word\"><strong>Nico H\u00fclkenberg<\/strong> (Kick Sauber) \u2013 37<\/li>\n<li class=\"break-word\"><strong>Fernando Alonso<\/strong> (Aston Martin) \u2013 36<\/li>\n<li class=\"break-word\"><strong>Lance Stroll<\/strong> (Aston Martin) \u2013 32<\/li>\n<li class=\"break-word\"><strong>Carlos Sainz<\/strong> (Williams) \u2013 32<\/li>\n<li class=\"break-word\"><strong>Liam Lawson<\/strong> (Racing Bulls) \u2013 30<\/li>\n<li class=\"break-word\"><strong>Esteban Ocon<\/strong> (Haas) \u2013 28<\/li>\n<li class=\"break-word\"><strong>Pierre Gasly<\/strong> (Alpine) \u2013 20<\/li>\n<li class=\"break-word\"><strong>Yuki Tsunoda<\/strong> (Red Bull) \u2013 20<\/li>\n<li class=\"break-word\"><strong>Gabriel Bortoleto<\/strong> (Kick Sauber) \u2013 18<\/li>\n<li class=\"break-word\"><strong>Oliver Bearman<\/strong> (Haas) \u2013 18<\/li>\n<li class=\"break-word\"><strong>Franco Colapinto<\/strong> (Alpine) \u2013 0<\/li>\n<li class=\"break-word\"><strong>Jack Doohan<\/strong> (Alpine) \u2013 0<\/li>\n<\/ol>\n","protected":false},"excerpt":{"rendered":"El caos se adue\u00f1\u00f3 de Ferrari luego del Gran Premio de Singapur 2025. Charles Leclerc se mostr\u00f3 cr\u00edtico&hellip;\n","protected":false},"author":2,"featured_media":163305,"comment_status":"","ping_status":"","sticky":false,"template":"","format":"standard","meta":{"footnotes":""},"categories":[270],"tags":[2102,168,25,24,306,2091,271,272,23,167],"class_list":{"0":"post-163304","1":"post","2":"type-post","3":"status-publish","4":"format-standard","5":"has-post-thumbnail","7":"category-formula-1","8":"tag-charles-leclerc","9":"tag-deportes","10":"tag-es","11":"tag-espana","12":"tag-f1","13":"tag-ferrari","14":"tag-formula-1","15":"tag-formula1","16":"tag-spain","17":"tag-sports"},"share_on_mastodon":{"url":"","error":""},"_links":{"self":[{"href":"https:\/\/www.europesays.com\/es\/wp-json\/wp\/v2\/posts\/163304","targetHints":{"allow":["GET"]}}],"collection":[{"href":"https:\/\/www.europesays.com\/es\/wp-json\/wp\/v2\/posts"}],"about":[{"href":"https:\/\/www.europesays.com\/es\/wp-json\/wp\/v2\/types\/post"}],"author":[{"embeddable":true,"href":"https:\/\/www.europesays.com\/es\/wp-json\/wp\/v2\/users\/2"}],"replies":[{"embeddable":true,"href":"https:\/\/www.europesays.com\/es\/wp-json\/wp\/v2\/comments?post=163304"}],"version-history":[{"count":0,"href":"https:\/\/www.europesays.com\/es\/wp-json\/wp\/v2\/posts\/163304\/revisions"}],"wp:featuredmedia":[{"embeddable":true,"href":"https:\/\/www.europesays.com\/es\/wp-json\/wp\/v2\/media\/163305"}],"wp:attachment":[{"href":"https:\/\/www.europesays.com\/es\/wp-json\/wp\/v2\/media?parent=163304"}],"wp:term":[{"taxonomy":"category","embeddable":true,"href":"https:\/\/www.europesays.com\/es\/wp-json\/wp\/v2\/categories?post=163304"},{"taxonomy":"post_tag","embeddable":true,"href":"https:\/\/www.europesays.com\/es\/wp-json\/wp\/v2\/tags?post=163304"}],"curies":[{"name":"wp","href":"https:\/\/api.w.org\/{rel}","templated":true}]}}